{"id":642938,"date":"2026-01-05T17:21:12","date_gmt":"2026-01-05T17:21:12","guid":{"rendered":"https:\/\/www.europesays.com\/fr\/642938\/"},"modified":"2026-01-05T17:21:12","modified_gmt":"2026-01-05T17:21:12","slug":"une-dictee-dans-une-eglise-ca-vous-dit","status":"publish","type":"post","link":"https:\/\/www.europesays.com\/fr\/642938\/","title":{"rendered":"une dict\u00e9e dans une \u00e9glise, \u00e7a vous dit\u00a0?"},"content":{"rendered":"<p>Avec plus de 10\u00a0000 personnes accueillies au <a href=\"https:\/\/www.dna.fr\/culture-loisirs\/2025\/12\/16\/le-festival-de-noel-fait-son-retour-a-saint-guillaume\" target=\"_blank\" rel=\"noopener\">Festival de No\u00ebl<\/a> en d\u00e9cembre et \u00ab\u00a0la barre incroyable des 100\u00a0000 spectateurs atteinte sur l\u2019ann\u00e9e 2025\u00a0\u00bb, pr\u00e9cise son pr\u00e9sident, Cyril Pallaud, Passions crois\u00e9es, \u00ab\u00a0partie de rien il y a trois ans\u00a0\u00bb, n\u2019en finit pas de battre des records de fr\u00e9quentation \u00e0 l\u2019\u00e9glise Saint-Guillaume.<\/p>\n<p>Jamais \u00e0 court d\u2019id\u00e9es, l\u2019association a programm\u00e9 deux nouveaux rendez-vous en ce d\u00e9but d\u2019ann\u00e9e. Elle lance ainsi, \u00e0 compter du mercredi 7\u00a0janvier et en collaboration avec Fran\u00e7ois Wolfermann, la \u201cdict\u00e9e de Saint-Guillaume\u201d, rendez-vous imagin\u00e9 par Guillem Aubry qui reviendra chaque premier mercredi du mois \u00e0 18\u00a0h.<\/p>\n<p>  Dict\u00e9e et correction dans la foul\u00e9e<\/p>\n<p>L\u2019entr\u00e9e est gratuite, sur r\u00e9servation (places limit\u00e9es obligent). \u00ab\u00a0L\u2019id\u00e9e est que la litt\u00e9rature soit pr\u00e9sente tout au long de l\u2019ann\u00e9e. Durant la p\u00e9riode de No\u00ebl, j\u2019ai \u00e9t\u00e9 touch\u00e9 par la foule pr\u00e9sente chaque jour\u00a0: les Strasbourgeois se sont vraiment appropri\u00e9 le lieu. Ils s\u2019y sentent bien, s\u2019y donnent rendez-vous pour \u00e9changer, boire un chocolat. Mon objectif est que l\u2019\u00e9glise vive ainsi tout au long de l\u2019ann\u00e9e et soit la maison de tous\u00a0\u00bb, indique le pianiste et directeur artistique de Passions crois\u00e9es.<\/p>\n<p>Au programme\u00a0: une \u0153uvre litt\u00e9raire \u00ab\u00a0\u00e0 la Bernard Pivot\u00a0\u00bb, avec une correction dans la foul\u00e9e, le temps de profiter du salon de th\u00e9 \u00e9ph\u00e9m\u00e8re pour les participants. Quant au gagnant, il repartira avec une place de concert offerte. La premi\u00e8re s\u00e9ance est h\u00e9las compl\u00e8te, mais il est d\u00e9j\u00e0 possible de s\u2019inscrire pour celle du 4\u00a0f\u00e9vrier\u00a0!<\/p>\n<p>  Un atelier mensuel pour affiner l\u2019\u00e9coute<\/p>\n<p>Seconde nouveaut\u00e9, un atelier (\u00e9galement gratuit) propos\u00e9 dans la continuit\u00e9 des Ateliers op\u00e9ra mensuels de Guillem Aubry. \u00ab\u00a0On s\u2019est laiss\u00e9 d\u00e9border par ces ateliers. Il y a pr\u00e8s de 100 personnes \u00e0 chaque fois\u00a0! Mais on souhaitait \u00e9galement proposer une formule plus interactive\u00a0\u00bb, explique Cyril Pallaud.<\/p>\n<p>L\u2019objectif est simple\u00a0: d\u00e9passer la question du \u201cj\u2019aime\/j\u2019aime pas\u201d un concert ou une musique, en essayant de comprendre pourquoi. L\u2019atelier est limit\u00e9 25 personnes, pour pouvoir \u00e9changer en direct. Il se passera dans la chapelle, avec renfort du piano \u00e0 queue, du grand \u00e9cran et d\u2019enceintes. L\u2019objectif est que les participants puissent r\u00e9pondre aux questions suivantes\u00a0: Est-ce que le musicien a bien jou\u00e9, oui ou non\u00a0? Le chanteur \u00e9tait-il trop bas, a-t-il bien prononc\u00e9\u00a0? Quelle est la version que je pr\u00e9f\u00e8re de telle ou telle \u0153uvre et pourquoi\u00a0?<\/p>\n<p>Ce contenu est bloqu\u00e9 car vous n&rsquo;avez pas accept\u00e9 les cookies et autres traceurs.<\/p>\n<p>En cliquant sur \u00ab J\u2019accepte \u00bb, les cookies et autres traceurs seront d\u00e9pos\u00e9s et vous pourrez visualiser les contenus  (<a href=\"\" class=\"consentModule_policy\" target=\"_blank\" title=\"Consulter la politique de protection des donn\u00e9es du fournisseur\">plus d&rsquo;informations<\/a>).<\/p>\n<p>En cliquant sur \u00ab J\u2019accepte tous les cookies \u00bb, vous autorisez des d\u00e9p\u00f4ts de cookies et autres traceurs pour le stockage de vos donn\u00e9es sur nos sites et applications \u00e0 des fins de personnalisation et de ciblage publicitaire.<\/p>\n<p class=\"consentModule_secondaryText\">Vous gardez la possibilit\u00e9 de retirer votre consentement \u00e0 tout moment en consultant notre <a href=\"https:\/\/www.dna.fr\/protection-des-donnees\" target=\"_blank\" title=\"Consulter notre politique de protection des donn\u00e9es\" rel=\"noopener\">politique de protection des donn\u00e9es<\/a>. <br \/>&#13;<br \/>\n            <a href=\"https:\/\/www.dna.fr\/culture-loisirs\/2026\/01\/05\/javascript:Didomi.notice.show()\" class=\"consentModule_cmp\" target=\"_blank\" rel=\"noopener\">G\u00e9rer mes choix<\/a>&#13;\n        <\/p>\n<p>&#13;<br \/>\n                        J&rsquo;accepte&#13;<br \/>\n            J&rsquo;accepte tous les cookies&#13;\n        <\/p>\n<p>    <img class=\"placeholder-svg\" loading=\"lazy\" decoding=\"async\" src=\"https:\/\/cdn-files.prsmedia.fr\/files\/REDAC\/images\/svg\/placeholders\/facebook.svg\" alt=\"Facebook PlaceHolder\"\/><\/p>\n<p>\u00ab\u00a0Nous avons \u00e0 Strasbourg la chance d\u2019avoir un public assez exceptionnel, insiste Guillem Aubry. Il est cultiv\u00e9, curieux et en demande. On le ressent lors de nos concerts. Avec cet atelier, je souhaite leur proposer d\u2019affiner leur \u00e9coute.\u00a0\u00bb Gratuit sur r\u00e9servation, l\u2019atelier est ouvert \u00e0 tous, sans pr\u00e9requis, et sera propos\u00e9 chaque troisi\u00e8me mercredi de chaque mois \u00e0 18\u00a0h. Le premier rendez-vous est programm\u00e9 le 14\u00a0janvier.<\/p>\n<p>  R\u00e9ouverture le 24\u00a0janvier avec une nouvelle exposition<\/p>\n<p>\u00c0 noter aussi pour tous les amoureux de Saint-Guillaume, que <a href=\"https:\/\/www.dna.fr\/encadres\/2025\/12\/21\/saint-guillaume-un-appel-a-dons-pour-poursuivre-la-renovation\" target=\"_blank\" rel=\"noopener\">l\u2019\u00e9glise<\/a> est ferm\u00e9e \u00e0 la visite du 5 au 23\u00a0janvier. Pas de r\u00e9pit pour autant, car Passions crois\u00e9es accueillera un prestigieux Bal viennois le 17\u00a0janvier et le contre-t\u00e9nor Philippe Jaroussky le 20 (complet), sans compter les cours de yoga tous les mardis. La r\u00e9ouverture au public est programm\u00e9e le 24\u00a0janvier, avec le vernissage d\u2019une toute nouvelle exposition, intitul\u00e9e \u201cIls s\u2019aiment\u201d.<\/p>\n<p class=\"note\">Tout le programme sur www.passions-croisees.com. Informations\u00a0au 07\u00a071\u00a005\u00a037\u00a077.<\/p>\n","protected":false},"excerpt":{"rendered":"Avec plus de 10\u00a0000 personnes accueillies au Festival de No\u00ebl en d\u00e9cembre et \u00ab\u00a0la barre incroyable des 100\u00a0000&hellip;\n","protected":false},"author":2,"featured_media":642939,"comment_status":"","ping_status":"","sticky":false,"template":"","format":"standard","meta":{"footnotes":""},"categories":[2820],"tags":[1111,11,1687,2880,1777,674,107,1011,27,775,2410,873,12,2661,25,104,640,2879,1631],"class_list":{"0":"post-642938","1":"post","2":"type-post","3":"status-publish","4":"format-standard","5":"has-post-thumbnail","7":"category-strasbourg","8":"tag-actu","9":"tag-actualites","10":"tag-culture-loisirs","11":"tag-edition-strasbourg","12":"tag-eu","13":"tag-europe","14":"tag-fil-info","15":"tag-fr","16":"tag-france","17":"tag-grand-est","18":"tag-livres-bd","19":"tag-musique","20":"tag-news","21":"tag-patrimoine-culturel","22":"tag-republique-francaise","23":"tag-societe","24":"tag-strasbourg","25":"tag-strasbourg-ville","26":"tag-vie-associative"},"share_on_mastodon":{"url":"https:\/\/pubeurope.com\/@fr\/115843647697061531","error":""},"_links":{"self":[{"href":"https:\/\/www.europesays.com\/fr\/wp-json\/wp\/v2\/posts\/642938","targetHints":{"allow":["GET"]}}],"collection":[{"href":"https:\/\/www.europesays.com\/fr\/wp-json\/wp\/v2\/posts"}],"about":[{"href":"https:\/\/www.europesays.com\/fr\/wp-json\/wp\/v2\/types\/post"}],"author":[{"embeddable":true,"href":"https:\/\/www.europesays.com\/fr\/wp-json\/wp\/v2\/users\/2"}],"replies":[{"embeddable":true,"href":"https:\/\/www.europesays.com\/fr\/wp-json\/wp\/v2\/comments?post=642938"}],"version-history":[{"count":0,"href":"https:\/\/www.europesays.com\/fr\/wp-json\/wp\/v2\/posts\/642938\/revisions"}],"wp:featuredmedia":[{"embeddable":true,"href":"https:\/\/www.europesays.com\/fr\/wp-json\/wp\/v2\/media\/642939"}],"wp:attachment":[{"href":"https:\/\/www.europesays.com\/fr\/wp-json\/wp\/v2\/media?parent=642938"}],"wp:term":[{"taxonomy":"category","embeddable":true,"href":"https:\/\/www.europesays.com\/fr\/wp-json\/wp\/v2\/categories?post=642938"},{"taxonomy":"post_tag","embeddable":true,"href":"https:\/\/www.europesays.com\/fr\/wp-json\/wp\/v2\/tags?post=642938"}],"curies":[{"name":"wp","href":"https:\/\/api.w.org\/{rel}","templated":true}]}}