{"id":642946,"date":"2026-01-05T17:25:19","date_gmt":"2026-01-05T17:25:19","guid":{"rendered":"https:\/\/www.europesays.com\/fr\/642946\/"},"modified":"2026-01-05T17:25:19","modified_gmt":"2026-01-05T17:25:19","slug":"le-producteur-nantais-de-films-capricci-et-le-magazine-sofilm-cest-fini-cinema","status":"publish","type":"post","link":"https:\/\/www.europesays.com\/fr\/642946\/","title":{"rendered":"Le producteur nantais de films Capricci et le magazine Sofilm, c\u2019est fini ! . Cin\u00e9ma"},"content":{"rendered":"<p>C\u2019est le clap de fin. Le producteur nantais de films Capricci, la bo\u00eete qui \u00e9ditait le magazine Sofilm et la soci\u00e9t\u00e9 FTL Communication, charg\u00e9e de post-production, ont sombr\u00e9.<a href=\"https:\/\/nantes.maville.com\/actu\/actudet_-le-producteur-capricci-et-le-magazine-so-film-en-redressement-judiciaire-a-nantes-_52716-7083508_actu.Htm?utm_source=troove&amp;utm_medium=site\" target=\"_self\" rel=\"noopener\"> Dans un premier temps plac\u00e9es en redressement judiciaire, les entreprises<\/a> du Nantais Farid Lounas ont rapidement \u00e9t\u00e9 liquid\u00e9es par le tribunal de commerce de Nantes, d\u00e9but d\u00e9cembre. Une dizaine de salari\u00e9s sont impact\u00e9s par cette cessation d\u2019activit\u00e9s.<\/p>\n<p>Capricci (556 000 \u20ac de chiffres d\u2019affaires en 2023 et un r\u00e9sultat tout juste positif) affiche \u00e0 son compteur de nombreux films, comme Pasolini d\u2019Abel Ferrara, pour les plus anciens, ou Vincent doit mourir, en 2023. Le dirigeant \u00e9voquait dans nos colonnes une ann\u00e9e 2025 noire pour le cin\u00e9ma et le report de plusieurs longs-m\u00e9trages.<\/p>\n<p>Soup\u00e7ons de fraudes<\/p>\n<p>Malheureusement, d\u2019autres menaces pesaient sur Capricci. <a href=\"https:\/\/nantes.maville.com\/actu\/actudet_--vincent-doit-mourir-le-film-coproduit-par-le-nantais-capricci-dans-le-collimateur-_8-7091627_actu.Htm?utm_source=troove&amp;utm_medium=site\" target=\"_self\" rel=\"noopener\">Le film \u00ab Vincent doit mourir \u00bb, en partie tourn\u00e9 dans la r\u00e9gion, a \u00e9t\u00e9 \u00e9pingl\u00e9 l\u2019an dernier par le Centre national du cin\u00e9ma. Apr\u00e8s plusieurs mois de contr\u00f4le des finances du film qui a co\u00fbt\u00e9 environ quatre millions d\u2019euros, le CNC soup\u00e7onne des abus de biens sociaux.<\/a> Il l\u2019a signal\u00e9 au parquet de Nantes (Loire-Atlantique) qui d\u00e9cidera de suites \u00e0 donner.<\/p>\n<p>Le cofondateur de Capricci et fr\u00e8re de Farid, Thierry Lounas, est aussi vis\u00e9 par une plainte pour viol pour des faits qui remonteraient \u00e0 2010. Une enqu\u00eate a \u00e9t\u00e9 ouverte par le parquet de Bordeaux (Gironde). Une dizaine de femmes l\u2019accuseraient, lui et sa compagne, de violences sexuelles et de harc\u00e8lement.<\/p>\n<p>\u00a0<\/p>\n","protected":false},"excerpt":{"rendered":"C\u2019est le clap de fin. Le producteur nantais de films Capricci, la bo\u00eete qui \u00e9ditait le magazine Sofilm&hellip;\n","protected":false},"author":2,"featured_media":642947,"comment_status":"","ping_status":"","sticky":false,"template":"","format":"standard","meta":{"footnotes":""},"categories":[2818],"tags":[1111,11,67909,1777,674,1346,36905,1011,27,1031,4715,766,12,2636,22284,25,19917],"class_list":{"0":"post-642946","1":"post","2":"type-post","3":"status-publish","4":"format-standard","5":"has-post-thumbnail","7":"category-nantes","8":"tag-actu","9":"tag-actualites","10":"tag-capricci","11":"tag-eu","12":"tag-europe","13":"tag-films","14":"tag-fini","15":"tag-fr","16":"tag-france","17":"tag-magazine","18":"tag-nantais","19":"tag-nantes","20":"tag-news","21":"tag-pays-de-la-loire","22":"tag-producteur","23":"tag-republique-francaise","24":"tag-sofilm"},"share_on_mastodon":{"url":"https:\/\/pubeurope.com\/@fr\/115843663363590955","error":""},"_links":{"self":[{"href":"https:\/\/www.europesays.com\/fr\/wp-json\/wp\/v2\/posts\/642946","targetHints":{"allow":["GET"]}}],"collection":[{"href":"https:\/\/www.europesays.com\/fr\/wp-json\/wp\/v2\/posts"}],"about":[{"href":"https:\/\/www.europesays.com\/fr\/wp-json\/wp\/v2\/types\/post"}],"author":[{"embeddable":true,"href":"https:\/\/www.europesays.com\/fr\/wp-json\/wp\/v2\/users\/2"}],"replies":[{"embeddable":true,"href":"https:\/\/www.europesays.com\/fr\/wp-json\/wp\/v2\/comments?post=642946"}],"version-history":[{"count":0,"href":"https:\/\/www.europesays.com\/fr\/wp-json\/wp\/v2\/posts\/642946\/revisions"}],"wp:featuredmedia":[{"embeddable":true,"href":"https:\/\/www.europesays.com\/fr\/wp-json\/wp\/v2\/media\/642947"}],"wp:attachment":[{"href":"https:\/\/www.europesays.com\/fr\/wp-json\/wp\/v2\/media?parent=642946"}],"wp:term":[{"taxonomy":"category","embeddable":true,"href":"https:\/\/www.europesays.com\/fr\/wp-json\/wp\/v2\/categories?post=642946"},{"taxonomy":"post_tag","embeddable":true,"href":"https:\/\/www.europesays.com\/fr\/wp-json\/wp\/v2\/tags?post=642946"}],"curies":[{"name":"wp","href":"https:\/\/api.w.org\/{rel}","templated":true}]}}