{"id":642959,"date":"2026-01-05T17:32:13","date_gmt":"2026-01-05T17:32:13","guid":{"rendered":"https:\/\/www.europesays.com\/fr\/642959\/"},"modified":"2026-01-05T17:32:13","modified_gmt":"2026-01-05T17:32:13","slug":"quelle-sanction-contre-les-ultras-lillois-apres-les-incidents-face-a-rennes","status":"publish","type":"post","link":"https:\/\/www.europesays.com\/fr\/642959\/","title":{"rendered":"quelle sanction contre les ultras lillois apr\u00e8s les incidents face \u00e0 Rennes?"},"content":{"rendered":"<p>Alors qu&rsquo;une partie de la tribune des Dogues Virage Est \u00e9tait condamn\u00e9e samedi face \u00e0 Rennes en Ligue 1, le kop de supporters \u00e9tait dans une autre partie du stade Pierre-Mauroy. Une pr\u00e9sence qui pourrait entra\u00eener une sanction.<\/p>\n<p><a href=\"https:\/\/rmcsport.bfmtv.com\/football\/ligue-1\/direct-lille-rennes-suivez-le-match-de-la-17e-journee-de-ligue-1_LS-202601030242.html\" title=\"Lille-Rennes: gros coup du Stade Rennais, qui remporte le choc des outsiders\" class=\"internal_link\" target=\"_blank\" rel=\"noopener\">Samedi 3 janvier face \u00e0 Rennes<\/a>, le virage Est du stade Pierre Mauroy \u00e9tait presque vide. Cette fermeture partielle a \u00e9t\u00e9 d\u00e9cid\u00e9 par la Commission de discipline de la LFP \u202fpour un match ferme et un match avec sursis, apr\u00e8s l\u2019usage d\u2019engins pyrotechniques survenu lors de la r\u00e9ception de l\u2019OM le 5 d\u00e9cembre dernier. Sauf que les Dogues Virage Est (DVE) se sont expatri\u00e9s un peu plus haut dans la tribune et ont exprim\u00e9 leur m\u00e9contentement contre les m\u00e9dias, l\u2019arbitre ou encore la Ligue, \u00e0 travers des chants insultants et homophobes et une banderole: \u00ab\u00a0LFP, toujours pas de bonnes r\u00e9solutions, toujours aussi cons\u00a0\u00bb.<\/p>\n<p><a href=\"https:\/\/rmcsport.bfmtv.com\/football\/ligue-1\/lille-rennes-une-decision-qui-doit-etre-prise-que-ce-soit-a-la-1e-minute-ou-a-la-90e-l-arbitre-prend-la-parole-sur-le-carton-rouge-a-l-origine-de-la-colere-de-letang-et-genesio_AN-202601030342.html\" title=\"Lille-Rennes: &quot;Une d\u00e9cision qui doit \u00eatre prise que ce soit \u00e0 la 1e minute ou \u00e0 la 90e&quot;, l&#039;arbitre prend la parole sur le carton rouge \u00e0 l&#039;origine de la col\u00e8re de L\u00e9tang et Genesio\" class=\"internal_link\" target=\"_blank\" rel=\"noopener\">Sur les faits qui se sont produits dans les tribunes de Lille ce week-end<\/a>, le Losc risque un huis clos partiel ou total de son stade. La commission de discipline devrait mettre ce dossier en instruction et donner une d\u00e9cision dans plusieurs jours sur la suite.<\/p>\n<p>Une soir\u00e9e difficile dans le Nord<\/p>\n<p>Battu par Rennes dans ce choc pour l\u2019Europe, Lille a connu une soir\u00e9e mouvement\u00e9e. Pendant que <a href=\"https:\/\/rmcsport.bfmtv.com\/football\/ligue-1\/lille-rennes-pourquoi-genesio-a-snobe-la-conference-de-presse-d-apres-match_AV-202601030340.html\" title=\"Lille-Rennes: pourquoi Genesio a snob\u00e9 la conf\u00e9rence de presse d&#039;apr\u00e8s-match\" class=\"internal_link\" target=\"_blank\" rel=\"noopener\">Bruno Genesio a zapp\u00e9 la conf\u00e9rence de presse<\/a> &#8211; officiellement pour \u00ab\u00a0un choix personnel\u00a0\u00bb &#8211; <a href=\"https:\/\/rmcsport.bfmtv.com\/football\/ligue-1\/lille-rennes-c-est-une-honte-c-est-un-scandale-le-coup-de-gueule-de-letang-envers-l-arbitre-a-la-mi-temps-apres-un-carton-rouge-litigieux_AV-202601030315.html\" title=\"Lille-Rennes: &quot;C&#039;est une honte! C&#039;est un scandale!&quot;, le coup de gueule de L\u00e9tang envers l&#039;arbitre \u00e0 la mi-temps apr\u00e8s un carton rouge litigieux\" class=\"internal_link\" target=\"_blank\" rel=\"noopener\">Olivier L\u00e9tang s\u2019est emport\u00e9<\/a> dans les couloirs de Pierre-Mauroy, furieux des d\u00e9cisions arbitrales, notamment sur le carton rouge inflig\u00e9 \u00e0 Alexsandro. \u00ab\u00a0Vous savez ce que vous avez fait! C&rsquo;est une honte! C&rsquo;est un scandale! J&rsquo;en reviens pas! Vous n&rsquo;\u00eates m\u00eame pas capable de parler calmement!\u00a0\u00bb, avait pest\u00e9 le pr\u00e9sident lillois \u00e0 la pause.<\/p>\n<p>Adversaire des Lillois samedi, Habib Beye a regrett\u00e9 certaines attitudes. \u00ab\u00a0On a assez d\u2019exp\u00e9rience pour savoir qu\u2019on ne doit se pr\u00e9occuper que de ce qu\u2019on peut contr\u00f4ler et \u00e7a se passe sur le rectangle vert. Maintenant, les d\u00e9cisions arbitrales, on peut les contester ou ne pas \u00eatre d\u2019accord. Mais on est sur le terrain et il n\u2019y a que l\u00e0 o\u00f9 on peut affecter le score\u00a0\u00bb, affirmait le coach de Rennes en conf\u00e9rence de presse.<\/p>\n<p>AS avec Nicolas Pelletier<\/p>\n","protected":false},"excerpt":{"rendered":"Alors qu&rsquo;une partie de la tribune des Dogues Virage Est \u00e9tait condamn\u00e9e samedi face \u00e0 Rennes en Ligue&hellip;\n","protected":false},"author":2,"featured_media":642960,"comment_status":"","ping_status":"","sticky":false,"template":"","format":"standard","meta":{"footnotes":""},"categories":[2815],"tags":[1111,11,1777,674,1011,27,811,1307,12,25],"class_list":{"0":"post-642959","1":"post","2":"type-post","3":"status-publish","4":"format-standard","5":"has-post-thumbnail","7":"category-lille","8":"tag-actu","9":"tag-actualites","10":"tag-eu","11":"tag-europe","12":"tag-fr","13":"tag-france","14":"tag-hauts-de-france","15":"tag-lille","16":"tag-news","17":"tag-republique-francaise"},"share_on_mastodon":{"url":"https:\/\/pubeurope.com\/@fr\/115843690993857595","error":""},"_links":{"self":[{"href":"https:\/\/www.europesays.com\/fr\/wp-json\/wp\/v2\/posts\/642959","targetHints":{"allow":["GET"]}}],"collection":[{"href":"https:\/\/www.europesays.com\/fr\/wp-json\/wp\/v2\/posts"}],"about":[{"href":"https:\/\/www.europesays.com\/fr\/wp-json\/wp\/v2\/types\/post"}],"author":[{"embeddable":true,"href":"https:\/\/www.europesays.com\/fr\/wp-json\/wp\/v2\/users\/2"}],"replies":[{"embeddable":true,"href":"https:\/\/www.europesays.com\/fr\/wp-json\/wp\/v2\/comments?post=642959"}],"version-history":[{"count":0,"href":"https:\/\/www.europesays.com\/fr\/wp-json\/wp\/v2\/posts\/642959\/revisions"}],"wp:featuredmedia":[{"embeddable":true,"href":"https:\/\/www.europesays.com\/fr\/wp-json\/wp\/v2\/media\/642960"}],"wp:attachment":[{"href":"https:\/\/www.europesays.com\/fr\/wp-json\/wp\/v2\/media?parent=642959"}],"wp:term":[{"taxonomy":"category","embeddable":true,"href":"https:\/\/www.europesays.com\/fr\/wp-json\/wp\/v2\/categories?post=642959"},{"taxonomy":"post_tag","embeddable":true,"href":"https:\/\/www.europesays.com\/fr\/wp-json\/wp\/v2\/tags?post=642959"}],"curies":[{"name":"wp","href":"https:\/\/api.w.org\/{rel}","templated":true}]}}