{"id":642970,"date":"2026-01-05T17:39:15","date_gmt":"2026-01-05T17:39:15","guid":{"rendered":"https:\/\/www.europesays.com\/fr\/642970\/"},"modified":"2026-01-05T17:39:15","modified_gmt":"2026-01-05T17:39:15","slug":"le-programme-des-vols-reduit-de-15-dans-les-aeroports-parisiens-la-circulation-des-bus-interrompue-en-ile-de-france","status":"publish","type":"post","link":"https:\/\/www.europesays.com\/fr\/642970\/","title":{"rendered":"le programme des vols r\u00e9duit de 15\u00a0% dans les a\u00e9roports parisiens\u00a0; la circulation des bus interrompue en Ile-de-France"},"content":{"rendered":"<p>                      <img loading=\"lazy\" decoding=\"async\" src=\"https:\/\/www.europesays.com\/fr\/wp-content\/uploads\/2026\/01\/cd4707c_ftp-1-huphlioxl1uc-5806106-01-06.jpg\" alt=\"Une \u00e9paisse couche de neige recouvre une route bord\u00e9e d\u2019arbres \u00e0 Croisilles (Calvados), dans le nord-ouest de la France, le 5\u00a0janvier\u00a02026.\"   width=\"664\" height=\"443\"\/>    Une \u00e9paisse couche de neige recouvre une route bord\u00e9e d\u2019arbres \u00e0 Croisilles (Calvados), dans le nord-ouest de la France, le 5\u00a0janvier\u00a02026.  LOU BENOIST \/ AFP                        <\/p>\n<p class=\"article__paragraph  \">La neige <a href=\"https:\/\/www.lemonde.fr\/planete\/article\/2026\/01\/05\/neige-et-verglas-la-vigilance-orange-s-etend-a-26-departements_6660578_3245.html\" target=\"_blank\" rel=\"noopener\" title=\"Nouvelle fen\u00eatre\">tomb\u00e9e en abondance lundi 5\u00a0janvier en r\u00e9gion parisienne et sur l\u2019ouest de la France<\/a> provoque d\u2019importantes perturbations routi\u00e8res, particuli\u00e8rement en Normandie, plac\u00e9e en vigilance orange pour neige-verglas comme la Bretagne. En Ile-de-France, aussi plac\u00e9e en vigilance orange, <a href=\"https:\/\/www.ratp.fr\/\" target=\"_blank\" rel=\"noopener\" title=\"Nouvelle fen\u00eatre\">la RATP a annonc\u00e9 sur son site, dans l\u2019apr\u00e8s-midi, l\u2019interruption<\/a> de l\u2019exploitation de son r\u00e9seau de bus, en pr\u00e9cisant que celle du r\u00e9seau Noctilien pourrait \u00eatre tr\u00e8s perturb\u00e9e ou interrompue.<\/p>\n<p class=\"article__paragraph  \">En revanche, l\u2019ensemble des lignes de m\u00e9tro et de RER fonctionnent normalement. Sur le r\u00e9seau tramway, le trafic est \u00ab\u00a0partiellement interrompu\u00a0\u00bb sur les lignes T5, au nord de Paris, et T6, au sud-ouest, en raison \u00ab\u00a0des chutes de neige persistantes sur la plateforme des voies\u00a0\u00bb, a expliqu\u00e9 l\u2019entreprise. Pour \u00e9viter le gel sur son r\u00e9seau ferr\u00e9, la RATP fait circuler des trains toute la nuit sur toutes les lignes de tramway, ainsi que sur les lignes de m\u00e9tro et de RER ayant une partie a\u00e9rienne.<\/p>\n<p class=\"article__paragraph  \">La neige a \u00e9galement eu des cons\u00e9quences sur le transport a\u00e9rien, les compagnies devant r\u00e9duire de 15\u00a0% le nombre de leurs vols dans les a\u00e9roports parisiens de Paris-Charles-de-Gaulle et Orly, a annonc\u00e9 le ministre des transports, Philippe Tabarot. Des mesures n\u00e9cessaires pour permettre les op\u00e9rations de d\u00e9neigement et de pr\u00e9paration des appareils. S\u2019agissant du transport ferroviaire, la vitesse des TGV est r\u00e9duite \u00e0 200\u00a0kilom\u00e8tres par heure (km\/h), au lieu de 300\u00a0km\/h, depuis ce matin \u2013 une mesure obligatoire, a d\u00e9clar\u00e9 la SNCF \u00e0 l\u2019Agence France-Presse (AFP).<\/p>\n<p>                                    Transports scolaires suspendus                  <\/p>\n<p class=\"article__paragraph  \"><a href=\"https:\/\/www.lemonde.fr\/planete\/article\/2026\/01\/05\/neige-et-verglas-la-vigilance-orange-s-etend-a-26-departements_6660578_3245.html\" target=\"_blank\" rel=\"noopener\">Vingt-six d\u00e9partements ont \u00e9t\u00e9 plac\u00e9s en vigilance orange<\/a> pour neige et verglas, notamment la Bretagne et la Normandie, o\u00f9 des chutes de neige soutenues ont balay\u00e9 les c\u00f4tes dans la matin\u00e9e, perturbant par endroits la circulation routi\u00e8re. Cette vigilance orange est valable jusqu\u2019\u00e0 mardi matin, et une nouvelle extension pourrait \u00eatre annonc\u00e9e dans la journ\u00e9e.<\/p>\n<p class=\"article__paragraph  \">Selon <a href=\"https:\/\/vigilance.meteofrance.fr\/fr\" target=\"_blank\" rel=\"noopener\" title=\"Nouvelle fen\u00eatre\">un nouveau bulletin m\u00e9t\u00e9orologique<\/a> publi\u00e9 \u00e0 16\u00a0heures, les pr\u00e9cipitations neigeuses persistent dans l\u2019int\u00e9rieur de la Bretagne, en Normandie et jusqu\u2019en r\u00e9gion parisienne. Les valeurs relev\u00e9es vont de 2 \u00e0 7\u00a0centim\u00e8tres (cm) en Normandie, localement 5 \u00e0 10\u00a0cm voire 15\u00a0cm sur les hauteurs et d\u00e9j\u00e0 quelques centim\u00e8tres en r\u00e9gion parisienne, d\u00e9taille l\u2019institut.<\/p>\n<p class=\"article__paragraph  \">Ces chutes de neige notables ont frapp\u00e9 aussi les r\u00e9seaux routiers et autoroutiers. En Ile-de-France, pr\u00e8s de 1\u00a0000\u00a0kilom\u00e8tres de bouchons ont \u00e9t\u00e9 recens\u00e9s peu apr\u00e8s 18\u00a0heures.<\/p>\n<p>                             <img loading=\"lazy\" decoding=\"async\" src=\"https:\/\/www.europesays.com\/fr\/wp-content\/uploads\/2026\/01\/f22642f_upload-1-c9vgnlmoqmpf-capture-d-ecran-2026-01-05-182231.png\" alt=\"Capture d\u2019\u00e9cran du Barom\u00e8tre de la circulation publi\u00e9 sur le Sytadin.fr. \"   width=\"664\" height=\"443\"\/>    Capture d\u2019\u00e9cran du Barom\u00e8tre de la circulation publi\u00e9 sur le Sytadin.fr.                        <\/p>\n<p class=\"article__paragraph  \">Dans la Manche et la Seine-Maritime, la neige provoque aussi de fortes perturbations sur certains axes routiers, comme l\u2019autoroute A84 dans la Manche ou les autoroutes A28 et A29 en Seine-Maritime, entre Rouen et Abbeville.<\/p>\n<p class=\"article__paragraph  \">En d\u00e9but d\u2019apr\u00e8s-midi, \u00ab\u00a0l\u2019autoroute A28 enregistrait de grosses difficult\u00e9s de circulation, dans le sens Abbeville-Rouen, du fait de poids lourds bloqu\u00e9s en travers des voies et emp\u00eachant le flux des v\u00e9hicules l\u00e9gers, \u00e0 l\u2019arr\u00eat derri\u00e8re eux\u00a0\u00bb, selon un communiqu\u00e9 de presse de la pr\u00e9fecture. Des d\u00e9panneurs poids lourds ont \u00e9t\u00e9 mobilis\u00e9s \u00ab\u00a0pour retirer des voies les v\u00e9hicules qui obstruent la circulation\u00a0\u00bb, a ajout\u00e9 la pr\u00e9fecture, qui demande aux usagers de la route de \u00ab\u00a0limiter ou reporter, autant que possible, leurs d\u00e9placements\u00a0\u00bb.<\/p>\n<p> Newsletter  <\/p>\n<p> <a href=\"https:\/\/www.lemonde.fr\/newsletters\/chaleur-humaine\/\" class=\"inread__link js-services-inread-link\" target=\"_blank\" rel=\"noopener\">  <\/p>\n<p>\u00ab Chaleur humaine \u00bb<\/p>\n<p>Comment faire face au d\u00e9fi climatique ? Chaque semaine, nos meilleurs articles sur le sujet<\/p>\n<p>S&rsquo;inscrire<\/p>\n<p> <\/a>             <\/p>\n<p class=\"article__paragraph  \">La neige a notamment perturb\u00e9 la circulation sur la rocade de Coutances (Manche), o\u00f9 les automobilistes ont \u00e9t\u00e9 contraints de stationner sur le bas-c\u00f4t\u00e9 le temps de d\u00e9gager les voies. En Bretagne ou en Normandie les transports scolaires ont \u00e9galement \u00e9t\u00e9 suspendus par mesure de pr\u00e9caution et la r\u00e9gion Normandie a reconduit cette mesure mardi pour \u00ab\u00a0l\u2019ensemble des lignes de transport scolaires et commerciales dans tous les d\u00e9partements normands\u00a0\u00bb.<\/p>\n<p>                                     Lire aussi |  <a href=\"https:\/\/www.lemonde.fr\/climat\/meteo\/\" class=\"js-article-read-also catcher--favoris__link\" data-premium=\"\" id=\"article-title-3446617\" target=\"_blank\" rel=\"noopener\">Quel temps fait-il pour la saison\u00a0? Retrouvez \u00ab\u00a0La M\u00e9t\u00e9o du Climat\u00a0\u00bb du jour dans votre ville<\/a>    <\/p>\n<p>   Lire plus tard  <\/p>\n<p class=\"author__detail\">  Le Monde avec AFP  <\/p>\n<p>                <a href=\"https:\/\/www.lemonde.fr\/syndication\/\" class=\"reuse__content\" title=\"R\u00e9utiliser ce contenu\" target=\"_blank\" rel=\"noopener\">R\u00e9utiliser ce contenu<\/a>      <\/p>\n","protected":false},"excerpt":{"rendered":"Une \u00e9paisse couche de neige recouvre une route bord\u00e9e d\u2019arbres \u00e0 Croisilles (Calvados), dans le nord-ouest de la&hellip;\n","protected":false},"author":2,"featured_media":642971,"comment_status":"","ping_status":"","sticky":false,"template":"","format":"standard","meta":{"footnotes":""},"categories":[1888],"tags":[1111,1928,11,1927,1777,674,1011,27,12,1926,626,1925,25],"class_list":{"0":"post-642970","1":"post","2":"type-post","3":"status-publish","4":"format-standard","5":"has-post-thumbnail","7":"category-paris","8":"tag-actu","9":"tag-actu-paris","10":"tag-actualites","11":"tag-actualites-paris","12":"tag-eu","13":"tag-europe","14":"tag-fr","15":"tag-france","16":"tag-news","17":"tag-news-paris","18":"tag-paris","19":"tag-paris-news","20":"tag-republique-francaise"},"share_on_mastodon":{"url":"https:\/\/pubeurope.com\/@fr\/115843718545148185","error":""},"_links":{"self":[{"href":"https:\/\/www.europesays.com\/fr\/wp-json\/wp\/v2\/posts\/642970","targetHints":{"allow":["GET"]}}],"collection":[{"href":"https:\/\/www.europesays.com\/fr\/wp-json\/wp\/v2\/posts"}],"about":[{"href":"https:\/\/www.europesays.com\/fr\/wp-json\/wp\/v2\/types\/post"}],"author":[{"embeddable":true,"href":"https:\/\/www.europesays.com\/fr\/wp-json\/wp\/v2\/users\/2"}],"replies":[{"embeddable":true,"href":"https:\/\/www.europesays.com\/fr\/wp-json\/wp\/v2\/comments?post=642970"}],"version-history":[{"count":0,"href":"https:\/\/www.europesays.com\/fr\/wp-json\/wp\/v2\/posts\/642970\/revisions"}],"wp:featuredmedia":[{"embeddable":true,"href":"https:\/\/www.europesays.com\/fr\/wp-json\/wp\/v2\/media\/642971"}],"wp:attachment":[{"href":"https:\/\/www.europesays.com\/fr\/wp-json\/wp\/v2\/media?parent=642970"}],"wp:term":[{"taxonomy":"category","embeddable":true,"href":"https:\/\/www.europesays.com\/fr\/wp-json\/wp\/v2\/categories?post=642970"},{"taxonomy":"post_tag","embeddable":true,"href":"https:\/\/www.europesays.com\/fr\/wp-json\/wp\/v2\/tags?post=642970"}],"curies":[{"name":"wp","href":"https:\/\/api.w.org\/{rel}","templated":true}]}}