{"id":642982,"date":"2026-01-05T17:45:10","date_gmt":"2026-01-05T17:45:10","guid":{"rendered":"https:\/\/www.europesays.com\/fr\/642982\/"},"modified":"2026-01-05T17:45:10","modified_gmt":"2026-01-05T17:45:10","slug":"tres-connu-aux-etats-unis-ce-geant-du-fast-food-debarque-pres-de-toulouse-une-premiere-dans-lagglo","status":"publish","type":"post","link":"https:\/\/www.europesays.com\/fr\/642982\/","title":{"rendered":"Tr\u00e8s connu aux Etats-Unis, ce g\u00e9ant du fast-food d\u00e9barque pr\u00e8s de Toulouse, une premi\u00e8re dans l&rsquo;agglo"},"content":{"rendered":"<p>                    Par<br \/>\n        <strong><br \/>\n            <a href=\"https:\/\/actu.fr\/auteur\/david-saint-sernin\" title=\"Consulter tous les articles de David Saint-Sernin\" target=\"_blank\" rel=\"noopener\">David Saint-Sernin<\/a><br \/>\n                    <\/strong><\/p>\n<p>        Publi\u00e9 le<\/p>\n<p>            5 janv. 2026 \u00e0 18h30        <\/p>\n<p>Une enseigne de restauration rapide in\u00e9dite<a href=\"https:\/\/actu.fr\/toulouse\/\" target=\"_blank\" rel=\"noopener\"> \u00e0 Toulouse<\/a> est en en train de pr\u00e9parer son arriv\u00e9e dans l\u2019agglo. Culte aux \u00c9tats-Unis, la cha\u00eene de restauration <strong>Wing Stop<\/strong> va en effet ouvrir un restaurant <a href=\"https:\/\/actu.fr\/occitanie\/blagnac_31069\/pres-de-toulouse-douze-enseignes-vont-ouvrir-dans-ce-centre-commercial-qui-concretise-surtout-un-gros-projet_63315484.html\" target=\"_blank\" rel=\"noopener\">dans le centre commercial Leclerc de Blagnac.<\/a> Les travaux sont en cours. On vous dit tout sur ce g\u00e9ant qui est pr\u00e9sent dans 13 pays et qui se lance \u00e0 la conqu\u00eate des estomacs toulousains.<\/p>\n<p>Ouverture pr\u00e9vue en f\u00e9vrier\u00a02026<\/p>\n<p class=\" wall-content\">C\u2019est une cha\u00eene de restauration tr\u00e8s appr\u00e9ci\u00e9e des Am\u00e9ricains qui d\u00e9barque pour la premi\u00e8re fois dans l\u2019agglo de Toulouse.<\/p>\n<p class=\" wall-content\">\u00c0 Blagnac, d\u00e8s le mois de f\u00e9vrier\u00a02026 selon le calendrier communiqu\u00e9 par le centre commercial, les amateurs de poulet qui croustille vont d\u00e9couvrir une carte qui a fait le succ\u00e8s de l\u2019enseigne\u2009: des wings, des burgers, des salades\u2026<\/p>\n<p>D\u00e9j\u00e0 \u00e0 Paris, \u00e0 Lille\u2026<\/p>\n<p class=\" wall-content\">Lanc\u00e9e au Texas en 1994, Wing Stop n\u2019a jamais cess\u00e9 de cro\u00eetre, devenant depuis un acteur incontournable de la street food internationale. L\u2019enseigne a export\u00e9 ses wings cuisin\u00e9es \u00e0 la demande sur plusieurs continents et notamment en Europe depuis 2018.<\/p>\n<p class=\" wall-content\">En France, un premier restaurant Wing Stop a \u00e9t\u00e9 ouvert \u00e0 La Valette-du-Var en 2019. En 2025, Wing Stop a poursuivi son d\u00e9veloppement en ouvrant un premier restaurant \u00e0 Paris, <a href=\"https:\/\/actu.fr\/hauts-de-france\/lille_59350\/lille-culte-aux-etats-unis-ce-geant-du-fast-food-debarque-a-westfield-euralille_62979109.html\" target=\"_blank\" rel=\"noopener\">puis \u00e0 Lille<\/a>.<\/p>\n<p>Wing Stop recrute<\/p>\n<p class=\" wall-content\">L\u2019arriv\u00e9e de Wing Stop, dans un centre commercial en pleine croissance de l\u2019agglo de Toulouse, marque une nouvelle \u00e9tape de son d\u00e9veloppement.<\/p>\n<p class=\" wall-content\">Les recrutements sont en cours. \u00c0 chaque ouverture de restaurant, Wing Stop recrute entre 20 et 30 salari\u00e9s.<\/p>\n<p class=\" wall-content\">L\u2019enseigne revendique actuellement plus de 2\u2009600 restaurants dans 13 pays diff\u00e9rents.<\/p>\n<p>Votre r\u00e9gion, votre actu !<\/p>\n<p>Recevez chaque jour les infos qui comptent pour vous.<\/p>\n<p>\t<a href=\"https:\/\/actu.fr\/newsletter\" class=\"ac-btn ac-btn--corner ac-btn--medium ac-btn--blue800\" target=\"_blank\" rel=\"noopener\">S&rsquo;incrire<\/a><\/p>\n<p>    <a href=\"https:\/\/www.google.com\/maps\/embed?pb=!1m18!1m12!1m3!1d310364.2374746715!2d1.1369823124553209!3d43.72104292798861!2m3!1f0!2f0!3f0!3m2!1i1024!2i768!4f13.1!3m3!1m2!1s0x12aea55c39cc2e8b%3A0xca5fe0d509e306bc!2sCentre%20Commercial%20Blagnac!5e0!3m2!1sfr!2sfr!4v1767622617450!5m2!1sfr!2sfr\" title=\"Ouvrie le lien\" target=\"_blank\" rel=\"noopener\">Cliquez ici pour visualiser le contenu<\/a><\/p>\n<p class=\" wall-content\">Personnalisez votre actualit\u00e9 en ajoutant vos villes et m\u00e9dias en favori avec <a href=\"https:\/\/moncompte.actu.fr\" title=\"D\u00e9couvez Mon Actu\" rel=\"nofollow noopener\" data-trk=\"{&quot;cta&quot;:{&quot;action&quot;:&quot;https:\\\/\\\/moncompte.actu.fr&quot;,&quot;category&quot;:&quot;mon compte&quot;,&quot;from&quot;:&quot;article footer&quot;,&quot;name&quot;:&quot;Mon actu&quot;,&quot;type&quot;:&quot;cta&quot;}}\" target=\"_blank\">Mon Actu<\/a>.<\/p>\n","protected":false},"excerpt":{"rendered":"Par David Saint-Sernin Publi\u00e9 le 5 janv. 2026 \u00e0 18h30 Une enseigne de restauration rapide in\u00e9dite \u00e0 Toulouse&hellip;\n","protected":false},"author":2,"featured_media":642983,"comment_status":"","ping_status":"","sticky":false,"template":"","format":"standard","meta":{"footnotes":""},"categories":[1589],"tags":[11,73,1866,12,2849,2850,104,1864,1865,1863,308],"class_list":{"0":"post-642982","1":"post","2":"type-post","3":"status-publish","4":"format-standard","5":"has-post-thumbnail","7":"category-etats-unis","8":"tag-actualites","9":"tag-etats-unis","10":"tag-etats-unis-damerique","11":"tag-news","12":"tag-nouveaux-commerces-a-toulouse","13":"tag-restaurants-de-toulouse","14":"tag-societe","15":"tag-united-states","16":"tag-united-states-of-america","17":"tag-us","18":"tag-usa"},"share_on_mastodon":{"url":"https:\/\/pubeurope.com\/@fr\/115843742113030899","error":""},"_links":{"self":[{"href":"https:\/\/www.europesays.com\/fr\/wp-json\/wp\/v2\/posts\/642982","targetHints":{"allow":["GET"]}}],"collection":[{"href":"https:\/\/www.europesays.com\/fr\/wp-json\/wp\/v2\/posts"}],"about":[{"href":"https:\/\/www.europesays.com\/fr\/wp-json\/wp\/v2\/types\/post"}],"author":[{"embeddable":true,"href":"https:\/\/www.europesays.com\/fr\/wp-json\/wp\/v2\/users\/2"}],"replies":[{"embeddable":true,"href":"https:\/\/www.europesays.com\/fr\/wp-json\/wp\/v2\/comments?post=642982"}],"version-history":[{"count":0,"href":"https:\/\/www.europesays.com\/fr\/wp-json\/wp\/v2\/posts\/642982\/revisions"}],"wp:featuredmedia":[{"embeddable":true,"href":"https:\/\/www.europesays.com\/fr\/wp-json\/wp\/v2\/media\/642983"}],"wp:attachment":[{"href":"https:\/\/www.europesays.com\/fr\/wp-json\/wp\/v2\/media?parent=642982"}],"wp:term":[{"taxonomy":"category","embeddable":true,"href":"https:\/\/www.europesays.com\/fr\/wp-json\/wp\/v2\/categories?post=642982"},{"taxonomy":"post_tag","embeddable":true,"href":"https:\/\/www.europesays.com\/fr\/wp-json\/wp\/v2\/tags?post=642982"}],"curies":[{"name":"wp","href":"https:\/\/api.w.org\/{rel}","templated":true}]}}