{"id":643005,"date":"2026-01-05T18:01:11","date_gmt":"2026-01-05T18:01:11","guid":{"rendered":"https:\/\/www.europesays.com\/fr\/643005\/"},"modified":"2026-01-05T18:01:11","modified_gmt":"2026-01-05T18:01:11","slug":"officiel-le-groupe-surprenant-de-lom-contre-le-psg-pour-le-trophee-des-champions-goal-com","status":"publish","type":"post","link":"https:\/\/www.europesays.com\/fr\/643005\/","title":{"rendered":"OFFICIEL &#8211; Le groupe surprenant de l\u2019OM contre le PSG pour le Troph\u00e9e des champions &#8211; Goal.com"},"content":{"rendered":"<ol>\n<li><a href=\"https:\/\/news.google.com\/rss\/articles\/CBMizAFBVV95cUxOTHFmaXpISl9ZTVk3eVpob0lIc2V6di1XMDZHTWVxazd5R0htZjdqNnlQS09PMURKSFU1TXJZVV9qMXdYS1BEdHZXRVJVdmNtZDdOMWZEZm51T1dreUw4ZnQ0SGR2YkNBZzhmNFF5eFZYNVFBM0hPSXVNSUl1eU54cmEwNXVHWVlCMFRta2NJNF9OdGZPVThoU3daeW84MGZwY0lob2Z4TjQwN2tqZlVuMm14TkR3SnVraE8yd0g5RzBqb0pOY2V6UnlueHQ?oc=5\" target=\"_blank\" rel=\"noopener\">OFFICIEL &#8211; Le groupe surprenant de l\u2019OM contre le PSG pour le Troph\u00e9e des champions<\/a>&nbsp;&nbsp;Goal.com<\/li>\n<li><a href=\"https:\/\/news.google.com\/rss\/articles\/CBMiowFBVV95cUxPbHpaeTd4Wkw4YVFYcWw3NmlUaTJZaDZGWU4xaC1MSHJTaDhQSGN2NHl0Rkl3T2syN1dZVTlSUnUzbmV0R2hwUzExTXlZQ2RPeUFBNTYtMzBoQnZLWHFIWEZZTmVyWVRabGhMSkxPY2plRk9QaXl3RXM3cGI2djd4MWtkQ19ySW1UVnh5bEF3SHo3RzJ5MzJ3T1gwUFYzRTNTaDZF?oc=5\" target=\"_blank\" rel=\"noopener\">Troph\u00e9e des Champions : le groupe de l\u2019OM contre le PSG<\/a>&nbsp;&nbsp;Foot Mercato<\/li>\n<li><a href=\"https:\/\/news.google.com\/rss\/articles\/CBMi0AFBVV95cUxQNHc5cHFwZy1tcE15d3ZJbUg4bXJ2WExzamxXRl9jQWs4MlkxLVU1eWd1ZU1vTzBpMk9feFZta3J5XzA5dmhCamFMYktKUkFUaElabGpBZE11ZFR0cDVZSVNFNm1uYzlObGQ1U3oxVUZXRVVnSmNDZ2VlVW9JdlViSDZVcVlnRVNtMTJtd0RyTkZuQlZEdzRxcjI1TnZZMXlnRFBqYlQtVXBVd1dSUlJjLXRhYlloWE9IOXBNZVNSV0hfZTFCOS05QlFyLXZyWl9S0gHPAUFVX3lxTFBLSnpUODZVd19VRnJBQThSSjBzYVlvQVpBVGR5WFIxV1diTmVnMGFlNVBHeFVxT0RMb203dlY0YTdGTVdobUNnNTZJcFpyWE5UclowMmUtZHJLdEV3Z1hLOFc4QUtiZDRGQ2txczZSSER1bnNoTG4zaXhJUEpjaEhobUpnR01CWDVBR3dzSDN4LWladVNITmZVYnNOY0UyWG45X0tyU290LUlnRGFPRTJDRTRxbG9jUHhWSm5jWklERGNIMDREeC13bXpZdEMyRQ?oc=5\" target=\"_blank\" rel=\"noopener\">Focus : Le Troph\u00e9e des champions \u00e0 l&rsquo;\u00e9tranger, pour quoi faire ? : Sports &#8211; Orange<\/a>&nbsp;&nbsp;Sports &#8211; Orange<\/li>\n<li><a href=\"https:\/\/news.google.com\/rss\/articles\/CBMisgFBVV95cUxPbTYtczdrMXRKUU0ybEJNZW5zbllpeTZZMm9nTm1vUFQ2MHVGeEt0OUJRV1AwMWRMUU4xeWEwX3M0MXFCMXI4VmxWNDFkclEtdVZkSFQ1T19VQVY4RV9TTTBNSXBlTVh1enZua1B4MHRabXljV3RzdFEtTEJYWmxScU04emxrSzZrOHpsbnF0eUV1NVVwUVRvcTlQOG1vWTJxclpTbktXQjRZZHN4bGVnTld3?oc=5\" target=\"_blank\" rel=\"noopener\">Football. Troph\u00e9e des champions : sur quelle cha\u00eene regarder le Classique PSG &#8211; OM ?<\/a>&nbsp;&nbsp;Le Dauphin\u00e9 Lib\u00e9r\u00e9<\/li>\n<li><a href=\"https:\/\/news.google.com\/rss\/articles\/CBMizgFBVV95cUxOM0p0V1ZFZGZYRXZ3OWN3WERmaDRzN2lUUDYwakU2WGxtTm1TX3haLWh6TS1tNzJ1TDNRWHlCWVRnX3dGR3V6WkhlczNJUE8yc1ZlWGpmSjN6MGloRmVtZHEzWElvR196aFBwdXU4cVo2SWdOMXFuZkV1QklYTG9WbHo0NXVGb19UaEY1V1ZXSWVDRXIxYzhCNC1QZm5LblY2TXVud1BZWVVxbE9oN3hVcTN5TlpJMlMyVzJQeEtPX3UyaEROVHFnc0dfUXI5dw?oc=5\" target=\"_blank\" rel=\"noopener\">PSG &#8211; Marseille : \u00e0 quelle heure et sur quelle cha\u00eene suivre le match du Troph\u00e9e des Champions ?<\/a>&nbsp;&nbsp;Sud Ouest<\/li>\n<\/ol>\n","protected":false},"excerpt":{"rendered":"OFFICIEL &#8211; Le groupe surprenant de l\u2019OM contre le PSG pour le Troph\u00e9e des champions&nbsp;&nbsp;Goal.com Troph\u00e9e des Champions&hellip;\n","protected":false},"author":2,"featured_media":643006,"comment_status":"","ping_status":"","sticky":false,"template":"","format":"standard","meta":{"footnotes":""},"categories":[1410],"tags":[56567,74965,63,1011,27,70869,884,91,74967,7329,60,74966,74968],"class_list":{"0":"post-643005","1":"post","2":"type-post","3":"status-publish","4":"format-standard","5":"has-post-thumbnail","7":"category-football","8":"tag-a-vermeeren","9":"tag-b-nadir","10":"tag-football","11":"tag-fr","12":"tag-france","13":"tag-h-traore","14":"tag-marseille","15":"tag-paris-saint-germain","16":"tag-paris-saint-germain-vs-marseille","17":"tag-r-de-zerbi","18":"tag-sports","19":"tag-super-coupe","20":"tag-super-cup"},"share_on_mastodon":{"url":"https:\/\/pubeurope.com\/@fr\/115843805008180187","error":""},"_links":{"self":[{"href":"https:\/\/www.europesays.com\/fr\/wp-json\/wp\/v2\/posts\/643005","targetHints":{"allow":["GET"]}}],"collection":[{"href":"https:\/\/www.europesays.com\/fr\/wp-json\/wp\/v2\/posts"}],"about":[{"href":"https:\/\/www.europesays.com\/fr\/wp-json\/wp\/v2\/types\/post"}],"author":[{"embeddable":true,"href":"https:\/\/www.europesays.com\/fr\/wp-json\/wp\/v2\/users\/2"}],"replies":[{"embeddable":true,"href":"https:\/\/www.europesays.com\/fr\/wp-json\/wp\/v2\/comments?post=643005"}],"version-history":[{"count":0,"href":"https:\/\/www.europesays.com\/fr\/wp-json\/wp\/v2\/posts\/643005\/revisions"}],"wp:featuredmedia":[{"embeddable":true,"href":"https:\/\/www.europesays.com\/fr\/wp-json\/wp\/v2\/media\/643006"}],"wp:attachment":[{"href":"https:\/\/www.europesays.com\/fr\/wp-json\/wp\/v2\/media?parent=643005"}],"wp:term":[{"taxonomy":"category","embeddable":true,"href":"https:\/\/www.europesays.com\/fr\/wp-json\/wp\/v2\/categories?post=643005"},{"taxonomy":"post_tag","embeddable":true,"href":"https:\/\/www.europesays.com\/fr\/wp-json\/wp\/v2\/tags?post=643005"}],"curies":[{"name":"wp","href":"https:\/\/api.w.org\/{rel}","templated":true}]}}