{"id":643007,"date":"2026-01-05T18:02:10","date_gmt":"2026-01-05T18:02:10","guid":{"rendered":"https:\/\/www.europesays.com\/fr\/643007\/"},"modified":"2026-01-05T18:02:10","modified_gmt":"2026-01-05T18:02:10","slug":"ca-risque-de-chauffer-tbt9-apres-avoir-ete-sorti-des-effectifs-ce-chroniqueur-fait-son-grand-retour-dans-lemission","status":"publish","type":"post","link":"https:\/\/www.europesays.com\/fr\/643007\/","title":{"rendered":"\u00ab\u00a0\u00c7a risque de chauffer\u00a0\u00bb, TBT9 : apr\u00e8s avoir \u00e9t\u00e9 sorti des effectifs, ce chroniqueur fait son grand retour dans l\u2019\u00e9mission"},"content":{"rendered":"<p>      R\u00e9sum\u00e9<\/p>\n<p>L&rsquo;ancien chroniqueur Thomas Gu\u00e9nol\u00e9 fera son retour en invit\u00e9 dans TBT9, promettant un d\u00e9bat anim\u00e9 d\u00e8s la rentr\u00e9e 2026.<\/p>\n<p>        Sommaire<\/p>\n<p><strong>\u00ab\u00a0\u00c7a risque de chauffer\u00a0\u00bb<\/strong>. Le ton est donn\u00e9 pour la grande premi\u00e8re de TBT9 en 2026. La quotidienne de W9 pr\u00e9sent\u00e9e par <a href=\"https:\/\/www.public.fr\/tag\/cyril-hanouna\" target=\"_blank\" rel=\"noopener\">Cyril Hanouna<\/a> a d\u00e9cid\u00e9 de frapper fort pour d\u00e9marrer l\u2019ann\u00e9e et convier une personnalit\u00e9 clivante, qui a d\u00e9j\u00e0 offici\u00e9 dans une quotidienne pr\u00e9sent\u00e9e par Cyril Hanouna : <a href=\"https:\/\/www.public.fr\/fin-de-tpmp-apres-jordan-de-luxe-sasha-elbaz-et-thomas-guenole-lancent-leur-media-en-ligne\" target=\"_blank\" rel=\"noopener\">Thomas Gu\u00e9nol\u00e9.<\/a><\/p>\n<p>En effet, le politologue, dont les aspirations politiques penchent \u00e0 gauche comme l\u2019a toujours assum\u00e9 le principal int\u00e9ress\u00e9, <strong>va intervenir en tant qu\u2019invit\u00e9 ce lundi 5 janvier 2026 <\/strong>et promet visiblement un d\u00e9bat anim\u00e9.<\/p>\n<p>Thomas Gu\u00e9nol\u00e9 de retour dans \u00ab\u00a0TBT9\u00a0\u00bb<\/p>\n<p>C\u2019est en tout cas ce que laisse penser la publication post\u00e9e par le compte officiel de<strong> TBT9<\/strong>. Il y a quelques heures, le compte Instagram de l\u2019\u00e9mission pr\u00e9sent\u00e9e par <a href=\"https:\/\/vsd.fr\/tag\/cyril-hanouna\/\" target=\"_blank\" rel=\"noopener\">Cyril Hanouna<\/a> a en effet annonc\u00e9 la pr\u00e9sence de Thomas Gu\u00e9nol\u00e9 pour l\u2019\u00e9dition du jour.\u00a0<\/p>\n<p><strong>\u00ab\u00a0Nouvelle s\u00e9quence ce soir dans TBT9 ! Thomas Gu\u00e9nol\u00e9 sera notre invit\u00e9, attention \u00e7a risque de chauffer\u00a0\u00bb<\/strong>, pr\u00e9vient le compte de la quotidienne. Visiblement, le community manager de <strong>TBT9<\/strong> ne se trompe pas \u00e0 en croire les r\u00e9actions des internautes. \u00ab\u00a0\u00c7a pue, \u00e7a schlingue\u00a0\u00bb, \u00ab\u00a0Je recommencerai \u00e0 regarder l\u2019\u00e9mission \u00e0 partir de demain alors\u00a0\u00bb, \u00ab\u00a0<strong>Oh non pourquoi nous faire \u00e7a le jour de la rentr\u00e9e<\/strong>\u00ab\u00a0, \u00ab\u00a0Bon courage. Beurk \u00e7a me d\u00e9prime j&rsquo;aurais pr\u00e9f\u00e9r\u00e9 la surprise de Jean Michel ou Kelly Vedovelli\u00a0\u00bb, ont comment\u00e9 nombre de fans de l\u2019\u00e9mission visiblement d\u00e9\u00e7us.\u00a0<\/p>\n<p>Un chroniqueur clivant<\/p>\n<p>Si <strong>TBT9<\/strong> estime que le retour de Thomas Gu\u00e9nol\u00e9 va susciter de vives r\u00e9actions, c\u2019est parce que le politologue a toujours fait r\u00e9agir au fil de ses interventions \u00e0 l\u2019\u00e9poque o\u00f9 il officiait dans <strong>TPMP<\/strong> sur C8.<\/p>\n<p><strong>Ne partageant presque jamais les id\u00e9es de Cyril Hanouna<\/strong> sur les questions de soci\u00e9t\u00e9, ou sur les orientations politiques, <a href=\"https:\/\/www.public.fr\/je-prefere-sortir-fou-de-rage-thomas-guenole-quitte-encore-le-plateau-de-tpmp\" target=\"_blank\" rel=\"noopener\">le ton est souvent mont\u00e9 entre les deux<\/a>, au point d\u2019entra\u00eener une ubuesque situation. La preuve, le 12 mars 2025, lorsqu\u2019un clash \u00e9clatait au sujet du d\u00e9put\u00e9 RN Julien Odoul. Ce dernier rangeait La France insoumise parmi les \u00ab\u00a0antis\u00e9mites\u00a0\u00bb apr\u00e8s la publication d&rsquo;une affiche du mouvement appelant \u00e0 manifester le 22 mars 2025 contre Cyril Hanouna, jug\u00e9 responsable d&rsquo;\u00eatre le \u00ab\u00a0relais des id\u00e9es\u00a0\u00bb de l&rsquo;extr\u00eame droite.<\/p>\n<p>Apr\u00e8s un \u00e9change tendu, Cyril Hanouna indiquait \u00e0 son chroniqueur qu\u2019il \u00ab\u00a0fatiguait tout le monde\u00a0\u00bb.\u00a0<strong>\u00ab\u00a0Stop, stop, sortez, vous ne respectez pas les r\u00e8gles, c&rsquo;est insupportable\u00a0\u00bb<\/strong>, rench\u00e9rissait l\u2019animateur alors que Thomas Gu\u00e9nol\u00e9 tentait de se d\u00e9fendre face \u00e0 l\u2019animateur.\u00a0\u00bbJe pr\u00e9f\u00e8re sortir que voir quelqu&rsquo;un du Rassemblement national nous donner des le\u00e7ons de lutte d\u00e9mocrate\u00a0\u00bb, l\u00e2chait-il avant de joindre ses paroles aux actes.\u00a0\u00ab\u00a0Allez vous reposer, \u00e7a va vous faire du bien\u00a0\u00bb, concluait finalement Cyril Hanouna. Reste \u00e0 savoir si une situation similaire va se reproduire ce lundi soir sur <strong>TBT9.<\/strong><\/p>\n<p>\n          Hits &amp; People en continu\n        <\/p>\n<p>\n          Public Radio\n        <\/p>\n<p>      Mentionn\u00e9s dans cet article<\/p>\n<p>      Sur le m\u00eame sujet<\/p>\n","protected":false},"excerpt":{"rendered":"R\u00e9sum\u00e9 L&rsquo;ancien chroniqueur Thomas Gu\u00e9nol\u00e9 fera son retour en invit\u00e9 dans TBT9, promettant un d\u00e9bat anim\u00e9 d\u00e8s la&hellip;\n","protected":false},"author":2,"featured_media":643008,"comment_status":"","ping_status":"","sticky":false,"template":"","format":"standard","meta":{"footnotes":""},"categories":[1359],"tags":[1083,58,59,1011,27,973,22498,22497,2395],"class_list":{"0":"post-643007","1":"post","2":"type-post","3":"status-publish","4":"format-standard","5":"has-post-thumbnail","7":"category-people","8":"tag-cyril-hanouna","9":"tag-divertissement","10":"tag-entertainment","11":"tag-fr","12":"tag-france","13":"tag-people","14":"tag-tout-9-tbt9","15":"tag-tout-beau","16":"tag-w9"},"share_on_mastodon":{"url":"https:\/\/pubeurope.com\/@fr\/115843808884295873","error":""},"_links":{"self":[{"href":"https:\/\/www.europesays.com\/fr\/wp-json\/wp\/v2\/posts\/643007","targetHints":{"allow":["GET"]}}],"collection":[{"href":"https:\/\/www.europesays.com\/fr\/wp-json\/wp\/v2\/posts"}],"about":[{"href":"https:\/\/www.europesays.com\/fr\/wp-json\/wp\/v2\/types\/post"}],"author":[{"embeddable":true,"href":"https:\/\/www.europesays.com\/fr\/wp-json\/wp\/v2\/users\/2"}],"replies":[{"embeddable":true,"href":"https:\/\/www.europesays.com\/fr\/wp-json\/wp\/v2\/comments?post=643007"}],"version-history":[{"count":0,"href":"https:\/\/www.europesays.com\/fr\/wp-json\/wp\/v2\/posts\/643007\/revisions"}],"wp:featuredmedia":[{"embeddable":true,"href":"https:\/\/www.europesays.com\/fr\/wp-json\/wp\/v2\/media\/643008"}],"wp:attachment":[{"href":"https:\/\/www.europesays.com\/fr\/wp-json\/wp\/v2\/media?parent=643007"}],"wp:term":[{"taxonomy":"category","embeddable":true,"href":"https:\/\/www.europesays.com\/fr\/wp-json\/wp\/v2\/categories?post=643007"},{"taxonomy":"post_tag","embeddable":true,"href":"https:\/\/www.europesays.com\/fr\/wp-json\/wp\/v2\/tags?post=643007"}],"curies":[{"name":"wp","href":"https:\/\/api.w.org\/{rel}","templated":true}]}}