{"id":643009,"date":"2026-01-05T18:03:12","date_gmt":"2026-01-05T18:03:12","guid":{"rendered":"https:\/\/www.europesays.com\/fr\/643009\/"},"modified":"2026-01-05T18:03:12","modified_gmt":"2026-01-05T18:03:12","slug":"frequentation-du-louvre-en-legere-hausse-en-2025-avec-9-millions-de-visiteurs-actualites","status":"publish","type":"post","link":"https:\/\/www.europesays.com\/fr\/643009\/","title":{"rendered":"Fr\u00e9quentation du Louvre en l\u00e9g\u00e8re hausse en 2025 avec 9 millions de visiteurs : Actualit\u00e9s"},"content":{"rendered":"<p class=\"lead \">Le mus\u00e9e du Louvre a accueilli 9 millions de visiteurs en 2025, soit une l\u00e9g\u00e8re hausse par rapport \u00e0 2024 (8,7 millions), a annonc\u00e9 lundi \u00e0 l&rsquo;AFP l&rsquo;\u00e9tablissement public, victime d&rsquo;un vol spectaculaire de bijoux au mois d&rsquo;octobre.<\/p>\n<p class=\"lead \">Le plus grand mus\u00e9e du monde, qui avait connu une petite baisse de fr\u00e9quentation \u00e0 l&rsquo;\u00e9t\u00e9 2024 en raison notamment des Jeux olympiques et paralympiques, a retrouv\u00e9 et l\u00e9g\u00e8rement d\u00e9pass\u00e9 son niveau de 2023 qui s&rsquo;\u00e9tablissait \u00e0 8,9 millions de visiteurs.<\/p>\n<p class=\"lead \">En 2025, Le Louvre a \u00ab\u00a0accueilli 27% de visiteurs Fran\u00e7ais\u00a0\u00bb et \u00ab\u00a073% de visiteurs  \u00e9trangers\u00a0\u00bb, contre 77% en 2024.<\/p>\n<p class=\"lead \">Quelque 40% des visiteurs \u00e9trangers sont originaires d&rsquo;un pays hors de l&rsquo;Espace \u00e9conomique europ\u00e9en, pr\u00e9cise l&rsquo;institution. Ces visiteurs, hormis ceux \u00e2g\u00e9s de moins de 18 ans, paieront \u00e0 partir du 14 janvier la tarification diff\u00e9renci\u00e9e, avec un billet d&rsquo;entr\u00e9e de 32 euros contre 22 aujourd&rsquo;hui. <\/p>\n<p class=\"lead \">44% des visiteurs ont moins de 26 ans et 30% ont b\u00e9n\u00e9fici\u00e9 de la gratuit\u00e9 en 2025, soit environ 3 millions de visiteurs.<\/p>\n<p class=\"lead \">Parmi les expositions qui ont rencontr\u00e9 le plus de succ\u00e8s en 2025 figure \u00ab\u00a0Louvre Couture. Objets d&rsquo;art, objets de mode\u00a0\u00bb, avec un peu plus d&rsquo;un million de visiteurs entre le 24 janvier et le 24 ao\u00fbt, selon l&rsquo;institution.<\/p>\n<p class=\"lead \">Des agents du mus\u00e9e ont poursuivi lundi le mouvement de gr\u00e8ve initi\u00e9 avant les f\u00eates de fin d&rsquo;ann\u00e9e \u00e0 l&rsquo;appel d&rsquo;une intersyndicale afin de protester contre leurs conditions de travail et d&rsquo;accueil du public. Le mus\u00e9e reste toutefois \u00ab\u00a0ouvert partiellement avec le +parcours chefs d&rsquo;\u0153uvre+\u00a0\u00bb, qui inclut la Joconde, la V\u00e9nus de Milo ou la Victoire de Samothrace, selon la direction.<\/p>\n<p class=\"lead \">Mus\u00e9e le plus visit\u00e9 au monde, le Louvre est dans la tourmente depuis le cambriolage de joyaux du XIXe si\u00e8cle, estim\u00e9s \u00e0 88 millions d&rsquo;euros, le 19 octobre, qui demeurent toujours introuvables.<\/p>\n<p class=\"small font-weight-bold text-gray3 \"> publi\u00e9 le 5 janvier \u00e0 12h45, AFP<\/p>\n<p>                             Partager<\/p>\n","protected":false},"excerpt":{"rendered":"Le mus\u00e9e du Louvre a accueilli 9 millions de visiteurs en 2025, soit une l\u00e9g\u00e8re hausse par rapport&hellip;\n","protected":false},"author":2,"featured_media":643010,"comment_status":"","ping_status":"","sticky":false,"template":"","format":"standard","meta":{"footnotes":""},"categories":[1358],"tags":[1348,1384,1385,1386,58,59,1011,27,10241,602],"class_list":{"0":"post-643009","1":"post","2":"type-post","3":"status-publish","4":"format-standard","5":"has-post-thumbnail","7":"category-arts-et-design","8":"tag-arts","9":"tag-arts-and-design","10":"tag-arts-et-design","11":"tag-design","12":"tag-divertissement","13":"tag-entertainment","14":"tag-fr","15":"tag-france","16":"tag-muse","17":"tag-tourisme"},"share_on_mastodon":{"url":"https:\/\/pubeurope.com\/@fr\/115843812716171553","error":""},"_links":{"self":[{"href":"https:\/\/www.europesays.com\/fr\/wp-json\/wp\/v2\/posts\/643009","targetHints":{"allow":["GET"]}}],"collection":[{"href":"https:\/\/www.europesays.com\/fr\/wp-json\/wp\/v2\/posts"}],"about":[{"href":"https:\/\/www.europesays.com\/fr\/wp-json\/wp\/v2\/types\/post"}],"author":[{"embeddable":true,"href":"https:\/\/www.europesays.com\/fr\/wp-json\/wp\/v2\/users\/2"}],"replies":[{"embeddable":true,"href":"https:\/\/www.europesays.com\/fr\/wp-json\/wp\/v2\/comments?post=643009"}],"version-history":[{"count":0,"href":"https:\/\/www.europesays.com\/fr\/wp-json\/wp\/v2\/posts\/643009\/revisions"}],"wp:featuredmedia":[{"embeddable":true,"href":"https:\/\/www.europesays.com\/fr\/wp-json\/wp\/v2\/media\/643010"}],"wp:attachment":[{"href":"https:\/\/www.europesays.com\/fr\/wp-json\/wp\/v2\/media?parent=643009"}],"wp:term":[{"taxonomy":"category","embeddable":true,"href":"https:\/\/www.europesays.com\/fr\/wp-json\/wp\/v2\/categories?post=643009"},{"taxonomy":"post_tag","embeddable":true,"href":"https:\/\/www.europesays.com\/fr\/wp-json\/wp\/v2\/tags?post=643009"}],"curies":[{"name":"wp","href":"https:\/\/api.w.org\/{rel}","templated":true}]}}