{"id":643011,"date":"2026-01-05T18:05:20","date_gmt":"2026-01-05T18:05:20","guid":{"rendered":"https:\/\/www.europesays.com\/fr\/643011\/"},"modified":"2026-01-05T18:05:20","modified_gmt":"2026-01-05T18:05:20","slug":"tele-lamour-est-dans-le-pre-un-agriculteur-un-peu-bourru-au-grand-coeur-du-grand-est-dans-cette-saison","status":"publish","type":"post","link":"https:\/\/www.europesays.com\/fr\/643011\/","title":{"rendered":"T\u00e9l\u00e9. L&rsquo;Amour est dans le pr\u00e9 :\u00a0un agriculteur \u00ab\u00a0un peu bourru, au grand coeur\u00a0\u00bb du Grand Est dans cette saison"},"content":{"rendered":"<p>Qui dit nouvelle ann\u00e9e dit nouvelle saison de\u00a0L\u2019Amour est dans le pr\u00e9. La saison 20 s&rsquo;\u00e9tait achev\u00e9e en d\u00e9cembre. On avait pu y suivre Antoine, agriculteur vosgien, qui avait eu la malchance <a href=\"https:\/\/www.vosgesmatin.fr\/economie\/2025\/12\/02\/i-l-amour-est-dans-le-pre-i-antoine-le-candidat-vosgien-revele-avoir-trouve-son-ideal\" target=\"_blank\" rel=\"noopener\">de n&rsquo;avoir re\u00e7u aucun courrier,<\/a> malgr\u00e9 plusieurs appels lanc\u00e9s par <a href=\"https:\/\/www.estrepublicain.fr\/p\/karine-le-marchand\" target=\"_blank\" rel=\"noopener\">Karine Le Marchand<\/a>.\u00a0<\/p>\n<p>Esp\u00e9rons que cette situation ne se reproduise pas pour Beno\u00eet, 38 ans, c\u00e9r\u00e9alier et \u00e9leveur laitier en Haute-Marne, \u00e0 quelques encablures de la Meuse et des Vosges. Il est l&rsquo;un des 14 agriculteurs \u00e0 la recherche de l&rsquo;amour dans cette saison 21, dont le portrait sera diffus\u00e9 \u00e0 partir du 19 janvier.<\/p>\n<p>Un c\u0153ur\u00a0tendre fan de techno hardcore<\/p>\n<p>L&rsquo;agriculteur\u00a0partage son quotidien avec ses parents, son cousin\u2026 et son fid\u00e8le husky Chaddok. Ensemble, ils g\u00e8rent 410 hectares, 180 bovins et m\u00eame une unit\u00e9 de m\u00e9thanisation qui alimente en gaz neuf villages alentour.<\/p>\n<p>Fils d\u2019agriculteurs, il a toujours eu la t\u00eate dans les champs et le c\u0153ur sur la main. Dyslexique \u00e0 l\u2019\u00e9cole, il s\u2019est accroch\u00e9 jusqu\u2019\u00e0 devenir major de promo. S\u00e9rieux dans le travail, minutieux, bricoleur et un peu bourru, Beno\u00eet ne compte pas ses heures, mais garde le sourire.<\/p>\n<p>C\u00f4t\u00e9 c\u0153ur, il n\u2019a pas toujours eu la main heureuse. Tromp\u00e9, d\u00e9\u00e7u, il a souvent donn\u00e9 plus qu\u2019il n\u2019a re\u00e7u. Pourtant, il y croit encore, fermement. Il r\u00eave d\u2019une femme joyeuse, fid\u00e8le, un peu aventuri\u00e8re, fan de chiens, de nature et de techno (hardcore, si possible !), avec qui partager ses balades en quad et, pourquoi pas, une famille.<\/p>\n<p>Sous son air costaud, Beno\u00eet est un grand sensible au c\u0153ur tendre. Aujourd\u2019hui, il esp\u00e8re que L\u2019Amour est dans le pr\u00e9 l\u2019aidera \u00e0 trouver celle qui fera battre son c\u0153ur aussi fort que le moteur de son tracteur.<\/p>\n","protected":false},"excerpt":{"rendered":"Qui dit nouvelle ann\u00e9e dit nouvelle saison de\u00a0L\u2019Amour est dans le pr\u00e9. La saison 20 s&rsquo;\u00e9tait achev\u00e9e en&hellip;\n","protected":false},"author":2,"featured_media":643012,"comment_status":"","ping_status":"","sticky":false,"template":"","format":"standard","meta":{"footnotes":""},"categories":[1356],"tags":[1687,58,3602,59,107,1011,27,775,3456,252,2205,1364],"class_list":{"0":"post-643011","1":"post","2":"type-post","3":"status-publish","4":"format-standard","5":"has-post-thumbnail","7":"category-television","8":"tag-culture-loisirs","9":"tag-divertissement","10":"tag-edition-bar-le-duc","11":"tag-entertainment","12":"tag-fil-info","13":"tag-fr","14":"tag-france","15":"tag-grand-est","16":"tag-region-lorraine","17":"tag-television","18":"tag-television-medias","19":"tag-tv"},"share_on_mastodon":{"url":"https:\/\/pubeurope.com\/@fr\/115843820683306505","error":""},"_links":{"self":[{"href":"https:\/\/www.europesays.com\/fr\/wp-json\/wp\/v2\/posts\/643011","targetHints":{"allow":["GET"]}}],"collection":[{"href":"https:\/\/www.europesays.com\/fr\/wp-json\/wp\/v2\/posts"}],"about":[{"href":"https:\/\/www.europesays.com\/fr\/wp-json\/wp\/v2\/types\/post"}],"author":[{"embeddable":true,"href":"https:\/\/www.europesays.com\/fr\/wp-json\/wp\/v2\/users\/2"}],"replies":[{"embeddable":true,"href":"https:\/\/www.europesays.com\/fr\/wp-json\/wp\/v2\/comments?post=643011"}],"version-history":[{"count":0,"href":"https:\/\/www.europesays.com\/fr\/wp-json\/wp\/v2\/posts\/643011\/revisions"}],"wp:featuredmedia":[{"embeddable":true,"href":"https:\/\/www.europesays.com\/fr\/wp-json\/wp\/v2\/media\/643012"}],"wp:attachment":[{"href":"https:\/\/www.europesays.com\/fr\/wp-json\/wp\/v2\/media?parent=643011"}],"wp:term":[{"taxonomy":"category","embeddable":true,"href":"https:\/\/www.europesays.com\/fr\/wp-json\/wp\/v2\/categories?post=643011"},{"taxonomy":"post_tag","embeddable":true,"href":"https:\/\/www.europesays.com\/fr\/wp-json\/wp\/v2\/tags?post=643011"}],"curies":[{"name":"wp","href":"https:\/\/api.w.org\/{rel}","templated":true}]}}