{"id":643013,"date":"2026-01-05T18:06:11","date_gmt":"2026-01-05T18:06:11","guid":{"rendered":"https:\/\/www.europesays.com\/fr\/643013\/"},"modified":"2026-01-05T18:06:11","modified_gmt":"2026-01-05T18:06:11","slug":"jetais-condamne-a-mourir-gilbert-montagne-revient-sur-lerreur-medicale-a-sa-naissance-qui-la-sauve-en-le-handicapant-a-vie","status":"publish","type":"post","link":"https:\/\/www.europesays.com\/fr\/643013\/","title":{"rendered":"\u00ab J\u2019\u00e9tais condamn\u00e9 \u00e0 mourir \u00bb : Gilbert Montagn\u00e9 revient sur l\u2019erreur m\u00e9dicale \u00e0 sa naissance qui l&rsquo;a sauv\u00e9&#8230; en le handicapant \u00e0 vie"},"content":{"rendered":"<p>Quand <strong>Gilbert Montagn\u00e9<\/strong> affirme avoir \u00e9t\u00e9<br \/>\n\u00ab\u00a0condamn\u00e9 \u00e0 mourir\u00a0\u00bb, la formule surprend chez un chanteur encore<br \/>\ntr\u00e8s pr\u00e9sent sur sc\u00e8ne \u00e0 74 ans. Derri\u00e8re ces mots, il ne cherche<br \/>\npas l\u2019effet, mais raconte le diagnostic pos\u00e9 sur lui \u00e0 sa<br \/>\nnaissance, en 1951, quand les m\u00e9decins de l\u2019h\u00f4pital de Port-Royal,<br \/>\n\u00e0 Paris, pensaient que ce tout petit b\u00e9b\u00e9 ne passerait pas la<br \/>\nnuit.<\/p>\n<p>Son r\u00e9cit, livr\u00e9 dans <a href=\"https:\/\/www.closermag.fr\/people\/exclu-gilbert-montagne-condamne-a-mourir-cette-erreur-medicale-qui-lui-a-quand-meme-sauve-la-vie-3609703\" target=\"_blank\" rel=\"noopener\">un entretien \u00e0 Closer<\/a>,<br \/>\n\u00e9claire une histoire m\u00e9dicale rest\u00e9e en arri\u00e8re-plan : celle d\u2019un<br \/>\ngrand pr\u00e9matur\u00e9 sauv\u00e9 in extremis gr\u00e2ce \u00e0 une oxyg\u00e9nation massive,<br \/>\nau prix d\u2019une c\u00e9cit\u00e9 irr\u00e9versible. Entre couveuse, d\u00e9cisions prises<br \/>\ndans l\u2019urgence et sentiment d\u2019avoir d\u00e9fi\u00e9 les pronostics, le<br \/>\nchanteur remonte au tout d\u00e9but de sa vie pour expliquer cette<br \/>\nphrase choc.<\/p>\n<p>Naissance pr\u00e9matur\u00e9e de Gilbert Montagn\u00e9 : une vie donn\u00e9e pour<br \/>\nperdue<\/p>\n<p>N\u00e9 le 28 d\u00e9cembre 1951, \u00e0 seulement cinq mois et demi de<br \/>\ngrossesse, il arrive au monde avec 950 grammes sur la balance.<br \/>\nHospitalis\u00e9 en service de n\u00e9onatalogie, il reste en couveuse<br \/>\npendant de longues semaines. \u00ab\u00a0Je pesais 950g et j\u2019ai pass\u00e9 trois<br \/>\nmois et demi en couveuse \u00e0 l\u2019h\u00f4pital de Port-Royal \u00e0 Paris. Je<br \/>\npouvais d\u00e9cider d\u2019abandonner ou de rester\u00a0\u00bb, raconte-t-il dans les<br \/>\ncolonnes de Closer. Pour les \u00e9quipes, la survie d\u2019un<br \/>\nenfant aussi fragile rel\u00e8ve presque du miracle.<\/p>\n<p>\u00c0 cette \u00e9poque, les connaissances sur la prise en charge des<br \/>\ngrands pr\u00e9matur\u00e9s restent limit\u00e9es, les protocoles se cherchent<br \/>\nencore. Pour maintenir en vie ce nourrisson dont le pronostic vital<br \/>\nest jug\u00e9 r\u00e9serv\u00e9, les m\u00e9decins misent sur une oxyg\u00e9nation<br \/>\nimportante, persuad\u00e9s qu\u2019il s\u2019agit de son unique chance. Ils<br \/>\nignorent alors qu\u2019un dosage trop \u00e9lev\u00e9 peut endommager gravement<br \/>\nles yeux de b\u00e9b\u00e9s aussi immatures.<\/p>\n<p>Surdosage d\u2019oxyg\u00e8ne : l\u2019erreur m\u00e9dicale qui lui a co\u00fbt\u00e9 la<br \/>\nvue<\/p>\n<p>La suite, <strong>Gilbert Montagn\u00e9<\/strong> la d\u00e9crit sans<br \/>\nd\u00e9tour : \u00ab\u00a0On m\u2019a donn\u00e9 trop d\u2019oxyg\u00e8ne et \u00e7a a br\u00fbl\u00e9 mes nerfs<br \/>\noptiques\u00a0\u00bb, confie-t-il. Ce surdosage provoque la destruction de ses<br \/>\nnerfs optiques et le rend aveugle d\u00e8s la petite enfance,<br \/>\ncons\u00e9quence irr\u00e9versible d\u2019une pratique encore mal ma\u00eetris\u00e9e au<br \/>\nd\u00e9but des ann\u00e9es 1950. Malgr\u00e9 tout, il insiste sur le r\u00f4le vital de<br \/>\nce traitement intensif dans sa survie.<\/p>\n<p>Le chanteur refuse en effet de parler de faute volontaire : \u00ab\u00a0Ce<br \/>\nn\u2019est pas la faute de l\u2019\u00e9quipe m\u00e9dicale, ils ne savaient pas encore<br \/>\ndoser. C\u2019\u00e9tait le d\u00e9but des recherches. S\u2019ils ne m\u2019en avaient pas<br \/>\ndonn\u00e9 assez, je ne serais pas l\u00e0 pour en parler. J\u2019\u00e9tais vraiment<br \/>\ncondamn\u00e9 \u00e0 mourir\u00a0\u00bb. Dans son r\u00e9cit, l\u2019oxyg\u00e8ne appara\u00eet \u00e0 la fois<br \/>\ncomme l\u2019\u00e9l\u00e9ment qui le prive de la vue et celui qui lui permet de<br \/>\nrester en vie.<\/p>\n<p>Du handicap aux d\u00e9fis fous : la<br \/>\nrevanche de Gilbert Montagn\u00e9<\/p>\n<p>Au moment d\u2019annoncer les s\u00e9quelles \u00e0 ses parents, le professeur<br \/>\nMinkowski, qui suit le dossier \u00e0 Port-Royal, choisit des mots<br \/>\nrest\u00e9s dans la m\u00e9moire familiale : \u00ab\u00a0Lorsque le Pr Minkowski l\u2019a<br \/>\nannonc\u00e9 \u00e0 mes parents, il leur a dit : \u2018Vous pleurez aujourd\u2019hui,<br \/>\nmais vous viendrez me remercier demain\u2019\u00a0\u00bb. Des ann\u00e9es plus tard,<br \/>\nlors d\u2019une \u00e9mission de t\u00e9l\u00e9vision, le m\u00e9decin lui dira combien ce<br \/>\nt\u00e9moignage apais\u00e9 l\u2019a aid\u00e9 \u00e0 se d\u00e9culpabiliser.<\/p>\n<p>\u00c9lev\u00e9 sans surprotection, il r\u00e9sume l\u2019\u00e9tat d\u2019esprit de ses<br \/>\nproches : \u00ab\u00a0Mes parents n\u2019ont jamais consid\u00e9r\u00e9 que ma d\u00e9ficience<br \/>\nvisuelle \u00e9tait un handicap\u00a0\u00bb. Il explique s\u2019\u00eatre construit comme un<br \/>\nenfant puis un adulte \u00ab\u00a0normal\u00a0\u00bb, consid\u00e9rant que les vraies<br \/>\ndifficult\u00e9s viennent d\u2019un environnement peu adapt\u00e9 aux non-voyants.<br \/>\nAujourd\u2019hui, il aime se fixer des d\u00e9fis tourn\u00e9s vers l\u2019autonomie,<br \/>\nau point d\u2019annoncer : \u00ab\u00a0Je vais tester le Full Self-Driving Tesla.<br \/>\nC\u2019est bien d\u2019\u00eatre accompagn\u00e9, mais c\u2019est tr\u00e8s important \u00e9galement<br \/>\nde fonctionner sur ses propres ressources. Et les miennes sont<br \/>\nincalculables !\u00a0\u00bb<\/p>\n","protected":false},"excerpt":{"rendered":"Quand Gilbert Montagn\u00e9 affirme avoir \u00e9t\u00e9 \u00ab\u00a0condamn\u00e9 \u00e0 mourir\u00a0\u00bb, la formule surprend chez un chanteur encore tr\u00e8s pr\u00e9sent&hellip;\n","protected":false},"author":2,"featured_media":643014,"comment_status":"","ping_status":"","sticky":false,"template":"","format":"standard","meta":{"footnotes":""},"categories":[1355],"tags":[930,13041,8652,58,3026,59,1011,27,68002,74969,11875,4743,18143,36476,5324,41016,1361,873,198,3583,14173,10649,8009,3356,4717],"class_list":{"0":"post-643013","1":"post","2":"type-post","3":"status-publish","4":"format-standard","5":"has-post-thumbnail","7":"category-musique","8":"tag-le","9":"tag-a","10":"tag-condamne","11":"tag-divertissement","12":"tag-en","13":"tag-entertainment","14":"tag-fr","15":"tag-france","16":"tag-gilbert","17":"tag-handicapant","18":"tag-jetais","19":"tag-la","20":"tag-lerreur","21":"tag-medicale","22":"tag-montagne","23":"tag-mourir","24":"tag-music","25":"tag-musique","26":"tag-naissance","27":"tag-qui","28":"tag-revient","29":"tag-sa","30":"tag-sauve","31":"tag-sur","32":"tag-vie"},"share_on_mastodon":{"url":"https:\/\/pubeurope.com\/@fr\/115843824533389165","error":""},"_links":{"self":[{"href":"https:\/\/www.europesays.com\/fr\/wp-json\/wp\/v2\/posts\/643013","targetHints":{"allow":["GET"]}}],"collection":[{"href":"https:\/\/www.europesays.com\/fr\/wp-json\/wp\/v2\/posts"}],"about":[{"href":"https:\/\/www.europesays.com\/fr\/wp-json\/wp\/v2\/types\/post"}],"author":[{"embeddable":true,"href":"https:\/\/www.europesays.com\/fr\/wp-json\/wp\/v2\/users\/2"}],"replies":[{"embeddable":true,"href":"https:\/\/www.europesays.com\/fr\/wp-json\/wp\/v2\/comments?post=643013"}],"version-history":[{"count":0,"href":"https:\/\/www.europesays.com\/fr\/wp-json\/wp\/v2\/posts\/643013\/revisions"}],"wp:featuredmedia":[{"embeddable":true,"href":"https:\/\/www.europesays.com\/fr\/wp-json\/wp\/v2\/media\/643014"}],"wp:attachment":[{"href":"https:\/\/www.europesays.com\/fr\/wp-json\/wp\/v2\/media?parent=643013"}],"wp:term":[{"taxonomy":"category","embeddable":true,"href":"https:\/\/www.europesays.com\/fr\/wp-json\/wp\/v2\/categories?post=643013"},{"taxonomy":"post_tag","embeddable":true,"href":"https:\/\/www.europesays.com\/fr\/wp-json\/wp\/v2\/tags?post=643013"}],"curies":[{"name":"wp","href":"https:\/\/api.w.org\/{rel}","templated":true}]}}