{"id":643017,"date":"2026-01-05T18:09:17","date_gmt":"2026-01-05T18:09:17","guid":{"rendered":"https:\/\/www.europesays.com\/fr\/643017\/"},"modified":"2026-01-05T18:09:17","modified_gmt":"2026-01-05T18:09:17","slug":"le-pire-est-il-encore-a-venir-ma-sante","status":"publish","type":"post","link":"https:\/\/www.europesays.com\/fr\/643017\/","title":{"rendered":"le pire est-il encore \u00e0 venir ?- Ma Sant\u00e9"},"content":{"rendered":"<p>             <a href=\"https:\/\/ma-sante.news\/wp-content\/uploads\/2026\/01\/Epidemie-de-grippe-a-t-on-atteint-le-pic-epidemique-en-France-Ma-Sante.jpg\" data-caption=\"Les \u00e9pid\u00e9mies de grippe durent en moyenne 8 \u00e0 12 semaines, entre le d\u00e9but de la phase \u00e9pid\u00e9mique et le retour \u00e0 un niveau de base. \u00a9 Freepik\" target=\"_blank\" rel=\"noopener\"><img loading=\"lazy\" decoding=\"async\" width=\"696\" height=\"464\" class=\"entry-thumb td-modal-image ewww_webp_lazy_load\" src=\"data:image\/svg+xml,%3Csvg%20xmlns=\" http:=\"\" data-lazy- data-lazy- alt=\"Une personne \u00e2g\u00e9e hospitalis\u00e9e pendant l'\u00e9pid\u00e9mie de grippe.\" title=\"E\u0301pide\u0301mie de grippe a t on atteint le pic e\u0301pide\u0301mique en France Ma Sante\u0301\" data-lazy-src=\"https:\/\/www.europesays.com\/fr\/wp-content\/uploads\/2026\/01\/Epidemie-de-grippe-a-t-on-atteint-le-pic-epidemique-en-France-Ma-Sante-696x464.jpg\" data-lazy-src-webp=\"https:\/\/www.europesays.com\/fr\/wp-content\/uploads\/2026\/01\/Epidemie-de-grippe-a-t-on-atteint-le-pic-epidemique-en-France-Ma-Sante-696x464.jpg.webp\" data-lazy-srcset-webp=\"https:\/\/www.europesays.com\/fr\/wp-content\/uploads\/2026\/01\/Epidemie-de-grippe-a-t-on-atteint-le-pic-epidemique-en-France-Ma-Sante-696x464.jpg.webp 696w, https:\/\/ma-sante.news\/wp-content\/uploads\/2026\/01\/Epidemie-de-grippe-a-t-on-atteint-le-pic-epidemique-en-France-Ma-Sante-300x200.jpg.webp 300w, https:\/\/ma-sante.news\/wp-content\/uploads\/2026\/01\/Epidemie-de-grippe-a-t-on-atteint-le-pic-epidemique-en-France-Ma-Sante-768x512.jpg.webp 768w, https:\/\/ma-sante.news\/wp-content\/uploads\/2026\/01\/Epidemie-de-grippe-a-t-on-atteint-le-pic-epidemique-en-France-Ma-Sante-630x420.jpg.webp 630w, https:\/\/ma-sante.news\/wp-content\/uploads\/2026\/01\/Epidemie-de-grippe-a-t-on-atteint-le-pic-epidemique-en-France-Ma-Sante.jpg.webp 800w\"\/><\/a>Les \u00e9pid\u00e9mies de grippe durent en moyenne 8 \u00e0 12 semaines, entre le d\u00e9but de la phase \u00e9pid\u00e9mique et le retour \u00e0 un niveau de base. \u00a9 Freepik                                    \t\t\t             <a class=\"gofollow\" data-track=\"MjgsMCw2MA==\" href=\"https:\/\/ma-sante.news\/inscrivez-vous-a-notre-newsletter\/\" target=\"_blank\" rel=\"noopener\"><img loading=\"lazy\" decoding=\"async\" width=\"1068\" height=\"131\" src=\"data:image\/svg+xml,%3Csvg%20xmlns=\" http:=\"\" data-lazy-src=\"https:\/\/www.europesays.com\/fr\/wp-content\/uploads\/2025\/03\/banniere-newsletter.png\"\/><\/a> <\/p>\n<p><a href=\"https:\/\/ma-sante.news\/epidemie-pourquoi-la-grippe-frappe-de-plus-en-plus-tot\/\" target=\"_blank\" rel=\"noopener\">La grippe circule d\u00e9sormais dans toute la France hexagonale<\/a>, sans exception r\u00e9gionale. Selon le dernier bulletin Infections respiratoires aigu\u00ebs de Sant\u00e9 publique France, publi\u00e9 le 31 d\u00e9cembre 2025, toutes les r\u00e9gions sont officiellement en phase \u00e9pid\u00e9mique.<\/p>\n<p>En m\u00e9decine de ville, l\u2019activit\u00e9 li\u00e9e \u00e0 la grippe atteint un niveau d\u2019intensit\u00e9 mod\u00e9r\u00e9e, mais \u00e0 l\u2019h\u00f4pital, la situation est plus pr\u00e9occupante. Les indicateurs hospitaliers ont franchi le seuil d\u2019alerte, avec une activit\u00e9 grippale jug\u00e9e \u00e9lev\u00e9e, tous \u00e2ges confondus. Concr\u00e8tement, cela signifie plus de passages aux urgences, plus d\u2019hospitalisations, et des services d\u00e9j\u00e0 fragilis\u00e9s par des ann\u00e9es de tensions structurelles. Dans les territoires, cette r\u00e9alit\u00e9 se traduit par des sc\u00e8nes d\u00e9sormais famili\u00e8res\u2026<\/p>\n<p>        Pourquoi la grippe p\u00e8se-t-elle autant sur les urgences cette ann\u00e9e ?    <\/p>\n<p>Selon Sant\u00e9 publique France, pr\u00e8s de 34 000 passages aux urgences pour infections respiratoires aigu\u00ebs basses ont \u00e9t\u00e9 recens\u00e9s en une seule semaine, soit 9,5 % de l\u2019ensemble des passages, en forte hausse par rapport \u00e0 la semaine pr\u00e9c\u00e9dente. Parmi eux, plus de 18 500 passages concernaient un syndrome grippal, et plus de 3 600 patients ont d\u00fb \u00eatre hospitalis\u00e9s.<\/p>\n<p>Ce poids s\u2019explique par plusieurs facteurs. D\u2019abord, la grippe touche toutes les classes d\u2019\u00e2ge, mais elle provoque davantage de formes s\u00e9v\u00e8res chez les personnes \u00e2g\u00e9es et les patients fragiles. Ensuite, le virus circule intens\u00e9ment, avec un taux de positivit\u00e9 d\u00e9passant 35 % en laboratoire de ville, et atteignant 50 % chez les patients vus en m\u00e9decine de ville. Aussi, <a href=\"https:\/\/ma-sante.news\/epidemie-de-grippe-une-trop-faible-couverture-vaccinale-pour-contrer-le-virus\/\" target=\"_blank\" rel=\"noopener\">la vaccination reste insuffisante,<\/a> laissant une large part de la population vuln\u00e9rable. Et enfin cette ann\u00e9e, <a href=\"https:\/\/ma-sante.news\/epidemie-grippe-variant-k-vraiment-plus-dangereux\/\" target=\"_blank\" rel=\"noopener\">le nouveau variant K, venu du Nord,<\/a> vient boulvers\u00e9 les normales \u00e9pid\u00e9miques.<\/p>\n<p>        \u00c9pid\u00e9mie de grippe : qui sont les patients les plus touch\u00e9s ?    <\/p>\n<p><a href=\"https:\/\/ma-sante.news\/vaccin-chez-les-seniors-la-grippe-nest-pas-une-maladie-benigne\/\" target=\"_blank\" rel=\"noopener\">Les personnes \u00e2g\u00e9es paient le plus lourd tribut<\/a>. Parmi les cas graves de grippe admis en r\u00e9animation depuis le d\u00e9but de la saison, pr\u00e8s de 60 % ont 65 ans ou plus, et pr\u00e8s de 9 patients sur 10 pr\u00e9sentent au moins une comorbidit\u00e9.<\/p>\n<p>Mais la grippe ne frappe pas uniquement les seniors. <a href=\"https:\/\/ma-sante.news\/epidemie-de-grippe-forte-hausse-des-cas-chez-les-enfants\/\" target=\"_blank\" rel=\"noopener\">Chez les enfants et adolescents,<\/a> l\u2019activit\u00e9 hospitali\u00e8re atteint \u00e9galement un niveau \u00e9lev\u00e9, notamment chez les moins de 15 ans. Sans \u00eatre majoritairement mortelle, la grippe peut entra\u00eener des complications respiratoires ou <a href=\"https:\/\/ma-sante.news\/les-dangers-de-la-deshydratation-quels-impacts-sur-la-sante\/\" target=\"_blank\" rel=\"noopener\">une d\u00e9shydratation s\u00e9v\u00e8re<\/a>, n\u00e9cessitant parfois une hospitalisation.<\/p>\n<p>Depuis le d\u00e9but de la saison, 24 d\u00e9c\u00e8s li\u00e9s \u00e0 la grippe ont \u00e9t\u00e9 signal\u00e9s en r\u00e9animation, dont la grande majorit\u00e9 chez les plus de 65 ans.\u00a0<\/p>\n<p>        Covid-19, bronchiolite : o\u00f9 se situent les autres virus de l\u2019hiver ?    <\/p>\n<p>Le Covid-19 circule actuellement \u00e0 bas bruit. Les indicateurs restent stables et faibles, avec moins de 1 % des passages aux urgences li\u00e9s \u00e0 <a href=\"https:\/\/ma-sante.news\/covid-19-quelle-region-francaise-est-la-plus-touchee-en-ce-moment\/\" target=\"_blank\" rel=\"noopener\">une suspicion de Covid-19<\/a>, et un taux de positivit\u00e9 en diminution. Elle ne joue pas, cette ann\u00e9e, un r\u00f4le majeur dans la saturation hospitali\u00e8re.<\/p>\n<p><a href=\"https:\/\/ma-sante.news\/bronchiolite-16-nourrissons-doivent-etre-transferes-hors-ile-de-france\/\" target=\"_blank\" rel=\"noopener\">La bronchiolite, quant \u00e0 elle<\/a>, poursuit son \u00e9pid\u00e9mie chez les nourrissons, mais les indicateurs montrent une stabilisation, voire une l\u00e9g\u00e8re baisse. La grippe est donc, de loin, le principal moteur de la pression actuelle sur le syst\u00e8me de soins.<\/p>\n<p>        A-t-on atteint le pic de l\u2019\u00e9pid\u00e9mie de grippe ?    <\/p>\n<p>Certains signaux laissent penser que le pic pourrait approcher. En m\u00e9decine de ville, les consultations pour syndrome grippal ont l\u00e9g\u00e8rement diminu\u00e9 chez les enfants, un ph\u00e9nom\u00e8ne possiblement li\u00e9 aux cong\u00e9s scolaires. Mais \u00e0 l\u2019h\u00f4pital, la dynamique reste clairement ascendante, notamment en termes d\u2019hospitalisations.<\/p>\n<p>Compte tenu de la circulation tr\u00e8s importante des virus grippaux et des mod\u00e8les de pr\u00e9vision r\u00e9alis\u00e9s avec l\u2019Institut Pasteur, une poursuite de la forte sollicitation hospitali\u00e8re ne peut \u00eatre exclue dans les semaines \u00e0 venir.<\/p>\n<p>Sur le terrain, de nombreux m\u00e9decins estiment que le pic pourrait \u00eatre atteint dans un d\u00e9lai de 10 \u00e0 15 jours, \u00e0 condition que la dynamique reste conforme aux sch\u00e9mas habituels. Mais la grippe est impr\u00e9visible, sensible aux comportements sociaux, aux d\u00e9placements et aux conditions climatiques.<\/p>\n<p>        \u00c9pid\u00e9mie de grippe : que peut-on faire, concr\u00e8tement, aujourd\u2019hui ?    <strong>Revenir aux basiques\u2026 qui fonctionnent toujours<\/strong>    <\/p>\n<p>Ils ont parfois \u00e9t\u00e9 rel\u00e9gu\u00e9s au rang de mauvais souvenirs post-Covid, et pourtant. <a href=\"https:\/\/ma-sante.news\/bises-et-lavage-des-mains-gare-au-grand-relachement\/\" target=\"_blank\" rel=\"noopener\">Les gestes barri\u00e8res <\/a>restent l\u2019un des outils les plus efficaces pour ralentir la transmission de la grippe. Concr\u00e8tement, cela signifie :<\/p>\n<ul class=\"wp-block-list\">\n<li><a href=\"https:\/\/ma-sante.news\/epidemie-de-grippe-le-masque-est-il-obligatoire-en-france\/\" target=\"_blank\" rel=\"noopener\">Porter un masque d\u00e8s l\u2019apparition de sympt\u00f4mes <\/a>(fi\u00e8vre, toux, nez qui coule), en particulier dans les lieux clos, les transports ou en pr\u00e9sence de personnes fragiles. Non pas pour s\u2019isoler du monde, mais pour \u00e9viter de contaminer son entourage.<\/li>\n<li>Se laver les mains r\u00e9guli\u00e8rement, \u00e0 l\u2019eau et au savon ou avec une solution hydroalcoolique, notamment apr\u00e8s s\u2019\u00eatre mouch\u00e9, avoir touss\u00e9 ou fr\u00e9quent\u00e9 des lieux tr\u00e8s fr\u00e9quent\u00e9s.<\/li>\n<li>A\u00e9rer les espaces clos, plusieurs fois par jour, m\u00eame en hiver. Quelques minutes suffisent pour r\u00e9duire significativement la concentration de virus dans l\u2019air.<\/li>\n<\/ul>\n<p>Pris isol\u00e9ment, ces gestes peuvent sembler anodins. Ensemble, ils ont un impact r\u00e9el, notamment dans un contexte de forte circulation virale.<\/p>\n<p>        <strong>Grippe ou syndrome grippale : savoir quand consulter\u2026 et o\u00f9<\/strong>    <\/p>\n<p>Dans la majorit\u00e9 des cas, la grippe \u00e9volue favorablement en quelques jours, avec repos et traitement symptomatique. Mais certaines situations doivent alerter, et justifient une consultation rapide, en particulier chez les personnes les plus \u00e0 risque.<\/p>\n<p>Il est recommand\u00e9 de consulter sans tarder en cas de :<\/p>\n<ul class=\"wp-block-list\">\n<li>fi\u00e8vre \u00e9lev\u00e9e persistante,<\/li>\n<li>difficult\u00e9s respiratoires, essoufflement,<\/li>\n<li>grande fatigue inhabituelle ou aggravation rapide de l\u2019\u00e9tat g\u00e9n\u00e9ral,<\/li>\n<li>confusion, malaise ou douleurs thoraciques.<\/li>\n<\/ul>\n<p>La vigilance doit \u00eatre renforc\u00e9e chez :<\/p>\n<ul class=\"wp-block-list\">\n<li>les personnes \u00e2g\u00e9es,<\/li>\n<li>les femmes enceintes,<\/li>\n<li>les patients atteints de maladies chroniques (cardiaques, respiratoires, <a href=\"https:\/\/ma-sante.news\/diabete-la-genetique-est-elle-reellement-un-facteur-de-risque\/\" target=\"_blank\" rel=\"noopener\">diab\u00e8te<\/a>, <a href=\"https:\/\/ma-sante.news\/epidemie-dobesite-de-nouveaux-chiffres-tres-inquietants\/\" target=\"_blank\" rel=\"noopener\">ob\u00e9sit\u00e9<\/a>, <a href=\"https:\/\/ma-sante.news\/insuffisance-renale-faites-verifier-vos-reins-avant-quil-ne-soit-trop-tard\/\" target=\"_blank\" rel=\"noopener\">insuffisance r\u00e9nale<\/a>\u2026).<\/li>\n<li>les personnes immunod\u00e9prim\u00e9es.<\/li>\n<\/ul>\n<p>Dans la mesure du possible, la m\u00e9decine de ville doit \u00eatre privil\u00e9gi\u00e9e : m\u00e9decin traitant, maison m\u00e9dicale de garde, <a href=\"https:\/\/ma-sante.news\/teleconsultation-medicale-comment-ca-marche\/\" target=\"_blank\" rel=\"noopener\">t\u00e9l\u00e9consultation<\/a>. Les urgences doivent rester r\u00e9serv\u00e9es aux situations graves ou r\u00e9ellement urgentes, d\u2019autant qu\u2019elles sont d\u00e9j\u00e0 fortement sollicit\u00e9es par l\u2019\u00e9pid\u00e9mie.<\/p>\n<p>        <strong>Et la vaccination, encore utile en pleine \u00e9pid\u00e9mie ?<\/strong>    <\/p>\n<p>Il n\u2019est pas trop tard pour <a href=\"https:\/\/ma-sante.news\/se-vacciner-contre-la-grippe-pas-un-aveu-de-faiblesse-mais-un-reflexe-sante\/\" target=\"_blank\" rel=\"noopener\">se faire vacciner contre la grippe<\/a>, m\u00eame lorsque l\u2019\u00e9pid\u00e9mie est bien install\u00e9e. La vaccination reste recommand\u00e9e tout au long de la saison, notamment pour les personnes \u00e0 risque.\u00a0<\/p>\n<p>Au 30 novembre 2025, seulement 44 % des personnes \u00e2g\u00e9es de 65 ans et plus \u00e9taient vaccin\u00e9es contre la grippe, et \u00e0 peine 21 % des moins de 65 ans \u00e0 risque. Parmi les cas graves hospitalis\u00e9s, 77 % n\u2019\u00e9taient pas vaccin\u00e9s. La vaccination ne supprime pas totalement le risque d\u2019infection, mais elle r\u00e9duit significativement les formes graves, les hospitalisations et la mortalit\u00e9.\u00a0<\/p>\n<blockquote class=\"wp-block-quote is-layout-flow wp-block-quote-is-layout-flow\">\n<p><strong>\u00c0 SAVOIR\u00a0<\/strong><\/p>\n<p>M\u00eame lorsque le pic de l\u2019\u00e9pid\u00e9mie est atteint, la grippe ne dispara\u00eet pas brutalement. Selon Sant\u00e9 publique France et les analyses issues des mod\u00e8les de l\u2019Institut Pasteur, la phase post-pic peut durer plusieurs semaines, avec une circulation virale encore active, en particulier chez les populations fragiles.<\/p>\n<\/blockquote>\n<p>  <a class=\"gofollow\" data-track=\"MTIsMCw2MA==\" href=\"https:\/\/ma-sante.news\/annonceurs\/\" target=\"_blank\" rel=\"noopener\"><img loading=\"lazy\" decoding=\"async\" width=\"2560\" height=\"2133\" src=\"data:image\/svg+xml,%3Csvg%20xmlns=\" http:=\"\" data-lazy-src=\"https:\/\/www.europesays.com\/fr\/wp-content\/uploads\/2025\/03\/pub-annonceurs-4-scaled.jpg\"\/><\/a>    <img loading=\"lazy\" decoding=\"async\" width=\"755\" height=\"495\" src=\"data:image\/svg+xml,%3Csvg%20xmlns=\" http:=\"\" data-lazy-src=\"https:\/\/www.europesays.com\/fr\/wp-content\/uploads\/2025\/03\/Image1.jpg\" data-lazy-src-webp=\"https:\/\/www.europesays.com\/fr\/wp-content\/uploads\/2025\/03\/Image1.jpg.webp\" class=\"ewww_webp_lazy_load\"\/>Inscrivez-vous \u00e0 notre newsletter <br \/>Ma Sant\u00e9                      <\/p>\n","protected":false},"excerpt":{"rendered":"Les \u00e9pid\u00e9mies de grippe durent en moyenne 8 \u00e0 12 semaines, entre le d\u00e9but de la phase \u00e9pid\u00e9mique&hellip;\n","protected":false},"author":2,"featured_media":643018,"comment_status":"","ping_status":"","sticky":false,"template":"","format":"standard","meta":{"footnotes":""},"categories":[10],"tags":[1011,27,72,71,10655],"class_list":{"0":"post-643017","1":"post","2":"type-post","3":"status-publish","4":"format-standard","5":"has-post-thumbnail","7":"category-sante","8":"tag-fr","9":"tag-france","10":"tag-health","11":"tag-sante","12":"tag-u00e9pidu00e9mie-grippe"},"share_on_mastodon":{"url":"https:\/\/pubeurope.com\/@fr\/115843836405162623","error":""},"_links":{"self":[{"href":"https:\/\/www.europesays.com\/fr\/wp-json\/wp\/v2\/posts\/643017","targetHints":{"allow":["GET"]}}],"collection":[{"href":"https:\/\/www.europesays.com\/fr\/wp-json\/wp\/v2\/posts"}],"about":[{"href":"https:\/\/www.europesays.com\/fr\/wp-json\/wp\/v2\/types\/post"}],"author":[{"embeddable":true,"href":"https:\/\/www.europesays.com\/fr\/wp-json\/wp\/v2\/users\/2"}],"replies":[{"embeddable":true,"href":"https:\/\/www.europesays.com\/fr\/wp-json\/wp\/v2\/comments?post=643017"}],"version-history":[{"count":0,"href":"https:\/\/www.europesays.com\/fr\/wp-json\/wp\/v2\/posts\/643017\/revisions"}],"wp:featuredmedia":[{"embeddable":true,"href":"https:\/\/www.europesays.com\/fr\/wp-json\/wp\/v2\/media\/643018"}],"wp:attachment":[{"href":"https:\/\/www.europesays.com\/fr\/wp-json\/wp\/v2\/media?parent=643017"}],"wp:term":[{"taxonomy":"category","embeddable":true,"href":"https:\/\/www.europesays.com\/fr\/wp-json\/wp\/v2\/categories?post=643017"},{"taxonomy":"post_tag","embeddable":true,"href":"https:\/\/www.europesays.com\/fr\/wp-json\/wp\/v2\/tags?post=643017"}],"curies":[{"name":"wp","href":"https:\/\/api.w.org\/{rel}","templated":true}]}}