{"id":643021,"date":"2026-01-05T18:11:14","date_gmt":"2026-01-05T18:11:14","guid":{"rendered":"https:\/\/www.europesays.com\/fr\/643021\/"},"modified":"2026-01-05T18:11:14","modified_gmt":"2026-01-05T18:11:14","slug":"cetait-son-pilier-disparition-brutale-de-rebecca-la-femme-de-pierre-perret-depuis-soixante-ans","status":"publish","type":"post","link":"https:\/\/www.europesays.com\/fr\/643021\/","title":{"rendered":"\u00ab\u00a0C\u2019\u00e9tait son pilier\u00a0\u00bb\u00a0: disparition brutale de Rebecca, la femme de Pierre Perret depuis soixante ans"},"content":{"rendered":"<p class=\"paragraph text_align_left lp-f-body-02\">Pour parler \u00e0 <a href=\"https:\/\/www.leparisien.fr\/culture-loisirs\/paris-saccage-je-suis-un-vieux-con-samuse-pierre-perret-face-au-succes-de-sa-chanson-22-03-2023-HSHRU6A77ZCG3H7OZ4O36UJJZI.php\" target=\"_blank\" rel=\"noreferrer noopener\">Pierre Perret<\/a>, il fallait toujours passer par Rebecca, son \u00e9pouse et manageuse. Nous l\u2019avions encore eue au t\u00e9l\u00e9phone en novembre pour envisager une rencontre chez eux, \u00e0 Nangis <a href=\"https:\/\/www.leparisien.fr\/seine-et-marne-77\/\" target=\"_self\" rel=\"noopener\">(Seine-et-Marne)<\/a> lors de la sortie d\u2019un nouvel album et d\u2019un nouveau livre pr\u00e9vus au printemps prochain.<\/p>\n<p class=\"\">Ce sera notre derni\u00e8re conversation avec cette femme aussi chaleureuse que discr\u00e8te, qui ne voulait pas \u00eatre photographi\u00e9e avec son Pierre\u2026 Nous avons appris ce lundi matin la disparition de Rebecca par un proche du couple. Elle est d\u00e9c\u00e9d\u00e9e dans la nuit de samedi \u00e0 dimanche \u00e0 l\u2019\u00e2ge de 88 ans.<\/p>\n<p class=\"\">L\u2019accord\u00e9oniste historique de Pierre Perret, Gilles Lecouty, alias <a href=\"https:\/\/www.leparisien.fr\/culture-loisirs\/musique\/viens-boire-un-ptit-coup-a-la-maison-de-licence-iv-on-a-retrouve-gilou-et-son-petit-accordeon-28-07-2024-OTD2OV2ZMVHYLK7CIXJPFJ3MI4.php\" target=\"_self\" rel=\"noopener\">Gilou<\/a>, est \u00ab effondr\u00e9 \u00bb. \u00ab C\u2019est Pierre qui m\u2019a appel\u00e9 hier matin, nous dit-il ce lundi du Mans, o\u00f9 il vit. Rebecca n\u2019\u00e9tait pas malade. Elle a fait une mauvaise chute dans des escaliers il y a une dizaine de jours\u2026 Elle \u00e9tait son pilier, sa muse, sa manageuse, sa comptable, sa chauffeuse, son \u00e9ditrice\u2026 L\u2019un n\u2019allait jamais sans l\u2019autre, \u00e7a va \u00eatre dur pour Pierre. Il est fort, l\u2019\u00e9criture peut le sauver. \u00bb<\/p>\n<p>Perret va renommer sa femme Simone&#8230; Rebecca<\/p>\n<p class=\"\">Entre Rebecca et Pierre, c\u2019est une histoire d\u2019amour de pr\u00e8s de sept d\u00e9cennies ! Ils se sont rencontr\u00e9s au tout de d\u00e9but de sa carri\u00e8re, en 1957, dans la maison de disques de Perret. Simone Malzaltarim, de son vrai nom, est alors secr\u00e9taire chez Barclay. Ils ont une prise de bec \u00e0 propos du remboursement d\u2019un billet d\u2019avion et Perret l\u2019invite \u00e0 l\u2019un de ses concerts, \u00e0 La Colombe. Elle tombe sous son charme. Et inversement.<\/p>\n<p class=\"\">Il a 23 ans, elle a 19 ans, il s\u2019installe tr\u00e8s vite chez elle. \u00ab Quand j\u2019ai commenc\u00e9 \u00e0 \u00e9crire, j\u2019habitais chez elle, en HLM, \u00e0 Gennevilliers <a href=\"https:\/\/www.leparisien.fr\/hauts-de-seine-92\/\" target=\"_self\" rel=\"noopener\">(Hauts-de-Seine)<\/a>, nous racontait Pierre Perret en 2021. C\u2019\u00e9tait un peu l\u2019enfer pour travailler, alors j\u2019ai cherch\u00e9 un endroit tranquille, pas trop loin de Paris. \u00bb C\u2019est Rebecca qui<b> <\/b>l\u2019a trouv\u00e9 en 1964 \u00e0 Nangis, \u00e0 la Garde de Dieu, lieu-dit o\u00f9 Jeanne d\u2019Arc avait plant\u00e9 son bivouac en 1429.<\/p>\n<p class=\"\">Auparavant, les deux tourtereaux se marient le 18 ao\u00fbt 1962 \u00e0 Castelsarrasin, la ville natale de Pierre, dans le Tarn-et-Garonne. Ils ont deux jumeaux la m\u00eame ann\u00e9e, Anne et Alain, et une deuxi\u00e8me fille, Julie, en 1963. Sa disparition en 1995 \u00e0 seulement 32 ans est un \u00ab immense drame \u00bb dont ils ne parleront quasiment jamais publiquement.<\/p>\n<p class=\"\">C\u2019est Perret qui va renommer sa femme Rebecca. Dans l\u2019un de ses livres de souvenirs \u00ab A cappella : Des Trois baudets \u00e0 l\u2019Olympia \u00bb, il expliquait avoir trouv\u00e9 que l\u2019\u00e9tymologie de ce pr\u00e9nom et l\u2019expression argotique \u00ab faire du Rebecca \u00bb, signifiant \u00ab se mettre en col\u00e8re \u00bb collait parfaitement au caract\u00e8re de sa compagne. \u00ab Elle avait du caract\u00e8re et certaines personnes avaient peur d\u2019elle, confirme Gilou. Mais Pierre \u00e9tait extr\u00eamement sollicit\u00e9 tout le temps et il fallait bien quelqu\u2019un pour faire le sale boulot. \u00bb<\/p>\n<p>\u00ab On formait une \u00e9quipe tr\u00e8s soud\u00e9e, on avait une complicit\u00e9 formidable \u00bb<\/p>\n<p class=\"\">Gilou est arriv\u00e9 \u00ab dans la famille Perret \u00bb fin 1966 \u00e0 Nangis. \u00ab J\u2019ai jou\u00e9 un morceau \u00e0 l\u2019accord\u00e9on \u00e0 Pierre et il m\u2019a aussit\u00f4t engag\u00e9, raconte-t-il. On ne s\u2019est pas quitt\u00e9 depuis. Avec Rebecca, on formait une \u00e9quipe tr\u00e8s soud\u00e9e, on avait une complicit\u00e9 formidable. C\u2019\u00e9tait quelqu\u2019un d\u2019admirable, qui faisait tout pour que Pierre n\u2019ait qu\u2019\u00e0 penser \u00e0 la musique, \u00e0 l\u2019\u00e9criture et \u00e0 la sc\u00e8ne. Elle g\u00e9rait tout dans l\u2019ombre. \u00bb<\/p>\n<p class=\"\">\u00ab Je l\u2019appelais la patronne, t\u00e9moigne Gilou. Quand je la retrouvais sur un gala, je lui demandais Comment \u00e7a va la patronne ? Elle me demandait immanquablement de lui raconter une histoire dr\u00f4le. Elle avait beaucoup d\u2019humour. Une fois, elle avait fait croire \u00e0 un gars que le dimanche, quand je ne travaillais pas pour Pierre, je jouais \u00e0 la messe\u2026 \u00bb<\/p>\n<p class=\"\">Gilou accuse le coup. \u00ab J\u2019attends des nouvelles de Pierre, pr\u00e9cise-t-il. Ses musiciens et techniciens, nous sommes tous boulevers\u00e9s par la disparition de Rebecca. Depuis trente ans, c\u2019est la m\u00eame \u00e9quipe qui accompagne Pierre. On est une famille. \u00bb Une famille qui a perdu un pilier. \u00ab Et m\u00eame plus que \u00e7a \u00bb, soupire l\u2019accord\u00e9oniste.<\/p>\n","protected":false},"excerpt":{"rendered":"Pour parler \u00e0 Pierre Perret, il fallait toujours passer par Rebecca, son \u00e9pouse et manageuse. Nous l\u2019avions encore&hellip;\n","protected":false},"author":2,"featured_media":643022,"comment_status":"","ping_status":"","sticky":false,"template":"","format":"standard","meta":{"footnotes":""},"categories":[8],"tags":[872,58,59,1011,27,873],"class_list":{"0":"post-643021","1":"post","2":"type-post","3":"status-publish","4":"format-standard","5":"has-post-thumbnail","7":"category-divertissement","8":"tag-culture-et-loisirs","9":"tag-divertissement","10":"tag-entertainment","11":"tag-fr","12":"tag-france","13":"tag-musique"},"share_on_mastodon":{"url":"https:\/\/pubeurope.com\/@fr\/115843844466335954","error":""},"_links":{"self":[{"href":"https:\/\/www.europesays.com\/fr\/wp-json\/wp\/v2\/posts\/643021","targetHints":{"allow":["GET"]}}],"collection":[{"href":"https:\/\/www.europesays.com\/fr\/wp-json\/wp\/v2\/posts"}],"about":[{"href":"https:\/\/www.europesays.com\/fr\/wp-json\/wp\/v2\/types\/post"}],"author":[{"embeddable":true,"href":"https:\/\/www.europesays.com\/fr\/wp-json\/wp\/v2\/users\/2"}],"replies":[{"embeddable":true,"href":"https:\/\/www.europesays.com\/fr\/wp-json\/wp\/v2\/comments?post=643021"}],"version-history":[{"count":0,"href":"https:\/\/www.europesays.com\/fr\/wp-json\/wp\/v2\/posts\/643021\/revisions"}],"wp:featuredmedia":[{"embeddable":true,"href":"https:\/\/www.europesays.com\/fr\/wp-json\/wp\/v2\/media\/643022"}],"wp:attachment":[{"href":"https:\/\/www.europesays.com\/fr\/wp-json\/wp\/v2\/media?parent=643021"}],"wp:term":[{"taxonomy":"category","embeddable":true,"href":"https:\/\/www.europesays.com\/fr\/wp-json\/wp\/v2\/categories?post=643021"},{"taxonomy":"post_tag","embeddable":true,"href":"https:\/\/www.europesays.com\/fr\/wp-json\/wp\/v2\/tags?post=643021"}],"curies":[{"name":"wp","href":"https:\/\/api.w.org\/{rel}","templated":true}]}}