{"id":643026,"date":"2026-01-05T18:14:07","date_gmt":"2026-01-05T18:14:07","guid":{"rendered":"https:\/\/www.europesays.com\/fr\/643026\/"},"modified":"2026-01-05T18:14:07","modified_gmt":"2026-01-05T18:14:07","slug":"en-direct-venezuela-nicolas-maduro-presente-a-un-juge-americain-a-new-york-apres-son-enlevement-le-monde-fr","status":"publish","type":"post","link":"https:\/\/www.europesays.com\/fr\/643026\/","title":{"rendered":"EN DIRECT, Venezuela : Nicolas Maduro pr\u00e9sent\u00e9 \u00e0 un juge am\u00e9ricain \u00e0 New York, apr\u00e8s son enl\u00e8vement &#8211; Le Monde.fr"},"content":{"rendered":"<ol>\n<li><a href=\"https:\/\/news.google.com\/rss\/articles\/CBMi-gFBVV95cUxNcEg0a0otMGgzRVJGUnYyYnNkbERWeXFXSTNxRC1KVk9tdk9FRkVrMjRFOUVnQzBSd0ViQ1hGcDY3NU91aTJvSmtjSHBkV3pldG9kYk9KLUNlODlYNUdpajJud1FiSVFkRnJ6NXY3TjZXVm9nUVJ2Q0diRE96TjFndlZPNnYydHoyTVlJT2Z2ZFpma20xVE90NUJsNUxIRVhXd2p6YUdUMnNFWDFzeV9INktiaFE0NWk3aXBXOWNsbW40MUZCTGhTZkZfSU1kMWZEbjdUNnFQZjM1NjJSTFJScXVOM0hvQ2dRSWZtSUlrS0FSQ3VjZmxVNDNR?oc=5\" target=\"_blank\" rel=\"noopener\">EN DIRECT, Venezuela : Nicolas Maduro pr\u00e9sent\u00e9 \u00e0 un juge am\u00e9ricain \u00e0 New York, apr\u00e8s son enl\u00e8vement<\/a>&nbsp;&nbsp;Le Monde.fr<\/li>\n<li><a href=\"https:\/\/news.google.com\/rss\/articles\/CBMisgJBVV95cUxQNmhwSDNZbEh5U2ZUdWVPT1FwU3AxVGE2MGQwWDQ2V3ljRVNjdmFURzdIQ1BDQUw0YVBlZnktOVlrMHlJSlI2Q25DRUp6MnlKUE41dWxBVXZCNmNNQ2dkWVAxeE1mUWlJbzVnT2NJa2VfXzlxVHRPQ3ZNMF9oeXo1WlNJQWt3MDlqclhVZzNweGFmZEM2ODRvYWFiUTJXdlB4dlhCOEFxZHdEd3A4ZVI3QmlIUjgtZzRKUWVJWFoxNmRtUmNqVVNxRjhQR2x1R1VvVm04ZGFxcUk4T1Z5UDRKLU11VkgweFhENjZLUDFTN2dFdWpraGpkZ2tzSTFZTUV1Yk4wTUN3N0ZVc3Fpa0xsZk92WUNYVm5qT045WjJvUGF3MGlLWGZnSHFIbVZ2bS02SHc?oc=5\" target=\"_blank\" rel=\"noopener\">Venezuela : Emmanuel Macron critique finalement la \u00ab m\u00e9thode employ\u00e9e \u00bb pour renverser Nicolas Maduro, \u00ab ni soutenue ni approuv\u00e9e \u00bb par la France<\/a>&nbsp;&nbsp;Le Monde.fr<\/li>\n<li><a href=\"https:\/\/news.google.com\/rss\/articles\/CBMi9gFBVV95cUxQQ2xxdnRmeVlVb0xpOTBDeXdGNkdBMmZPZGQ1Y05QaWJQZjEtQ0RhLXVFXzBhOTZIbHJXLTJfV0FrU1pSbE0tM3N4N1dZZzJmX3ljYlZraFVGazlVOFcyZnJwN01QcUk2WjFFdTBKQmhYUy1ldHRCTDlnMjZWMkRmN2VGZ0o1MEYtRTVzOW9UakpxQzJlcXNtaWJTM2Rqd20zdmdZRUdwZUt3Tl85Y09pWVhjUnFPcTNFcm9tbGhwcHV4ZnROUUpEbnZvcTc5Wm5sNWFkXzdKamtVand0bzJPTWw0dEhuWERsRVpVcDdkbnNYeEJSTmc?oc=5\" target=\"_blank\" rel=\"noopener\">Donald Trump : \u00ab\u00a0Nous voulons r\u00e9cup\u00e9rer notre p\u00e9trole\u2026\u00a0\u00bb pourquoi le pr\u00e9sident am\u00e9ricain revendique l&rsquo;or noir du Venezuela<\/a>&nbsp;&nbsp;ladepeche.fr<\/li>\n<li><a href=\"https:\/\/news.google.com\/rss\/articles\/CBMi0wJBVV95cUxQT2RMRlRBNGpINTdsalY0YXlGR3IwMDNPOVpLM2dMeUwwTEY2WWMyeGx5Vks3d0hTRGRNZ2gzVTJnU2VlYS02bkU3VExIQWhwTzZOQWhtalJxTkJ4VTdZUG1TdE1sV2Jud0U4U0NYc0drbWhsWEFHRDduLTFCLW96b2NVbU13ZWxZMkdibXUyWHhxWkpaYUdXdl96RFhUaFM0d0lHS19UOTVIS2JLYUlfYUx3WTlrMy1iNm9XNE15VFdIUHp0ZHJ3a2lrRk5ra2FENGczNENKR2lOWXBGd1ZWdXN5dTMxM000T05la0FMVDZVeDhDYzdMd3RraU5QSUl2SV81dkktX1FpV1dEY1JqZmxxUHVxamJQQnI0eTRpRld1eUVpejBVT05Ud0ZoQ3VqbmlXaGxxLS1na29tX25sY0xqdGVicmNxRTZ0YTVxSUFBdVk?oc=5\" target=\"_blank\" rel=\"noopener\">R\u00e9serves gigantesques, ranc\u0153urs li\u00e9es aux nationalisations\u2026 Pourquoi le p\u00e9trole est un \u00e9l\u00e9ment si central de l&rsquo;op\u00e9ration am\u00e9ricaine au Venezuela<\/a>&nbsp;&nbsp;France Info<\/li>\n<li><a href=\"https:\/\/news.google.com\/rss\/articles\/CBMi-wFBVV95cUxNWmx5RGRrNFJ5ajBKdW04c01waUZvdGQtMUdWelRMS0FWbVNWNlhwV2tUbkgwd0tCLTFOTjVzOFdmWVpOem1Da0p1WjJuTEk4Xy1pNFFFd2NNOGJ2THZUQVdwN2dXS2N4UGttdmI5cS1udjRhSGxCdUlZUGdWbVpZRmh4NmM2NHZHanI0cTQ2Y1RUSlkxWU9VSWxXYkhVUXl3UndsZ2trTFpPQnUzUnhfakx0eWFzcWZmQ3Z4T05RREJlWFVCT2gzWFNfa1FrdDh1ekNKSE1qQnk0YzIxVXhlVzVYSVd1SFZIU2UwYThBXzJjVkhpQUFZWmlfMA?oc=5\" target=\"_blank\" rel=\"noopener\">\u00abIl leur faisait plus confiance qu\u2019\u00e0 son propre peuple\u00bb : pourquoi les gardes du corps de Nicolas Maduro \u00e9taient-ils cubains ?<\/a>&nbsp;&nbsp;Le Figaro<\/li>\n<\/ol>\n","protected":false},"excerpt":{"rendered":"EN DIRECT, Venezuela : Nicolas Maduro pr\u00e9sent\u00e9 \u00e0 un juge am\u00e9ricain \u00e0 New York, apr\u00e8s son enl\u00e8vement&nbsp;&nbsp;Le Monde.fr&hellip;\n","protected":false},"author":2,"featured_media":395849,"comment_status":"","ping_status":"","sticky":false,"template":"","format":"standard","meta":{"footnotes":""},"categories":[5],"tags":[11,1011,27,14,12,28],"class_list":{"0":"post-643026","1":"post","2":"type-post","3":"status-publish","4":"format-standard","5":"has-post-thumbnail","7":"category-international","8":"tag-actualites","9":"tag-fr","10":"tag-france","11":"tag-international","12":"tag-news","13":"tag-world"},"share_on_mastodon":{"url":"https:\/\/pubeurope.com\/@fr\/115843856222923388","error":""},"_links":{"self":[{"href":"https:\/\/www.europesays.com\/fr\/wp-json\/wp\/v2\/posts\/643026","targetHints":{"allow":["GET"]}}],"collection":[{"href":"https:\/\/www.europesays.com\/fr\/wp-json\/wp\/v2\/posts"}],"about":[{"href":"https:\/\/www.europesays.com\/fr\/wp-json\/wp\/v2\/types\/post"}],"author":[{"embeddable":true,"href":"https:\/\/www.europesays.com\/fr\/wp-json\/wp\/v2\/users\/2"}],"replies":[{"embeddable":true,"href":"https:\/\/www.europesays.com\/fr\/wp-json\/wp\/v2\/comments?post=643026"}],"version-history":[{"count":0,"href":"https:\/\/www.europesays.com\/fr\/wp-json\/wp\/v2\/posts\/643026\/revisions"}],"wp:featuredmedia":[{"embeddable":true,"href":"https:\/\/www.europesays.com\/fr\/wp-json\/wp\/v2\/media\/395849"}],"wp:attachment":[{"href":"https:\/\/www.europesays.com\/fr\/wp-json\/wp\/v2\/media?parent=643026"}],"wp:term":[{"taxonomy":"category","embeddable":true,"href":"https:\/\/www.europesays.com\/fr\/wp-json\/wp\/v2\/categories?post=643026"},{"taxonomy":"post_tag","embeddable":true,"href":"https:\/\/www.europesays.com\/fr\/wp-json\/wp\/v2\/tags?post=643026"}],"curies":[{"name":"wp","href":"https:\/\/api.w.org\/{rel}","templated":true}]}}