{"id":643027,"date":"2026-01-05T18:15:13","date_gmt":"2026-01-05T18:15:13","guid":{"rendered":"https:\/\/www.europesays.com\/fr\/643027\/"},"modified":"2026-01-05T18:15:13","modified_gmt":"2026-01-05T18:15:13","slug":"le-plus-grand-food-court-de-france-et-deurope-a-definitivement-ferme","status":"publish","type":"post","link":"https:\/\/www.europesays.com\/fr\/643027\/","title":{"rendered":"Le plus grand food court de France et d\u2019Europe a d\u00e9finitivement ferm\u00e9"},"content":{"rendered":"<p>Le Food Society Paris Ga\u00eet\u00e9, c\u2019est fini. Depuis le 1er\u00a0janvier, les quinze restaurants qui occupaient les 3.500\u00a0m2 du <a href=\"https:\/\/www.20minutes.fr\/tempo\/4094994-20240606-lyon-food-society-considere-comme-plus-grand-food-court-france-ferme-portes\" class=\"c-link c-link--is-underlined\" target=\"_blank\" rel=\"noopener\">plus grand food court<\/a> de France et d\u2019Europe install\u00e9 \u00e0 <a href=\"https:\/\/www.20minutes.fr\/dossier\/gare-montparnasse\" class=\"c-link c-link--is-underlined\" target=\"_blank\" rel=\"noopener\">Montparnasse<\/a>, dans le 14e\u00a0arrondissement de Paris, <a href=\"https:\/\/hospitality-on.com\/fr\/restauration\/inauguration-officielle-du-food-society-paris-gaite\" target=\"_blank\" class=\"c-link c-link--is-underlined\" rel=\"noopener\">depuis octobre\u00a02022<\/a>, ont ferm\u00e9 leurs portes.<\/p>\n<p>L\u2019offre \u00e9tait pourtant all\u00e9chante. Pr\u00e8s de 600 places assises, une cuisine \u00ab\u00a0fait maison\u00a0\u00bb, \u00e9thique et issue de produits <a href=\"https:\/\/www.20minutes.fr\/tempo\/food\/4111380-20240924-comment-circuits-courts-allongent-pouvoir-achat\" class=\"c-link c-link--is-underlined\" target=\"_blank\" rel=\"noopener\">en circuits courts<\/a>, de la gastronomie \u00e0 la street food en passant par un bar \u00e0 cocktails\u00a0: il y en avait, en th\u00e9orie, pour tous les go\u00fbts. Mais la r\u00e9alit\u00e9 \u00e9conomique a bien vite rattrap\u00e9 les fondateurs de cet espace qui ambitionnaient de devenir un incontournable parisien.<\/p>\n<p>Liquidation judiciaire et vente aux ench\u00e8res<\/p>\n<p>Install\u00e9 au c\u0153ur du centre commercial des Ateliers Ga\u00eet\u00e9, tout pr\u00e8s de la gare Montparnasse, le Food Society n\u2019aura pas r\u00e9ussi \u00e0 trouver son public. \u00ab\u00a0Apr\u00e8s une aventure intense, gourmande, festive, Food Society Paris fermera d\u00e9finitivement ses portes \u00e0 compter du 1er\u00a0janvier 2026\u00a0\u00bb, avait indiqu\u00e9, d\u00e8s le 28\u00a0d\u00e9cembre, l\u2019enseigne sur ses r\u00e9seaux sociaux. <a href=\"https:\/\/annonces-legales.lefigaro.fr\/annonces-legales\/food-society-paris-procedures-collectives\/\" target=\"_blank\" class=\"c-link c-link--is-underlined\" rel=\"noopener\">En redressement judiciaire<\/a> depuis le 27\u00a0ao\u00fbt 2025, elle avait finalement \u00e9t\u00e9 <a href=\"https:\/\/www.artus-encheres.fr\/en\/sale\/175197-sasu-food-society-paris-enseigne-les-ateliers-gaite-3000m2\" target=\"_blank\" class=\"c-link c-link--is-underlined\" rel=\"noopener\">plac\u00e9e en liquidation judiciaire<\/a>.<\/p>\n<p>Une <a href=\"https:\/\/www.interencheres.com\/biens-equipement\/sasu-food-society-paris-enseigne-les-ateliers-gaite-3000m2-de-materiel-de-restauration-divers-et-mobilier-671043\/lot-84997698.html\" target=\"_blank\" class=\"c-link c-link--is-underlined\" rel=\"noopener\">vente aux ench\u00e8res publiques du mobilier<\/a> et du mat\u00e9riel de restauration aura lieu le 8\u00a0janvier, au centre commercial Ga\u00eet\u00e9-Montparnasse, soit une semaine \u00e0 peine apr\u00e8s la fermeture d\u00e9finitive du food court parisien. Il sera possible pour les acheteurs potentiels de se rendre la veille, sur place, pour \u00ab\u00a0chiner\u00a0\u00bb\u00a0\u00bb en amont.<\/p>\n","protected":false},"excerpt":{"rendered":"Le Food Society Paris Ga\u00eet\u00e9, c\u2019est fini. Depuis le 1er\u00a0janvier, les quinze restaurants qui occupaient les 3.500\u00a0m2 du&hellip;\n","protected":false},"author":2,"featured_media":643028,"comment_status":"","ping_status":"","sticky":false,"template":"","format":"standard","meta":{"footnotes":""},"categories":[4],"tags":[47,11,25337,902,2656,1011,27,8037,1661,662,12,626,25,104],"class_list":{"0":"post-643027","1":"post","2":"type-post","3":"status-publish","4":"format-standard","5":"has-post-thumbnail","7":"category-france","8":"tag-actualite","9":"tag-actualites","10":"tag-centre-commercial","11":"tag-cuisine","12":"tag-food","13":"tag-fr","14":"tag-france","15":"tag-gare-montparnasse","16":"tag-gastronomie","17":"tag-ile-de-france","18":"tag-news","19":"tag-paris","20":"tag-republique-francaise","21":"tag-societe"},"share_on_mastodon":{"url":"https:\/\/pubeurope.com\/@fr\/115843860004006922","error":""},"_links":{"self":[{"href":"https:\/\/www.europesays.com\/fr\/wp-json\/wp\/v2\/posts\/643027","targetHints":{"allow":["GET"]}}],"collection":[{"href":"https:\/\/www.europesays.com\/fr\/wp-json\/wp\/v2\/posts"}],"about":[{"href":"https:\/\/www.europesays.com\/fr\/wp-json\/wp\/v2\/types\/post"}],"author":[{"embeddable":true,"href":"https:\/\/www.europesays.com\/fr\/wp-json\/wp\/v2\/users\/2"}],"replies":[{"embeddable":true,"href":"https:\/\/www.europesays.com\/fr\/wp-json\/wp\/v2\/comments?post=643027"}],"version-history":[{"count":0,"href":"https:\/\/www.europesays.com\/fr\/wp-json\/wp\/v2\/posts\/643027\/revisions"}],"wp:featuredmedia":[{"embeddable":true,"href":"https:\/\/www.europesays.com\/fr\/wp-json\/wp\/v2\/media\/643028"}],"wp:attachment":[{"href":"https:\/\/www.europesays.com\/fr\/wp-json\/wp\/v2\/media?parent=643027"}],"wp:term":[{"taxonomy":"category","embeddable":true,"href":"https:\/\/www.europesays.com\/fr\/wp-json\/wp\/v2\/categories?post=643027"},{"taxonomy":"post_tag","embeddable":true,"href":"https:\/\/www.europesays.com\/fr\/wp-json\/wp\/v2\/tags?post=643027"}],"curies":[{"name":"wp","href":"https:\/\/api.w.org\/{rel}","templated":true}]}}