{"id":643029,"date":"2026-01-05T18:16:11","date_gmt":"2026-01-05T18:16:11","guid":{"rendered":"https:\/\/www.europesays.com\/fr\/643029\/"},"modified":"2026-01-05T18:16:11","modified_gmt":"2026-01-05T18:16:11","slug":"exclu-midol-transferts-lancien-de-perpignan-alistair-crossdale-a-raccroche-les-crampons-a-27-ans","status":"publish","type":"post","link":"https:\/\/www.europesays.com\/fr\/643029\/","title":{"rendered":"Exclu Midol. Transferts \u2013 L\u2019ancien de Perpignan Alistair Crossdale a raccroch\u00e9 les crampons \u00e0 27 ans"},"content":{"rendered":"<p>\n                Apr\u00e8s une aventure catalane de pr\u00e8s de trois ans conclue par une grave blessure \u00e0 un genou, Alistair Crossdale (27 ans) avait quitt\u00e9 Perpignan l\u2019\u00e9t\u00e9 dernier. Le supersonique ailier anglais a finalement d\u00e9cid\u00e9 de mettre un terme \u00e0 sa carri\u00e8re.\n            <\/p>\n<p>Alistair Crossdale ne foulera\u00a0plus les pelouses de rugby professionnel. Selon nos informations, l\u2019ailier anglais, qui s\u2019\u00e9tait illustr\u00e9 <strong><a href=\"https:\/\/www.rugbyrama.fr\/equipe\/usa-perpignan\/\" target=\"_self\" rel=\"noopener\">sous les couleurs de Perpignan<\/a><\/strong>, a d\u00e9cid\u00e9 de tirer sa r\u00e9v\u00e9rence \u00e0 seulement 27 ans.<\/p>\n<p>Victime d\u2019une s\u00e9rieuse blessure \u00e0 un genou au printemps dernier, le Mancunien d\u2019origine n\u2019avait pas \u00e9t\u00e9 conserv\u00e9 par l\u2019Usap et \u00e9tait depuis en recherche d\u2019un club. Faute de challenge convaincant, il a d\u00e9cid\u00e9 de basculer dans une autre carri\u00e8re professionnelle\u00a0: le milieu de la finance. Arriv\u00e9 en d\u00e9cembre\u00a02022 en France (en m\u00eame temps que les fr\u00e8res Willis ou encore Brad Shields) \u00e0 la suite de la liquidation des Wasps, l\u2019ancien international U20 avait fait forte impression sous les couleurs sang et or. En d\u00e9pit de p\u00e9pins physiques \u00e0 r\u00e9p\u00e9tition, Alistair Crossdale avait inscrit sept essais en trente-quatre matchs disput\u00e9s pour le compte de l\u2019Usap.<\/p>\n<p>Deux convocations pour le Tournoi<\/p>\n<p>Avant sa carri\u00e8re fran\u00e7aise, il avait \u00e9t\u00e9 un bel espoir de Premiership. Pass\u00e9 par les \u00e9quipes jeunes de Newcastle et de Sale, il avait rejoint les Saracens avec qui il avait \u00e9t\u00e9 sacr\u00e9 champion de deuxi\u00e8me division anglaise. Apr\u00e8s un interm\u00e8de \u00e0 Christchurch, il avait rejoint les ambitieux Wasps en 2021. Ses performances lui avaient valu d\u2019\u00eatre convoqu\u00e9 par Eddie Jones dans des groupes \u00e9largis du XV de la Rose\u00a0pour<strong><a href=\"https:\/\/www.rugbyrama.fr\/rugby-a-xv\/6-nations\/\" target=\"_self\" rel=\"noopener\"> les Tournois des 6 Nations<\/a><\/strong> 2021 et 2022.<\/p>\n<p>Ses ambitions internationales avaient \u00e9t\u00e9 grandement contrari\u00e9es par la disparition des Wasps qui l\u2019avait incit\u00e9 \u00e0 s\u2019exiler. \u00c0 Perpignan, avec qui il aura disput\u00e9 ses derni\u00e8res rencontres au plus haut niveau\u00a0; et\u00a0o\u00f9 il aura laiss\u00e9 une tr\u00e8s belle impression, de par notamment sa pointe\u00a0de vitesse \u00e0 37\u00a0km\/h qui lui avait, un jour, permis de rattraper Damian Penaud en contre-attaque.<\/p>\n","protected":false},"excerpt":{"rendered":"Apr\u00e8s une aventure catalane de pr\u00e8s de trois ans conclue par une grave blessure \u00e0 un genou, Alistair&hellip;\n","protected":false},"author":2,"featured_media":643030,"comment_status":"","ping_status":"","sticky":false,"template":"","format":"standard","meta":{"footnotes":""},"categories":[2],"tags":[11,1011,27,12,10662],"class_list":{"0":"post-643029","1":"post","2":"type-post","3":"status-publish","4":"format-standard","5":"has-post-thumbnail","7":"category-actualites","8":"tag-actualites","9":"tag-fr","10":"tag-france","11":"tag-news","12":"tag-transferts"},"share_on_mastodon":{"url":"https:\/\/pubeurope.com\/@fr\/115843864017293249","error":""},"_links":{"self":[{"href":"https:\/\/www.europesays.com\/fr\/wp-json\/wp\/v2\/posts\/643029","targetHints":{"allow":["GET"]}}],"collection":[{"href":"https:\/\/www.europesays.com\/fr\/wp-json\/wp\/v2\/posts"}],"about":[{"href":"https:\/\/www.europesays.com\/fr\/wp-json\/wp\/v2\/types\/post"}],"author":[{"embeddable":true,"href":"https:\/\/www.europesays.com\/fr\/wp-json\/wp\/v2\/users\/2"}],"replies":[{"embeddable":true,"href":"https:\/\/www.europesays.com\/fr\/wp-json\/wp\/v2\/comments?post=643029"}],"version-history":[{"count":0,"href":"https:\/\/www.europesays.com\/fr\/wp-json\/wp\/v2\/posts\/643029\/revisions"}],"wp:featuredmedia":[{"embeddable":true,"href":"https:\/\/www.europesays.com\/fr\/wp-json\/wp\/v2\/media\/643030"}],"wp:attachment":[{"href":"https:\/\/www.europesays.com\/fr\/wp-json\/wp\/v2\/media?parent=643029"}],"wp:term":[{"taxonomy":"category","embeddable":true,"href":"https:\/\/www.europesays.com\/fr\/wp-json\/wp\/v2\/categories?post=643029"},{"taxonomy":"post_tag","embeddable":true,"href":"https:\/\/www.europesays.com\/fr\/wp-json\/wp\/v2\/tags?post=643029"}],"curies":[{"name":"wp","href":"https:\/\/api.w.org\/{rel}","templated":true}]}}