{"id":643031,"date":"2026-01-05T18:17:11","date_gmt":"2026-01-05T18:17:11","guid":{"rendered":"https:\/\/www.europesays.com\/fr\/643031\/"},"modified":"2026-01-05T18:17:11","modified_gmt":"2026-01-05T18:17:11","slug":"quels-sont-les-quartiers-de-saint-etienne-les-plus-economiquement-dynamiques","status":"publish","type":"post","link":"https:\/\/www.europesays.com\/fr\/643031\/","title":{"rendered":"Quels sont les quartiers de Saint-Etienne les plus \u00e9conomiquement dynamiques ?"},"content":{"rendered":"<p class=\"is-style-chapo\">A Saint-Etienne, seize quartiers concentrent 64 % des effectifs salari\u00e9s priv\u00e9s de la ville, et 58 % de leurs \u00e9tablissements. N\u00e9anmoins, si tous les quartiers sont en croissance depuis 2012, tous n\u2019affichent pas le m\u00eame dynamisme et on recense quatre territoires porteurs. C\u2019est ce que pointait cet automne\u00a0Le suivi \u00e9conomique des quartiers st\u00e9phanois, publi\u00e9 par L\u2019Agence d\u2019urbanisme des territoires lig\u00e9riens (<a href=\"https:\/\/www.epures.com\/index.php\/publications\/epures\/economie-emploi\" target=\"_blank\" rel=\"noreferrer noopener\">Epures<\/a>), en partenariat avec l\u2019Acoss-Urssaf.<\/p>\n<p><img fetchpriority=\"high\" decoding=\"async\" width=\"1024\" height=\"576\" src=\"https:\/\/www.europesays.com\/fr\/wp-content\/uploads\/2026\/01\/IMG_8920-1-1024x576.jpg\" alt=\"\" class=\"wp-image-80835\"  \/><\/p>\n<p>\u00c0 Saint-\u00c9tienne, les effectifs salari\u00e9s du secteur priv\u00e9s sont principalement concentr\u00e9s dans certains quartiers. C\u2019est le cas de\u00a0Ch\u00e2teaucreux\u00a0(5 010 postes), de l\u2019entr\u00e9e Nord-Est (4 590) de l\u2019hypercentre (4 520) et du <a href=\"https:\/\/www.if-saint-etienne.fr\/economie\/immobilier\/au-technopole-atrium-livrera-plus-de-6-000-metres-carres-de-bureaux-cet-ete\" target=\"_blank\" rel=\"noreferrer noopener\">Technop\u00f4le<\/a> (3 910). En revanche, Saint-Roch (150), Chappe-Ferdinand (270) et Jacquard sont ceux qui regroupent le moins de salari\u00e9s du priv\u00e9.<\/p>\n<p>C\u2019est ce que pointe\u00a0Le suivi \u00e9conomique des quartiers st\u00e9phanois, publi\u00e9 par L\u2019Agence d\u2019urbanisme des territoires lig\u00e9riens (<a href=\"https:\/\/www.epures.com\/index.php\/publications\/epures\/economie-emploi\" target=\"_blank\" rel=\"noreferrer noopener\">Epures<\/a>), en partenariat avec l\u2019Acoss-Urssaf, d\u2019apr\u00e8s les effectifs exprim\u00e9s au 31 d\u00e9cembre 2023. Les seize quartiers analys\u00e9s* concentrent ainsi 64 % des effectifs salari\u00e9s priv\u00e9s et 58 % des \u00e9tablissements priv\u00e9s de la ville. Mais ces derniers se concentrent tr\u00e8s majoritairement dans l\u2019hypercentre st\u00e9phanois (850 \u00e9tablissements), bien que le chiffre note une l\u00e9g\u00e8re baisse en un an (- 40).<\/p>\n<p>Des disparit\u00e9s selon les quartiers<\/p>\n<p>Les effectifs salari\u00e9s priv\u00e9s des quartiers analys\u00e9s affichent une hausse moyenne de 2,4 % par an entre 2012 et 2023, alors qu\u2019ils sont en baisse de 1 % par an sur l\u2019ensemble de la ville de Saint-Etienne. Quatre quartiers se d\u00e9marquent par une croissance davantage proche des 4 %. Il s\u2019agit d\u2019abord de Centre Deux (+ 5,1 %), de la zone Manufacture Plaine Achille (+ 4,9 %), du Pont de l\u2019\u00c2ne (+ 4,4 %), et de l\u2019entr\u00e9e Sud (+ 4,4 %)<\/p>\n<p>En gain net d\u2019emplois, ce sont les quartiers qui se situent au nord de la ville qui ont accueilli les hausses d\u2019effectifs salari\u00e9s priv\u00e9s les plus fortes. L\u2019\u00e9tude pointe que ces m\u00eames zones ont fait l\u2019objet de politiques d\u2019am\u00e9nagement susceptibles d\u2019avoir impact\u00e9 positivement l\u2019activit\u00e9 \u00e9conomique.<\/p>\n<p>Une dynamique r\u00e9cente plus marqu\u00e9e<\/p>\n<p>La croissance est plus forte sur le court terme avec une hausse des effectifs de 3,6 % par an entre 2021 et 2013, dans les quartiers qui ont fait l\u2019objet d\u2019am\u00e9nagements, alors que les effectifs st\u00e9phanois pris dans leur ensemble ont baiss\u00e9 de 0,3 % sur la m\u00eame p\u00e9riode. Quatre quartiers se d\u00e9marquent m\u00eame par une croissance annuelle des effectifs sup\u00e9rieure \u00e0 7 % entre 2021 et 2023 : <a href=\"https:\/\/www.if-saint-etienne.fr\/politique\/la-friche-edf-de-centre-deux-va-renaitre\" target=\"_blank\" rel=\"noreferrer noopener\">Centre Deux<\/a> (+ 12,8 %), Manufacture Plaine Achille (+ 8,3 %), Jacquard (+ 7,5 %) et Saint-Roch (+ 7,4 %).<\/p>\n<p>Quel secteur pour quel quartier ?<\/p>\n<p>De mani\u00e8re g\u00e9n\u00e9rale, \u00e0 Saint-Etienne, plusieurs quartiers apparaissent comme tr\u00e8s sp\u00e9cialis\u00e9s sur certains secteurs d\u2019activit\u00e9. C\u2019est le cas du quartier du Soleil et du Cr\u00eat de Roc dans l\u2019action sociale, de Centre Deux et de Monthieu dans le commerce, de Fauriel dans le service aux entreprises, du Technopole dans le tertiaire, ou encore de l\u2019industrie en Nord de Zac. Comme c\u2019est le cas dans de nombreux centres-villes, l\u2019hypercentre se caract\u00e9rise principalement par la pr\u00e9sence du commerce (24 % des effectifs en 2023) et des activit\u00e9s de services aux particuliers principalement, et aux entreprises.<\/p>\n<p><strong>*\u00a0Centre 2, Chappe-Ferdinand Ch\u00e2teaucreux, Cr\u00eat-de-Roc, l\u2019entr\u00e9e ouest de Saint-Etienne (pr\u00e8s de la Cotonne), l\u2019entr\u00e9e nord-est de Saint-Etienne (pr\u00e8s de Montreynaud), l\u2019entr\u00e9e sud de Saint-Etienne (vers la Rivi\u00e8re), Fauriel, hypercentre, Jacquard, Manufacture Plaine Achille, Pont de l\u2019Ane Monthieu, Saint-Roch, Le Soleil. Le quartier de Manufacture Plaine Achille se d\u00e9compose en trois secteurs : le C\u0153ur de Zac qui int\u00e8gre le quartier cr\u00e9atif, le nord de Zac \u00e0 proximit\u00e9 du stade Geoffroy Guichard et le Technopole.<\/strong><\/p>\n","protected":false},"excerpt":{"rendered":"A Saint-Etienne, seize quartiers concentrent 64 % des effectifs salari\u00e9s priv\u00e9s de la ville, et 58 % de&hellip;\n","protected":false},"author":2,"featured_media":643032,"comment_status":"","ping_status":"","sticky":false,"template":"","format":"standard","meta":{"footnotes":""},"categories":[9653],"tags":[1111,11,2430,63234,3235,74971,1777,674,1011,27,12,74972,74973,25,4001,20228],"class_list":{"0":"post-643031","1":"post","2":"type-post","3":"status-publish","4":"format-standard","5":"has-post-thumbnail","7":"category-saint-etienne","8":"tag-actu","9":"tag-actualites","10":"tag-auvergne-rhone-alpes","11":"tag-chateaucreux-saint-etienne","12":"tag-effectif","13":"tag-effectifs-salaries","14":"tag-eu","15":"tag-europe","16":"tag-fr","17":"tag-france","18":"tag-news","19":"tag-quartiers-de-saint-etienne","20":"tag-quartiers-dynamiques-saint-etienne","21":"tag-republique-francaise","22":"tag-saint-etienne","23":"tag-technopole"},"share_on_mastodon":{"url":"https:\/\/pubeurope.com\/@fr\/115843867918782879","error":""},"_links":{"self":[{"href":"https:\/\/www.europesays.com\/fr\/wp-json\/wp\/v2\/posts\/643031","targetHints":{"allow":["GET"]}}],"collection":[{"href":"https:\/\/www.europesays.com\/fr\/wp-json\/wp\/v2\/posts"}],"about":[{"href":"https:\/\/www.europesays.com\/fr\/wp-json\/wp\/v2\/types\/post"}],"author":[{"embeddable":true,"href":"https:\/\/www.europesays.com\/fr\/wp-json\/wp\/v2\/users\/2"}],"replies":[{"embeddable":true,"href":"https:\/\/www.europesays.com\/fr\/wp-json\/wp\/v2\/comments?post=643031"}],"version-history":[{"count":0,"href":"https:\/\/www.europesays.com\/fr\/wp-json\/wp\/v2\/posts\/643031\/revisions"}],"wp:featuredmedia":[{"embeddable":true,"href":"https:\/\/www.europesays.com\/fr\/wp-json\/wp\/v2\/media\/643032"}],"wp:attachment":[{"href":"https:\/\/www.europesays.com\/fr\/wp-json\/wp\/v2\/media?parent=643031"}],"wp:term":[{"taxonomy":"category","embeddable":true,"href":"https:\/\/www.europesays.com\/fr\/wp-json\/wp\/v2\/categories?post=643031"},{"taxonomy":"post_tag","embeddable":true,"href":"https:\/\/www.europesays.com\/fr\/wp-json\/wp\/v2\/tags?post=643031"}],"curies":[{"name":"wp","href":"https:\/\/api.w.org\/{rel}","templated":true}]}}