{"id":643033,"date":"2026-01-05T18:18:11","date_gmt":"2026-01-05T18:18:11","guid":{"rendered":"https:\/\/www.europesays.com\/fr\/643033\/"},"modified":"2026-01-05T18:18:11","modified_gmt":"2026-01-05T18:18:11","slug":"saint-etienne-il-sort-un-fusil-a-la-fenetre-de-son-domicile-la-police-intervient","status":"publish","type":"post","link":"https:\/\/www.europesays.com\/fr\/643033\/","title":{"rendered":"Saint-\u00c9tienne : il sort un fusil \u00e0 la fen\u00eatre de son domicile, la police intervient"},"content":{"rendered":"<p>Un habitant de Saint-\u00c9tienne a \u00e9t\u00e9 interpell\u00e9 par la police dans le quartier de C\u00f4te-Chaude lundi 29 d\u00e9cembre. Il \u00e9tait arm\u00e9 d&rsquo;un fusil \u00e0 sa fen\u00eatre. Ce dernier a \u00e9t\u00e9 condamn\u00e9 par la justice.<\/p>\n<p>C&rsquo;est une intervention polici\u00e8re qui n&rsquo;arrive pas tous les jours dans les rues de <b>Saint-\u00c9tienne<\/b>. Les faits remontent au lundi 29 d\u00e9cembre. Aux alentours de 15h, <b>un homme de 40 ans est aper\u00e7u \u00e0 la fen\u00eatre de son domicile avec un fusil dans les mains<\/b>.<\/p>\n<p><b>Un policier hors service<\/b> donne alors l&rsquo;alerte. La police de la Section d&rsquo;intervention se rend sur place et p\u00e9n\u00e8tre dans le logement avec prudence.<\/p>\n<p>Le quadrag\u00e9naire est finalement interpell\u00e9, un fusil \u00e0 plombs et un pistolet \u00e0 billes sont retrouv\u00e9s chez lui.<\/p>\n<p>L&rsquo;homme condamn\u00e9 \u00e0 neuf mois de prison avec sursis<\/p>\n<p>Selon <a class=\"url\" href=\"https:\/\/c.leprogres.fr\/faits-divers-justice\/2026\/01\/05\/le-policier-hors-service-repere-un-homme-arme-d-un-fusil-a-la-fenetre-de-son-logement\" target=\"_blank\" rel=\"noopener\">Le Progr\u00e8s<\/a>, l&rsquo;homme a \u00e9t\u00e9 plac\u00e9 en garde \u00e0 vue. Au cours de son audition, ce dernier a expliqu\u00e9 avoir eu un diff\u00e9rend avec une personne dans la rue.<\/p>\n<p>Jug\u00e9 par le tribunal correctionnel de Saint-\u00c9tienne en comparution imm\u00e9diate, l&rsquo;homme a \u00e9t\u00e9 condamn\u00e9 <b>\u00e0 neuf mois de prison avec sursis<\/b>.<\/p>\n<p><img loading=\"lazy\" decoding=\"async\" src=\"https:\/\/www.europesays.com\/fr\/wp-content\/uploads\/2026\/01\/1767637091_118_img.jpeg\" width=\"350\" height=\"200\" border=\"0\" title=\"Des policiers\"\/><\/p>\n<p>\u25baFaits divers<\/p>\n<p style=\"font-size: 22px;\"><b>Saint-\u00c9tienne : un homme interpell\u00e9 apr\u00e8s une course-poursuite de 15 km<\/b><\/p>\n<p>Le soir du 1er janvier \u00e0 Saint-Chamond, un conducteur&#8230;<\/p>\n<p><\/p>\n","protected":false},"excerpt":{"rendered":"Un habitant de Saint-\u00c9tienne a \u00e9t\u00e9 interpell\u00e9 par la police dans le quartier de C\u00f4te-Chaude lundi 29 d\u00e9cembre.&hellip;\n","protected":false},"author":2,"featured_media":643034,"comment_status":"","ping_status":"","sticky":false,"template":"","format":"standard","meta":{"footnotes":""},"categories":[9653],"tags":[1111,11,2430,1777,674,6017,1011,27,19456,12,1072,25,9920,4001],"class_list":{"0":"post-643033","1":"post","2":"type-post","3":"status-publish","4":"format-standard","5":"has-post-thumbnail","7":"category-saint-etienne","8":"tag-actu","9":"tag-actualites","10":"tag-auvergne-rhone-alpes","11":"tag-eu","12":"tag-europe","13":"tag-fait-divers","14":"tag-fr","15":"tag-france","16":"tag-fusil","17":"tag-news","18":"tag-police","19":"tag-republique-francaise","20":"tag-saint-tienne","21":"tag-saint-etienne"},"share_on_mastodon":{"url":"https:\/\/pubeurope.com\/@fr\/115843871715661558","error":""},"_links":{"self":[{"href":"https:\/\/www.europesays.com\/fr\/wp-json\/wp\/v2\/posts\/643033","targetHints":{"allow":["GET"]}}],"collection":[{"href":"https:\/\/www.europesays.com\/fr\/wp-json\/wp\/v2\/posts"}],"about":[{"href":"https:\/\/www.europesays.com\/fr\/wp-json\/wp\/v2\/types\/post"}],"author":[{"embeddable":true,"href":"https:\/\/www.europesays.com\/fr\/wp-json\/wp\/v2\/users\/2"}],"replies":[{"embeddable":true,"href":"https:\/\/www.europesays.com\/fr\/wp-json\/wp\/v2\/comments?post=643033"}],"version-history":[{"count":0,"href":"https:\/\/www.europesays.com\/fr\/wp-json\/wp\/v2\/posts\/643033\/revisions"}],"wp:featuredmedia":[{"embeddable":true,"href":"https:\/\/www.europesays.com\/fr\/wp-json\/wp\/v2\/media\/643034"}],"wp:attachment":[{"href":"https:\/\/www.europesays.com\/fr\/wp-json\/wp\/v2\/media?parent=643033"}],"wp:term":[{"taxonomy":"category","embeddable":true,"href":"https:\/\/www.europesays.com\/fr\/wp-json\/wp\/v2\/categories?post=643033"},{"taxonomy":"post_tag","embeddable":true,"href":"https:\/\/www.europesays.com\/fr\/wp-json\/wp\/v2\/tags?post=643033"}],"curies":[{"name":"wp","href":"https:\/\/api.w.org\/{rel}","templated":true}]}}