{"id":643035,"date":"2026-01-05T18:20:36","date_gmt":"2026-01-05T18:20:36","guid":{"rendered":"https:\/\/www.europesays.com\/fr\/643035\/"},"modified":"2026-01-05T18:20:36","modified_gmt":"2026-01-05T18:20:36","slug":"meurthe-et-moselle-le-retour-de-la-neige-fait-des-heureux","status":"publish","type":"post","link":"https:\/\/www.europesays.com\/fr\/643035\/","title":{"rendered":"Meurthe-et-Moselle. Le retour de la neige fait des heureux"},"content":{"rendered":"<p>Les enfants auraient s\u00fbrement pr\u00e9f\u00e9r\u00e9 qu\u2019elle fasse son apparition au c\u0153ur des vacances scolaires. Mais les premiers flocons ne sont tomb\u00e9s que dans la soir\u00e9e de vendredi soir, en Meurthe-et-Moselle.<\/p>\n<p>Ce samedi matin, la couche de neige \u00e9tait plus ou moins importante. \u00c9videmment, ce sont dans les communes meurthe-et-mosellanes les plus \u00e9lev\u00e9es o\u00f9 le manteau neigeux \u00e9tait le plus \u00e9pais. Autour de Nancy, le plateau de Malz\u00e9ville offrait un paysage f\u00e9erique aux promeneurs et aux joggers, nombreux \u00e0 venir s\u2019y ressourcer apr\u00e8s le passage des f\u00eates.<\/p>\n<p>Sur les hauteurs de Champigneulles, on a vu des enfants ressortir les luges, pour s\u2019offrir de joyeuses sensations avant la reprise du chemin de l\u2019\u00e9cole ce lundi.<\/p>\n","protected":false},"excerpt":{"rendered":"Les enfants auraient s\u00fbrement pr\u00e9f\u00e9r\u00e9 qu\u2019elle fasse son apparition au c\u0153ur des vacances scolaires. Mais les premiers flocons&hellip;\n","protected":false},"author":2,"featured_media":643036,"comment_status":"","ping_status":"","sticky":false,"template":"","format":"standard","meta":{"footnotes":""},"categories":[9635],"tags":[1111,11,1687,1704,1777,674,1011,27,775,11259,11260,1702,12,25],"class_list":{"0":"post-643035","1":"post","2":"type-post","3":"status-publish","4":"format-standard","5":"has-post-thumbnail","7":"category-nancy","8":"tag-actu","9":"tag-actualites","10":"tag-culture-loisirs","11":"tag-edition-nancy-et-agglomeration","12":"tag-eu","13":"tag-europe","14":"tag-fr","15":"tag-france","16":"tag-grand-est","17":"tag-malzeville","18":"tag-metropole-du-grand-nancy-54b4","19":"tag-nancy","20":"tag-news","21":"tag-republique-francaise"},"share_on_mastodon":{"url":"https:\/\/pubeurope.com\/@fr\/115843879705487040","error":""},"_links":{"self":[{"href":"https:\/\/www.europesays.com\/fr\/wp-json\/wp\/v2\/posts\/643035","targetHints":{"allow":["GET"]}}],"collection":[{"href":"https:\/\/www.europesays.com\/fr\/wp-json\/wp\/v2\/posts"}],"about":[{"href":"https:\/\/www.europesays.com\/fr\/wp-json\/wp\/v2\/types\/post"}],"author":[{"embeddable":true,"href":"https:\/\/www.europesays.com\/fr\/wp-json\/wp\/v2\/users\/2"}],"replies":[{"embeddable":true,"href":"https:\/\/www.europesays.com\/fr\/wp-json\/wp\/v2\/comments?post=643035"}],"version-history":[{"count":0,"href":"https:\/\/www.europesays.com\/fr\/wp-json\/wp\/v2\/posts\/643035\/revisions"}],"wp:featuredmedia":[{"embeddable":true,"href":"https:\/\/www.europesays.com\/fr\/wp-json\/wp\/v2\/media\/643036"}],"wp:attachment":[{"href":"https:\/\/www.europesays.com\/fr\/wp-json\/wp\/v2\/media?parent=643035"}],"wp:term":[{"taxonomy":"category","embeddable":true,"href":"https:\/\/www.europesays.com\/fr\/wp-json\/wp\/v2\/categories?post=643035"},{"taxonomy":"post_tag","embeddable":true,"href":"https:\/\/www.europesays.com\/fr\/wp-json\/wp\/v2\/tags?post=643035"}],"curies":[{"name":"wp","href":"https:\/\/api.w.org\/{rel}","templated":true}]}}