{"id":643039,"date":"2026-01-05T18:22:10","date_gmt":"2026-01-05T18:22:10","guid":{"rendered":"https:\/\/www.europesays.com\/fr\/643039\/"},"modified":"2026-01-05T18:22:10","modified_gmt":"2026-01-05T18:22:10","slug":"deux-ados-font-une-sortie-de-route-a-toulon-apres-un-refus-dobtemperer-sur-une-moto-volee","status":"publish","type":"post","link":"https:\/\/www.europesays.com\/fr\/643039\/","title":{"rendered":"Deux ados font une sortie de route \u00e0 Toulon apr\u00e8s un refus d\u2019obtemp\u00e9rer sur une moto vol\u00e9e"},"content":{"rendered":"<p class=\"fs-5 \">Deux adolescents \u00e2g\u00e9s de 15\u00a0ans ont \u00e9t\u00e9 victimes<strong> d\u2019une sortie de route<\/strong> dans la nuit de samedi \u00e0 ce dimanche 4\u00a0janvier alors qu\u2019ils circulaient \u00e0 moto sur la corniche Marius-Escartefigue \u00e0 Toulon, a-t-on appris ce lundi de source polici\u00e8re.<\/p>\n<p class=\"fs-5 \">\u00ab\u00a0Les pompiers les ont pris en charge l\u00e9g\u00e8rement bless\u00e9s et les ont transf\u00e9r\u00e9s \u00e0 l\u2019h\u00f4pital Sainte-Musse.\u00a0\u00bb<\/p>\n<p class=\"fs-5 \">Selon les premiers \u00e9l\u00e9ments, le conducteur de la moto tentait d\u2019\u00e9chapper \u00e0 un contr\u00f4le de police quand il a perdu la ma\u00eetrise de la grosse cylindr\u00e9e. <strong>Un \u00e9quipage de la brigade anticriminalit\u00e9<\/strong> (Bac) avait rep\u00e9r\u00e9 le deux-roues en circulation vers 3\u00a0heures du matin.<\/p>\n<p>                                                                                Trois d\u00e9lits retenus contre les mis en cause<\/p>\n<p class=\"fs-5 \">\u00ab\u00a0Malgr\u00e9 l\u2019injonction de s\u2019arr\u00eater, [formalis\u00e9e] par des signaux sonores et lumineux, le conducteur, aid\u00e9 par le passager qui se retournait fr\u00e9quemment pour localiser la pr\u00e9sence des fonctionnaires, refusait d\u2019obtemp\u00e9rer.\u00a0\u00bb<\/p>\n<p class=\"fs-5 \">Durant la course-poursuite, \u00ab\u00a0en agglom\u00e9ration et sur autoroute\u00a0\u00bb, les policiers ont pu \u00e9tablir que la moto \u00e9tait inscrite depuis deux semaines au <strong>fichier des v\u00e9hicules signal\u00e9s vol\u00e9s<\/strong>.<\/p>\n<p class=\"fs-5 \">Une proc\u00e9dure pour \u00ab\u00a0recel de vol de v\u00e9hicule\u00a0\u00bb, \u00ab\u00a0refus d\u2019obtemp\u00e9rer\u00a0\u00bb et \u00ab\u00a0d\u00e9faut de permis de conduire\u00a0\u00bb a \u00e9t\u00e9 ouverte \u00e0 l\u2019h\u00f4tel de police.<\/p>\n","protected":false},"excerpt":{"rendered":"Deux adolescents \u00e2g\u00e9s de 15\u00a0ans ont \u00e9t\u00e9 victimes d\u2019une sortie de route dans la nuit de samedi \u00e0&hellip;\n","protected":false},"author":2,"featured_media":643040,"comment_status":"","ping_status":"","sticky":false,"template":"","format":"standard","meta":{"footnotes":""},"categories":[9619],"tags":[1111,11,1777,674,1011,27,12,882,25,2310],"class_list":{"0":"post-643039","1":"post","2":"type-post","3":"status-publish","4":"format-standard","5":"has-post-thumbnail","7":"category-toulon","8":"tag-actu","9":"tag-actualites","10":"tag-eu","11":"tag-europe","12":"tag-fr","13":"tag-france","14":"tag-news","15":"tag-provence-alpes-cote-dazur","16":"tag-republique-francaise","17":"tag-toulon"},"share_on_mastodon":{"url":"https:\/\/pubeurope.com\/@fr\/115843888491711596","error":""},"_links":{"self":[{"href":"https:\/\/www.europesays.com\/fr\/wp-json\/wp\/v2\/posts\/643039","targetHints":{"allow":["GET"]}}],"collection":[{"href":"https:\/\/www.europesays.com\/fr\/wp-json\/wp\/v2\/posts"}],"about":[{"href":"https:\/\/www.europesays.com\/fr\/wp-json\/wp\/v2\/types\/post"}],"author":[{"embeddable":true,"href":"https:\/\/www.europesays.com\/fr\/wp-json\/wp\/v2\/users\/2"}],"replies":[{"embeddable":true,"href":"https:\/\/www.europesays.com\/fr\/wp-json\/wp\/v2\/comments?post=643039"}],"version-history":[{"count":0,"href":"https:\/\/www.europesays.com\/fr\/wp-json\/wp\/v2\/posts\/643039\/revisions"}],"wp:featuredmedia":[{"embeddable":true,"href":"https:\/\/www.europesays.com\/fr\/wp-json\/wp\/v2\/media\/643040"}],"wp:attachment":[{"href":"https:\/\/www.europesays.com\/fr\/wp-json\/wp\/v2\/media?parent=643039"}],"wp:term":[{"taxonomy":"category","embeddable":true,"href":"https:\/\/www.europesays.com\/fr\/wp-json\/wp\/v2\/categories?post=643039"},{"taxonomy":"post_tag","embeddable":true,"href":"https:\/\/www.europesays.com\/fr\/wp-json\/wp\/v2\/tags?post=643039"}],"curies":[{"name":"wp","href":"https:\/\/api.w.org\/{rel}","templated":true}]}}