{"id":643041,"date":"2026-01-05T18:23:12","date_gmt":"2026-01-05T18:23:12","guid":{"rendered":"https:\/\/www.europesays.com\/fr\/643041\/"},"modified":"2026-01-05T18:23:12","modified_gmt":"2026-01-05T18:23:12","slug":"jaimerais-encadrer-les-jeunes-324-matchs-professionnels-ce-monument-du-top-14-veut-faire-durer-le-plaisir","status":"publish","type":"post","link":"https:\/\/www.europesays.com\/fr\/643041\/","title":{"rendered":"\u00a0\u00bbJ\u2019aimerais encadrer les jeunes\u00a0\u00bb, 324 matchs professionnels, ce monument du Top 14 veut faire durer le plaisir"},"content":{"rendered":"<p data-start=\"0\" data-end=\"214\">Visiblement, il fait bon vieillir sur la Rade ces derni\u00e8res saisons Ma\u2019a Nonu, l\u00e9gende des <a href=\"https:\/\/www.lerugbynistere.fr\/equipes-nationales\/all-blacks.php\" ui-sref=\"app.team({teamId: 24})\" alt=\"All Blacks\" data-route=\"app.team\" data-param=\"teamId\" data-id=\"24\" target=\"_blank\" rel=\"noopener\">All Blacks<\/a> et de\u00a0<a href=\"https:\/\/www.lerugbynistere.fr\/clubs\/rugby-club-toulonnais.php\" ui-sref=\"app.team({teamId: 28})\" alt=\"Toulon\" data-route=\"app.team\" data-param=\"teamId\" data-id=\"28\" target=\"_blank\" rel=\"noopener\">Toulon<\/a> en est la parfaite preuve. Il a rechauss\u00e9 les crampons pour le plaisir des supporters, le sien et celui des fins historiens.<\/p>\n<p data-start=\"216\" data-end=\"394\">En faisant cela, il devrait devenir le joueur le plus \u00e2g\u00e9 de l&rsquo;histoire du championnat pendant plusieurs ann\u00e9es, de quoi faire grimacer certains vieux briscards de cinq \u00e0 huit ans plus jeunes.<\/p>\n<p data-start=\"396\" data-end=\"701\" data-is-last-node=\"\" data-is-only-node=\"\">C\u2019est notamment le cas de son co\u00e9quipier, l\u2019exp\u00e9riment\u00e9 <a href=\"https:\/\/www.lerugbynistere.fr\/fiches-joueurs\/jeremy-sinzelle.php\" ui-sref=\"app.player({playerId: 559})\" alt=\"J\u00e9r\u00e9my Sinzelle\" data-route=\"app.player\" data-param=\"playerId\" data-id=\"559\" target=\"_blank\" rel=\"noopener\">J\u00e9r\u00e9my Sinzelle<\/a>, qui pourrait prolonger l\u2019aventure avec Toulon malgr\u00e9 ses 35 ans. En fin de contrat, ce dernier dispose d\u2019une clause d\u2019un an suppl\u00e9mentaire. Dans la peau <strong>d\u2019un joueur ou d\u2019un coach ?<\/strong> Le polyvalent trois-quarts a confi\u00e9 sa r\u00e9ponse au micro de <strong>Sud Radio<\/strong>.<\/p>\n<p data-start=\"137\" data-end=\"305\">De retour l\u00e0 o\u00f9 tout a commenc\u00e9 pour ce natif de Nice il y a d\u00e9sormais plus de 15 ans, J\u00e9r\u00e9my Sinzelle fait \u00e0 nouveau les beaux jours du RC Toulon depuis quatre saisons.<\/p>\n<p data-start=\"307\" data-end=\"491\">Pass\u00e9 par le <a href=\"https:\/\/www.lerugbynistere.fr\/clubs\/stade-francais.php\" ui-sref=\"app.team({teamId: 40})\" alt=\"Stade Fran\u00e7ais\" data-route=\"app.team\" data-param=\"teamId\" data-id=\"40\" target=\"_blank\" rel=\"noopener\">Stade Fran\u00e7ais<\/a> et <a href=\"https:\/\/www.lerugbynistere.fr\/clubs\/atlantique-stade-rochelais.php\" ui-sref=\"app.team({teamId: 30})\" alt=\"La Rochelle\" data-route=\"app.team\" data-param=\"teamId\" data-id=\"30\" target=\"_blank\" rel=\"noopener\">La Rochelle<\/a>, ce joueur au temp\u00e9rament bien tremp\u00e9 s\u2019est impos\u00e9 partout o\u00f9 il est pass\u00e9, devenant m\u00eame <strong>centurion \u00e0 trois reprises<\/strong> au cours de sa carri\u00e8re.<\/p>\n<p data-start=\"493\" data-end=\"691\">Une long\u00e9vit\u00e9 et une r\u00e9gularit\u00e9 qui ne semblent pas l\u2019\u00e9mousser. Malgr\u00e9 cette nouvelle distinction, le polyvalent trois-quarts affiche toujours la m\u00eame envie de prolonger le plaisir sur les terrains.<\/p>\n<p data-start=\"693\" data-end=\"960\">Interrog\u00e9 par <strong>Sud Radio<\/strong> sur la suite de sa carri\u00e8re, Sinzelle s\u2019est montr\u00e9 tr\u00e8s clair sur ses intentions. Anim\u00e9 par la volont\u00e9 de transmettre, il se projette vers un r\u00f4le d\u2019accompagnement des jeunes,<strong> sans pour autant tirer un trait imm\u00e9diat sur sa carri\u00e8re de joueur<\/strong>.<\/p>\n<p data-start=\"962\" data-end=\"1264\">\u00ab J\u2019ai une ann\u00e9e suppl\u00e9mentaire dans mon contrat pour int\u00e9grer le staff, mais pour \u00eatre honn\u00eate, si je peux continuer encore un peu comme joueur, je le ferai. J\u2019aimerais encadrer les jeunes, comme <a href=\"https:\/\/www.lerugbynistere.fr\/fiches-joueurs\/oliver-cowie.php\" ui-sref=\"app.player({playerId: 15395})\" alt=\"Oliver Cowie\" data-route=\"app.player\" data-param=\"playerId\" data-id=\"15395\" target=\"_blank\" rel=\"noopener\">Oliver Cowie<\/a> ou <a href=\"https:\/\/www.lerugbynistere.fr\/fiches-joueurs\/mathieu-smaili.php\" ui-sref=\"app.player({playerId: 5990})\" alt=\"Mathieu Smaili\" data-route=\"app.player\" data-param=\"playerId\" data-id=\"5990\" target=\"_blank\" rel=\"noopener\">Mathieu Smaili<\/a>, tout en restant sur le terrain avec eux, m\u00eame si c\u2019est en jouant moins. \u00bb<\/p>\n<p data-start=\"1266\" data-end=\"1392\">\u00ab Le plus compliqu\u00e9, parfois, c\u2019est la transmission. M\u00eame quand on a \u00e9t\u00e9 un grand joueur, ce n\u2019est pas \u00e9vident \u00bb, confie-t-il.<\/p>\n<blockquote class=\"twitter-tweet\"><p>&#13;<\/p>\n<p lang=\"fr\" dir=\"ltr\">\ud83d\udca5\u00a0\u00bbJ&rsquo;aimerais continuer un an de plus en encadrant les jeunes, mais en restant avec eux en tant que joueur\u00a0\u00bb <\/p>\n<p>J\u00e9r\u00e9my Sinzelle a \u00e9voqu\u00e9 la possibilit\u00e9 de jouer une saison de plus au <a href=\"https:\/\/twitter.com\/RCTofficiel?ref_src=twsrc%5Etfw\" target=\"_blank\" rel=\"noopener\">@RCTofficiel<\/a> , lui qui arrive en fin de contrat l&rsquo;ann\u00e9e prochaine. <a href=\"https:\/\/t.co\/ltX4XN5xZl\">pic.twitter.com\/ltX4XN5xZl<\/a><\/p>\n<p>&#13;<br \/>\n\u2014 Sud Radio Rugby (@SudRadioRugby) <a href=\"https:\/\/twitter.com\/SudRadioRugby\/status\/2007880606785695769?ref_src=twsrc%5Etfw\" target=\"_blank\" rel=\"noopener\">January 4, 2026<\/a><\/p><\/blockquote>\n<p>J\u00e9r\u00e9my Sinzelle l&rsquo;un des joueurs les plus utilis\u00e9s \u00e0 Toulon<\/p>\n<p data-start=\"0\" data-end=\"199\">Il a tout gagn\u00e9 en club, d\u2019abord avec le Stade Fran\u00e7ais, titulaire \u00e0 l\u2019aile lors du sacre face \u00e0 <a href=\"https:\/\/www.lerugbynistere.fr\/clubs\/asm-clermont-auvergne.php\" ui-sref=\"app.team({teamId: 31})\" alt=\"Clermont\" data-route=\"app.team\" data-param=\"teamId\" data-id=\"31\" target=\"_blank\" rel=\"noopener\">Clermont<\/a> en finale du <a href=\"https:\/\/www.lerugbynistere.fr\/championnats\/top-14\" ui-sref=\"app.competition({competitionId: 1})\" alt=\"Top 14\" data-route=\"app.competition\" data-param=\"competitionId\" data-id=\"1\" target=\"_blank\" rel=\"noopener\">Top 14<\/a> 2015, puis avec La Rochelle en <a href=\"https:\/\/www.lerugbynistere.fr\/international\/rugby-champions-cup\" ui-sref=\"app.competition({competitionId: 15})\" alt=\"Champions Cup\" data-route=\"app.competition\" data-param=\"competitionId\" data-id=\"15\" target=\"_blank\" rel=\"noopener\">Champions Cup<\/a> lors de la saison 2021-2022.<\/p>\n<p data-start=\"201\" data-end=\"494\">Avec Toulon, il a compl\u00e9t\u00e9 une armoire \u00e0 troph\u00e9es d\u00e9j\u00e0 bien garnie gr\u00e2ce \u00e0 un honorable succ\u00e8s en finale de <a href=\"https:\/\/www.lerugbynistere.fr\/international\/challenge-europeen\" ui-sref=\"app.competition({competitionId: 17})\" alt=\"Challenge Cup\" data-route=\"app.competition\" data-param=\"competitionId\" data-id=\"17\" target=\"_blank\" rel=\"noopener\">Challenge Cup<\/a> il y a d\u00e9sormais trois ans. Voil\u00e0 l\u2019exemple parfait de ce que repr\u00e9sente J\u00e9r\u00e9my Sinzelle : un joueur fiable, tr\u00e8s exp\u00e9riment\u00e9, qui traverse les \u00e2ges sans prendre une ride.<\/p>\n<p data-start=\"496\" data-end=\"664\">Cette saison, il affiche un temps de jeu moyen sup\u00e9rieur \u00e0 <strong>70 minutes par match<\/strong>. Titularis\u00e9 \u00e0 <strong>neuf reprises<\/strong>, Sinzelle continue de convaincre le staff de Pierre Mignoni.<\/p>\n<p data-start=\"666\" data-end=\"876\" data-is-last-node=\"\" data-is-only-node=\"\"><strong>La saison derni\u00e8re<\/strong>, il a m\u00eame \u00e9t\u00e9 le joueur le plus utilis\u00e9 de l\u2019effectif, disputant <strong>27 rencontres pour un total de 2 058 minutes de jeu<\/strong>, un chiffre presque insolent au regard des exigences du tr\u00e8s haut niveau.<\/p>\n<p><a class=\"inserer_lien_article\" href=\"https:\/\/www.lerugbynistere.fr\/news\/linepuisable-maa-nonu-nen-a-pas-fini-avec-le-top-14-sinzelle-et-ivaldi-non-plus-0407251410.php\" data-id=\"45464\" data-route=\"app.article\" data-param=\"articleId\" ui-sref=\"app.article({articleId: 45464})\" alt=\"L&#039;in\u00e9puisable Ma&#039;a Nonu n&#039;en a pas fini avec le Top 14 ! Sinzelle et Ivaldi non plus\" title=\"L&#039;in\u00e9puisable Ma&#039;a Nonu n&#039;en a pas fini avec le Top 14 ! Sinzelle et Ivaldi non plus\" target=\"_blank\" rel=\"noopener\"><img decoding=\"async\" src=\"https:\/\/www.europesays.com\/fr\/wp-content\/uploads\/2025\/07\/maa-nonu-prolonge-a-toulon-04-07-25-282.jpg\" alt=\"L'in\u00e9puisable Ma'a Nonu n'en a pas fini avec le Top 14 ! Sinzelle et Ivaldi non plus\"\/>L&rsquo;in\u00e9puisable Ma&rsquo;a Nonu n&rsquo;en a pas fini avec le Top 14 ! Sinzelle et Ivaldi non plus<\/a><\/p>\n<p>                            <script async src=\"https:\/\/platform.twitter.com\/widgets.js\" charset=\"utf-8\"><\/script><\/p>\n","protected":false},"excerpt":{"rendered":"Visiblement, il fait bon vieillir sur la Rade ces derni\u00e8res saisons Ma\u2019a Nonu, l\u00e9gende des All Blacks et&hellip;\n","protected":false},"author":2,"featured_media":643042,"comment_status":"","ping_status":"","sticky":false,"template":"","format":"standard","meta":{"footnotes":""},"categories":[9619],"tags":[1111,11,1777,674,1011,27,12,882,25,2310],"class_list":{"0":"post-643041","1":"post","2":"type-post","3":"status-publish","4":"format-standard","5":"has-post-thumbnail","7":"category-toulon","8":"tag-actu","9":"tag-actualites","10":"tag-eu","11":"tag-europe","12":"tag-fr","13":"tag-france","14":"tag-news","15":"tag-provence-alpes-cote-dazur","16":"tag-republique-francaise","17":"tag-toulon"},"share_on_mastodon":{"url":"https:\/\/pubeurope.com\/@fr\/115843891415764941","error":""},"_links":{"self":[{"href":"https:\/\/www.europesays.com\/fr\/wp-json\/wp\/v2\/posts\/643041","targetHints":{"allow":["GET"]}}],"collection":[{"href":"https:\/\/www.europesays.com\/fr\/wp-json\/wp\/v2\/posts"}],"about":[{"href":"https:\/\/www.europesays.com\/fr\/wp-json\/wp\/v2\/types\/post"}],"author":[{"embeddable":true,"href":"https:\/\/www.europesays.com\/fr\/wp-json\/wp\/v2\/users\/2"}],"replies":[{"embeddable":true,"href":"https:\/\/www.europesays.com\/fr\/wp-json\/wp\/v2\/comments?post=643041"}],"version-history":[{"count":0,"href":"https:\/\/www.europesays.com\/fr\/wp-json\/wp\/v2\/posts\/643041\/revisions"}],"wp:featuredmedia":[{"embeddable":true,"href":"https:\/\/www.europesays.com\/fr\/wp-json\/wp\/v2\/media\/643042"}],"wp:attachment":[{"href":"https:\/\/www.europesays.com\/fr\/wp-json\/wp\/v2\/media?parent=643041"}],"wp:term":[{"taxonomy":"category","embeddable":true,"href":"https:\/\/www.europesays.com\/fr\/wp-json\/wp\/v2\/categories?post=643041"},{"taxonomy":"post_tag","embeddable":true,"href":"https:\/\/www.europesays.com\/fr\/wp-json\/wp\/v2\/tags?post=643041"}],"curies":[{"name":"wp","href":"https:\/\/api.w.org\/{rel}","templated":true}]}}