{"id":643043,"date":"2026-01-05T18:24:14","date_gmt":"2026-01-05T18:24:14","guid":{"rendered":"https:\/\/www.europesays.com\/fr\/643043\/"},"modified":"2026-01-05T18:24:14","modified_gmt":"2026-01-05T18:24:14","slug":"ligne-5-du-tramway-a-montpellier-lartiste-barthelemy-toguo-devoile-les-secrets-de-creation-de-son-oeuvre-mobile","status":"publish","type":"post","link":"https:\/\/www.europesays.com\/fr\/643043\/","title":{"rendered":"Ligne 5 du tramway \u00e0 Montpellier\u00a0: l\u2019artiste Barth\u00e9lemy Toguo d\u00e9voile les secrets de cr\u00e9ation de son \u00ab\u00a0\u0153uvre mobile\u00a0\u00bb"},"content":{"rendered":"<p>\n                                                                Le discret artiste camerounais a sign\u00e9 l\u2019habillage de la derni\u00e8re ligne de tramway de Montpellier, mise en service le 20\u00a0d\u00e9cembre. Hommage au v\u00e9g\u00e9tal, art dans l\u2019espace publique, processus de cr\u00e9ation, rapport \u00e0 la nature\u2026 Barth\u00e9lemy Toguo nous r\u00e9pond.\n                            <\/p>\n<p class=\"txt-question\">Vous signez l\u2019habillage de la derni\u00e8re ligne de tramway, apr\u00e8s Christian Lacroix, \u00c9lisabeth Garouste et\u00a0Mattia Bonetti. Comment avez-vous rejoint cette aventure\u00a0?<\/p>\n<p>Ce projet m\u2019a imm\u00e9diatement interpell\u00e9, car il est porteur de sens. J\u2019ai donc r\u00e9pondu \u00e0 l\u2019appel \u00e0 candidature \u00e9mis par la Ville, en int\u00e9grant une forte dimension \u00e9cologique dans mon projet. Pour le structurer, j\u2019ai effectu\u00e9 plusieurs visites de Montpellier, \u00e9tudi\u00e9 attentivement le trac\u00e9 de la ligne 5 et, au fil de cette immersion, j\u2019ai cherch\u00e9 \u00e0 insuffler mes propres envies et sensibilit\u00e9s dans l\u2019itin\u00e9raire.<\/p>\n<p>\u00ab\u00a0J\u2019invite le voyageur \u00e0 regarder la v\u00e9g\u00e9tation comme un hymne silencieux\u00a0\u00bb<\/p>\n<p>Je suis un militant du rapprochement des peuples. Du rapprochement entre le Sud et le Nord. Les propositions culturelles de la Ville de Montpellier se distinguent en cela, en nourrissant la diversit\u00e9 et le dialogue.\u00a0Les rives de la M\u00e9diterran\u00e9e offrent cet espace singulier o\u00f9, en posant le regard \u00e0 360 degr\u00e9s, il devient possible de voir autrement que vers le Nord. \u00c0 ce titre, Montpellier se dresse comme une estrade ouverte, un point d\u2019appui privil\u00e9gi\u00e9 pour se relier pleinement au Sud.<\/p>\n<p class=\"txt-question\">Comment doit-on d\u00e9crypter votre cr\u00e9ation\u00a0?<\/p>\n<p>Mon travail est con\u00e7u comme un outil d\u2019\u00e9veil \u00e0 la nature, \u00e0 l\u2019\u00e9cologie et \u00e0 la protection de la plan\u00e8te. Il s\u2019inscrit \u00e9galement dans une d\u00e9marche d\u2019\u00e9ducation au bien-\u00eatre et \u00e0 la sant\u00e9, invitant chacun \u00e0 porter un regard plus conscient et respectueux sur son environnement et sur soi-m\u00eame.<\/p>\n<p>Je l\u2019ai nomm\u00e9 \u00ab\u00a0Feuille de vie\u00a0\u00bb, pour rappeler que le v\u00e9g\u00e9tal \u2014 et la feuille en particulier \u2014 est un souffle essentiel au c\u0153ur de la biodiversit\u00e9. J\u2019invite le voyageur \u00e0 cheminer autrement, \u00e0 regarder la v\u00e9g\u00e9tation comme un hymne silencieux.<\/p>\n<p>\u00ab\u00a0J\u2019ai trac\u00e9 les premiers dessins avec une certaine fr\u00e9n\u00e9sie\u00a0\u00bb<\/p>\n<p class=\"txt-question\">O\u00f9 a \u00e9t\u00e9 imagin\u00e9 ce design\u00a0? \u00c0 Montpellier\u00a0? Dans votre atelier parisien\u00a0?<\/p>\n<p>Mes projets, je les porte en moi. Ils m\u00fbrissent dans mon int\u00e9rieur. Ils m\u2019habitent, sans g\u00e9ographie. Au contraire, mon processus cr\u00e9atif, qui peut \u00eatre plus ou moins long, se caract\u00e9rise par une errance spatiale et temporelle. Ensuite, je proc\u00e8de \u00e0 la mise en images des angles d\u2019attaque qui mat\u00e9rialisent ma vision.<\/p>\n<p>C\u2019est le temps des \u00e9tudes, des croquis, des motifs\u2026 Cette phase, je l\u2019ai r\u00e9alis\u00e9e en grande partie dans mon atelier parisien. \u00c0 chaque retour de mes voyages \u00e0 Montpellier, je revenais charg\u00e9 d\u2019id\u00e9es fleurissantes et j\u2019ai\u00a0trac\u00e9\u00a0avec une certaine fr\u00e9n\u00e9sie les premiers dessins.<\/p>\n<p class=\"txt-question\">Quel est votre rapport, intime, \u00e0 la nature\u00a0?<\/p>\n<p>La nature est ancr\u00e9e dans ma culture et mon histoire personnelle. La v\u00e9g\u00e9tation luxuriante et la biodiversit\u00e9 du Cameroun, mon pays natal, jouent un r\u00f4le important dans la vie quotidienne et spirituelle de la population. J\u2019ai grandi dans cet environnement, influenc\u00e9 par les traditions et les croyances du peuple Bamileke o\u00f9 la\u00a0nature est consid\u00e9r\u00e9e comme un espace sacr\u00e9\u00a0dans lequel les anc\u00eatres et les esprits sont pr\u00e9sents.<\/p>\n<p>\u00ab\u00a0Cr\u00e9er dans l\u2019espace publique, c\u2019est sensibiliser le plus grand nombre sans distinction aucune\u00a0\u00bb<\/p>\n<p class=\"txt-question\">C\u2019est l\u00e0, en territoire Bamileke, que vous avez fond\u00e9 Bandjoun Station\u2026<\/p>\n<p>Bandjoun Station, c\u2019est un centre d\u2019art que j\u2019ai cr\u00e9\u00e9 en 2010, et un exemple de mon engagement pour la nature et la culture.\u00a0Le centre est situ\u00e9 dans une zone rurale du Cameroun, entour\u00e9 de jardins et de plantations o\u00f9 je pratique l\u2019agriculture de mani\u00e8re \u00e9cologique et durable.\u00a0Pour moi, l\u2019agriculture est une fa\u00e7on de se reconnecter \u00e0 la terre. C\u2019est\u00a0une source d\u2019inspiration et de cr\u00e9ativit\u00e9.<\/p>\n<p class=\"txt-question\">L\u2019art doit-il avoir une plus grande place dans l\u2019espace publique\u00a0?<\/p>\n<p>Je veux travailler en ce sens. Depuis 2018, l\u2019une de mes \u0153uvres en c\u00e9ramique, \u00ab\u00a0C\u00e9l\u00e9brations\u00a0\u00bb, est install\u00e9e sur un mur du m\u00e9tro de Paris.\u00a0Elle est con\u00e7ue comme un voyage invitant les voyageurs \u00e0 la r\u00e9flexion sur leur identit\u00e9, la circulation des id\u00e9es et le rapport \u00e0 l\u2019autre. \u00c0 chaque passage, le regard se pose diff\u00e9remment. L\u2019id\u00e9e est la m\u00eame pour la ligne 5 du tramway. C\u2019est une \u0153uvre mobile\u00a0qui circule \u00e0 travers la ville et n\u2019ob\u00e9it plus aux codes des mus\u00e9es. La proximit\u00e9 de l\u2019\u0153uvre avec le public fait d\u2019elle un vecteur de m\u00e9diation, d\u2019autant plus dans une ville touristique. Je suis convaincu que cr\u00e9er dans l\u2019espace public, quitte \u00e0 investir des supports \u00e9clectiques, permet de sensibiliser \u00e0 l\u2019art le plus grand nombre, sans distinction de couleur, de classe sociale ou d\u2019origine.<\/p>\n<p class=\"txt-question\">En janvier\u00a02023, vous \u00e9voquiez l\u2019id\u00e9e d\u2019un atelier \u00e0 Montpellier. O\u00f9 en \u00eates-vous de cette r\u00e9flexion\u00a0?<\/p>\n<p>Ce travail pour le tramway a fait na\u00eetre en moi le d\u00e9sir de vivre dans une agglom\u00e9ration engag\u00e9e, tourn\u00e9e vers une \u00e9cologie forte. Cela reste un projet, mais l\u2019envie existe, profond\u00e9ment.<\/p>\n<p>Interview r\u00e9alis\u00e9e par \u00e9changes de mails.<\/p>\n","protected":false},"excerpt":{"rendered":"Le discret artiste camerounais a sign\u00e9 l\u2019habillage de la derni\u00e8re ligne de tramway de Montpellier, mise en service&hellip;\n","protected":false},"author":2,"featured_media":643044,"comment_status":"","ping_status":"","sticky":false,"template":"","format":"standard","meta":{"footnotes":""},"categories":[9599],"tags":[1111,11,68902,1777,674,1011,27,7089,71111,2208,12,2680,25,4109,71110,4063],"class_list":{"0":"post-643043","1":"post","2":"type-post","3":"status-publish","4":"format-standard","5":"has-post-thumbnail","7":"category-montpellier","8":"tag-actu","9":"tag-actualites","10":"tag-circulation-du00e9placements","11":"tag-eu","12":"tag-europe","13":"tag-fr","14":"tag-france","15":"tag-herault","16":"tag-ligne-5-du-tramway","17":"tag-montpellier","18":"tag-news","19":"tag-occitanie","20":"tag-republique-francaise","21":"tag-tramway","22":"tag-voiture-u00e0-montpellier-ou00f9-en-sont-les-travaux","23":"tag-vu00e9lo"},"share_on_mastodon":{"url":"","error":""},"_links":{"self":[{"href":"https:\/\/www.europesays.com\/fr\/wp-json\/wp\/v2\/posts\/643043","targetHints":{"allow":["GET"]}}],"collection":[{"href":"https:\/\/www.europesays.com\/fr\/wp-json\/wp\/v2\/posts"}],"about":[{"href":"https:\/\/www.europesays.com\/fr\/wp-json\/wp\/v2\/types\/post"}],"author":[{"embeddable":true,"href":"https:\/\/www.europesays.com\/fr\/wp-json\/wp\/v2\/users\/2"}],"replies":[{"embeddable":true,"href":"https:\/\/www.europesays.com\/fr\/wp-json\/wp\/v2\/comments?post=643043"}],"version-history":[{"count":0,"href":"https:\/\/www.europesays.com\/fr\/wp-json\/wp\/v2\/posts\/643043\/revisions"}],"wp:featuredmedia":[{"embeddable":true,"href":"https:\/\/www.europesays.com\/fr\/wp-json\/wp\/v2\/media\/643044"}],"wp:attachment":[{"href":"https:\/\/www.europesays.com\/fr\/wp-json\/wp\/v2\/media?parent=643043"}],"wp:term":[{"taxonomy":"category","embeddable":true,"href":"https:\/\/www.europesays.com\/fr\/wp-json\/wp\/v2\/categories?post=643043"},{"taxonomy":"post_tag","embeddable":true,"href":"https:\/\/www.europesays.com\/fr\/wp-json\/wp\/v2\/tags?post=643043"}],"curies":[{"name":"wp","href":"https:\/\/api.w.org\/{rel}","templated":true}]}}