{"id":643049,"date":"2026-01-05T18:27:10","date_gmt":"2026-01-05T18:27:10","guid":{"rendered":"https:\/\/www.europesays.com\/fr\/643049\/"},"modified":"2026-01-05T18:27:10","modified_gmt":"2026-01-05T18:27:10","slug":"cette-commune-ecope-dune-amende-suite-a-des-infractions-commises-sur-un-de-ses-chantiers","status":"publish","type":"post","link":"https:\/\/www.europesays.com\/fr\/643049\/","title":{"rendered":"cette commune \u00e9cope d\u2019une amende suite \u00e0 des infractions commises sur un de ses chantiers"},"content":{"rendered":"<p>                    Par<br \/>\n        <strong><br \/>\n            <a href=\"https:\/\/actu.fr\/auteur\/emilien-jacques\" title=\"Consulter tous les articles de Emilien Jacques\" target=\"_blank\" rel=\"noopener\">Emilien Jacques<\/a><br \/>\n                    <\/strong><\/p>\n<p>        Publi\u00e9 le<\/p>\n<p>            5 janv. 2026 \u00e0 17h55        <\/p>\n<p>Le chantier de la nouvelle maison des associations de <a href=\"https:\/\/actu.fr\/normandie\/cleon_76178\" target=\"_blank\" rel=\"noopener\">Cl\u00e9on (Seine-Maritime)<\/a> va co\u00fbter un plus cher que pr\u00e9vu. En effet, plusieurs <b>n\u00e9gligences <\/b>qui auraient pu entra\u00eener des \u00ab\u2009cons\u00e9quences graves\u2009\u00bb y ont \u00e9t\u00e9 observ\u00e9es par la Pr\u00e9fecture de la Seine-Maritime, qui a inflig\u00e9 \u00e0 la municipalit\u00e9 une <b>sanction financi\u00e8re<\/b>.<\/p>\n<p>\u00ab\u2009Arrachement d\u2019un branchement de gaz\u2009\u00bb<\/p>\n<p class=\" wall-content\">C\u2019est une <b>visite d\u2019inspection<\/b>, en date du 5\u00a0ao\u00fbt dernier, par la Direction R\u00e9gionale de l\u2019Environnement, de l\u2019Am\u00e9nagement et du Logement (DREAL) de Normandie, qui a permis de r\u00e9v\u00e9ler une <b>premi\u00e8re infraction<\/b> commise par l\u2019entreprise de terrassement intervenant sur le chantier, \u00e0 savoir \u00ab\u2009une absence de marquage au sol des r\u00e9seaux enterr\u00e9s\u2009\u00bb.<\/p>\n<p class=\" wall-content\">Une erreur qui a provoqu\u00e9 \u00ab<b>\u2009l\u2019arrachement d\u2019un branchement de gaz<\/b>, par l\u2019ex\u00e9cutant des travaux, ce qui aurait pu entra\u00eener des cons\u00e9quences graves pour le voisinage\u2009\u00bb, indique la Pr\u00e9fecture dans un arr\u00eat\u00e9.<\/p>\n<p>La ville prend acte<\/p>\n<p class=\" wall-content\">Cette faute a permis de mettre en lumi\u00e8re une <b>deuxi\u00e8me infraction<\/b> puisqu\u2019en poursuivant ses v\u00e9rifications, la DREAL s\u2019est aper\u00e7ue de la <b>non-conformit\u00e9<\/b> de la d\u00e9claration de projet de travaux, qui n\u2019avait pas \u00e9t\u00e9 renouvel\u00e9e par la ville. Compte tenu de ces irr\u00e9gularit\u00e9s, les \u00e9lus cl\u00e9onnais ont \u00e9t\u00e9 avis\u00e9s d\u2019une amende de <b>1\u2009000\u00a0euros<\/b> par la Pr\u00e9fecture.<\/p>\n<p class=\" wall-content\">\u00ab\u2009Il y a eu un manquement documentaire qui a entra\u00een\u00e9 une remarque de la Pr\u00e9fecture\u2009\u00bb, a r\u00e9agi M\u00e9lanie Delacour, adjointe en charge de l\u2019am\u00e9nagement urbain de Cl\u00e9on. \u00ab\u2009On prend acte.<b> Il y a eu une erreur<\/b>, \u00e7a arrive malheureusement, des proc\u00e9dures sont en cours pour que \u00e7a n\u2019arrive plus\u2009\u00bb, a assur\u00e9 l\u2019\u00e9lue.<\/p>\n<p class=\" wall-content\">Personnalisez votre actualit\u00e9 en ajoutant vos villes et m\u00e9dias en favori avec <a href=\"https:\/\/moncompte.actu.fr\" title=\"D\u00e9couvez Mon Actu\" rel=\"nofollow noopener\" data-trk=\"{&quot;cta&quot;:{&quot;action&quot;:&quot;https:\\\/\\\/moncompte.actu.fr&quot;,&quot;category&quot;:&quot;mon compte&quot;,&quot;from&quot;:&quot;article footer&quot;,&quot;name&quot;:&quot;Mon actu&quot;,&quot;type&quot;:&quot;cta&quot;}}\" target=\"_blank\">Mon Actu<\/a>.<\/p>\n","protected":false},"excerpt":{"rendered":"Par Emilien Jacques Publi\u00e9 le 5 janv. 2026 \u00e0 17h55 Le chantier de la nouvelle maison des associations&hellip;\n","protected":false},"author":2,"featured_media":643050,"comment_status":"","ping_status":"","sticky":false,"template":"","format":"standard","meta":{"footnotes":""},"categories":[9587],"tags":[1111,11,7622,1777,674,1011,27,12,5161,25,9590,104,2086],"class_list":{"0":"post-643049","1":"post","2":"type-post","3":"status-publish","4":"format-standard","5":"has-post-thumbnail","7":"category-rouen","8":"tag-actu","9":"tag-actualites","10":"tag-amendes","11":"tag-eu","12":"tag-europe","13":"tag-fr","14":"tag-france","15":"tag-news","16":"tag-normandie","17":"tag-republique-francaise","18":"tag-rouen","19":"tag-societe","20":"tag-travaux"},"share_on_mastodon":{"url":"https:\/\/pubeurope.com\/@fr\/115843907183183259","error":""},"_links":{"self":[{"href":"https:\/\/www.europesays.com\/fr\/wp-json\/wp\/v2\/posts\/643049","targetHints":{"allow":["GET"]}}],"collection":[{"href":"https:\/\/www.europesays.com\/fr\/wp-json\/wp\/v2\/posts"}],"about":[{"href":"https:\/\/www.europesays.com\/fr\/wp-json\/wp\/v2\/types\/post"}],"author":[{"embeddable":true,"href":"https:\/\/www.europesays.com\/fr\/wp-json\/wp\/v2\/users\/2"}],"replies":[{"embeddable":true,"href":"https:\/\/www.europesays.com\/fr\/wp-json\/wp\/v2\/comments?post=643049"}],"version-history":[{"count":0,"href":"https:\/\/www.europesays.com\/fr\/wp-json\/wp\/v2\/posts\/643049\/revisions"}],"wp:featuredmedia":[{"embeddable":true,"href":"https:\/\/www.europesays.com\/fr\/wp-json\/wp\/v2\/media\/643050"}],"wp:attachment":[{"href":"https:\/\/www.europesays.com\/fr\/wp-json\/wp\/v2\/media?parent=643049"}],"wp:term":[{"taxonomy":"category","embeddable":true,"href":"https:\/\/www.europesays.com\/fr\/wp-json\/wp\/v2\/categories?post=643049"},{"taxonomy":"post_tag","embeddable":true,"href":"https:\/\/www.europesays.com\/fr\/wp-json\/wp\/v2\/tags?post=643049"}],"curies":[{"name":"wp","href":"https:\/\/api.w.org\/{rel}","templated":true}]}}