{"id":643053,"date":"2026-01-05T18:29:20","date_gmt":"2026-01-05T18:29:20","guid":{"rendered":"https:\/\/www.europesays.com\/fr\/643053\/"},"modified":"2026-01-05T18:29:20","modified_gmt":"2026-01-05T18:29:20","slug":"grenoble-le-telepherique-de-la-bastille-ferme-jusquau-vendredi-6-fevrier","status":"publish","type":"post","link":"https:\/\/www.europesays.com\/fr\/643053\/","title":{"rendered":"Grenoble. Le t\u00e9l\u00e9ph\u00e9rique\u00a0de la Bastille\u00a0ferm\u00e9\u00a0jusqu\u2019au vendredi 6\u00a0f\u00e9vrier"},"content":{"rendered":"<p>Chaque ann\u00e9e, c\u2019est une interruption programm\u00e9e qui garantit la s\u00e9curit\u00e9, la fiabilit\u00e9 et la long\u00e9vit\u00e9 de cet \u00e9quipement emprunt\u00e9 par des milliers de visiteurs, le t\u00e9l\u00e9ph\u00e9rique reliant la ville \u00e0 la Bastille. Durant ces semaines, du 5\u00a0janvier au 6\u00a0f\u00e9vrier, les \u00e9quipes techniques m\u00e8neront un ensemble d\u2019op\u00e9rations de contr\u00f4le et d\u2019entretien approfondis sur l\u2019ensemble de l\u2019installation.<\/p>\n<p>Au programme notamment\u00a0: inspection compl\u00e8te des c\u00e2bles, contr\u00f4les par magn\u00e9tographie des soudures et des \u00e9pissures, v\u00e9rifications des poulies et des axes, ainsi que le grand entretien de la machinerie (freins, roulements, syst\u00e8mes hydrauliques et \u00e9lectriques). Ces interventions, men\u00e9es selon un protocole strict, s\u2019ach\u00e8veront par des essais r\u00e9glementaires en pr\u00e9sence des organismes de contr\u00f4le, condition indispensable \u00e0 la remise en service.<\/p>\n<p>Ce contenu est bloqu\u00e9 car vous n&rsquo;avez pas accept\u00e9 les cookies et autres traceurs.<\/p>\n<p>En cliquant sur \u00ab J\u2019accepte \u00bb, les cookies et autres traceurs seront d\u00e9pos\u00e9s et vous pourrez visualiser les contenus  (<a href=\"\" class=\"consentModule_policy\" target=\"_blank\" title=\"Consulter la politique de protection des donn\u00e9es du fournisseur\">plus d&rsquo;informations<\/a>).<\/p>\n<p>En cliquant sur \u00ab J\u2019accepte tous les cookies \u00bb, vous autorisez des d\u00e9p\u00f4ts de cookies et autres traceurs pour le stockage de vos donn\u00e9es sur nos sites et applications \u00e0 des fins de personnalisation et de ciblage publicitaire.<\/p>\n<p class=\"consentModule_secondaryText\">Vous gardez la possibilit\u00e9 de retirer votre consentement \u00e0 tout moment en consultant notre <a href=\"https:\/\/www.ledauphine.com\/protection-des-donnees\" target=\"_blank\" title=\"Consulter notre politique de protection des donn\u00e9es\" rel=\"noopener\">politique de protection des donn\u00e9es<\/a>. <br \/>&#13;<br \/>\n            <a href=\"https:\/\/www.ledauphine.com\/economie\/2026\/01\/05\/javascript:Didomi.notice.show()\" class=\"consentModule_cmp\" target=\"_blank\" rel=\"noopener\">G\u00e9rer mes choix<\/a>&#13;\n        <\/p>\n<p>&#13;<br \/>\n                        J&rsquo;accepte&#13;<br \/>\n            J&rsquo;accepte tous les cookies&#13;\n        <\/p>\n<p>  Contr\u00f4les et travaux d\u2019am\u00e9lioration<\/p>\n<p>Parall\u00e8lement, des travaux d\u2019am\u00e9lioration des infrastructures sont r\u00e9alis\u00e9s. En gare basse, le toit fait l\u2019objet d\u2019une r\u00e9novation compl\u00e8te et le tableau \u00e9lectrique est enti\u00e8rement remis en conformit\u00e9. En gare haute, des travaux d\u2019\u00e9tanch\u00e9it\u00e9 sont engag\u00e9s sur le quai. \u00c0 la Bastille, les toilettes publiques seront enti\u00e8rement r\u00e9nov\u00e9es, avec la mise en place de sanitaires temporaires durant le chantier.<\/p>\n<p>Si le t\u00e9l\u00e9ph\u00e9rique marque une pause, le site de la Bastille reste accessible par les chemins habituels pour les promeneurs et les sportifs. D\u00e8s le\u00a07\u00a0f\u00e9vrier, les c\u00e9l\u00e8bres \u201cbulles\u201d reprendront leur ascension, pr\u00eates \u00e0 accueillir de nouveau Grenoblois et visiteurs dans des conditions optimales.<\/p>\n","protected":false},"excerpt":{"rendered":"Chaque ann\u00e9e, c\u2019est une interruption programm\u00e9e qui garantit la s\u00e9curit\u00e9, la fiabilit\u00e9 et la long\u00e9vit\u00e9 de cet \u00e9quipement&hellip;\n","protected":false},"author":2,"featured_media":643054,"comment_status":"","ping_status":"","sticky":false,"template":"","format":"standard","meta":{"footnotes":""},"categories":[9566],"tags":[1111,11,2430,4749,33,112,1777,674,1011,27,2731,2732,108,12,25,602,2803],"class_list":{"0":"post-643053","1":"post","2":"type-post","3":"status-publish","4":"format-standard","5":"has-post-thumbnail","7":"category-grenoble","8":"tag-actu","9":"tag-actualites","10":"tag-auvergne-rhone-alpes","11":"tag-btp-et-chantiers","12":"tag-economie","13":"tag-edition-grenoble-agglomeration","14":"tag-eu","15":"tag-europe","16":"tag-fr","17":"tag-france","18":"tag-grenoble","19":"tag-grenoble-bassin","20":"tag-isere","21":"tag-news","22":"tag-republique-francaise","23":"tag-tourisme","24":"tag-transport"},"share_on_mastodon":{"url":"https:\/\/pubeurope.com\/@fr\/115843914993091130","error":""},"_links":{"self":[{"href":"https:\/\/www.europesays.com\/fr\/wp-json\/wp\/v2\/posts\/643053","targetHints":{"allow":["GET"]}}],"collection":[{"href":"https:\/\/www.europesays.com\/fr\/wp-json\/wp\/v2\/posts"}],"about":[{"href":"https:\/\/www.europesays.com\/fr\/wp-json\/wp\/v2\/types\/post"}],"author":[{"embeddable":true,"href":"https:\/\/www.europesays.com\/fr\/wp-json\/wp\/v2\/users\/2"}],"replies":[{"embeddable":true,"href":"https:\/\/www.europesays.com\/fr\/wp-json\/wp\/v2\/comments?post=643053"}],"version-history":[{"count":0,"href":"https:\/\/www.europesays.com\/fr\/wp-json\/wp\/v2\/posts\/643053\/revisions"}],"wp:featuredmedia":[{"embeddable":true,"href":"https:\/\/www.europesays.com\/fr\/wp-json\/wp\/v2\/media\/643054"}],"wp:attachment":[{"href":"https:\/\/www.europesays.com\/fr\/wp-json\/wp\/v2\/media?parent=643053"}],"wp:term":[{"taxonomy":"category","embeddable":true,"href":"https:\/\/www.europesays.com\/fr\/wp-json\/wp\/v2\/categories?post=643053"},{"taxonomy":"post_tag","embeddable":true,"href":"https:\/\/www.europesays.com\/fr\/wp-json\/wp\/v2\/tags?post=643053"}],"curies":[{"name":"wp","href":"https:\/\/api.w.org\/{rel}","templated":true}]}}