{"id":643055,"date":"2026-01-05T18:32:10","date_gmt":"2026-01-05T18:32:10","guid":{"rendered":"https:\/\/www.europesays.com\/fr\/643055\/"},"modified":"2026-01-05T18:32:10","modified_gmt":"2026-01-05T18:32:10","slug":"une-queue-phenomenale-de-camions-arretes-sur-la84-entre-caen-et-rennes","status":"publish","type":"post","link":"https:\/\/www.europesays.com\/fr\/643055\/","title":{"rendered":"une queue ph\u00e9nom\u00e9nale de camions arr\u00eat\u00e9s sur l\u2019A84 entre Caen et Rennes"},"content":{"rendered":"<p>                    Par<br \/>\n        <strong><br \/>\n            <a href=\"https:\/\/actu.fr\/auteur\/gregory-maucorps\" title=\"Consulter tous les articles de Gr\u00e9gory Maucorps\" target=\"_blank\" rel=\"noopener\">Gr\u00e9gory Maucorps<\/a><br \/>\n                    <\/strong><\/p>\n<p>        Publi\u00e9 le<\/p>\n<p>            5 janv. 2026 \u00e0 18h06        <\/p>\n<p>Ce lundi 5\u00a0janvier 2026, en fin de journ\u00e9e, une<b> file impressionnante de poids lourds<\/b> est visible des automobilistes<b> sur l\u2019autoroute A84<\/b> en arrivant sur <a href=\"https:\/\/actu.fr\/normandie\/caen_14118\" target=\"_blank\" rel=\"noopener\">Caen<\/a> (Calvados).<\/p>\n<p>Pr\u00e8s de 2\u00a0km de camions arr\u00eat\u00e9s dans le sens Caen-Rennes<\/p>\n<p class=\" wall-content\">En effet, dans le <b>sens Caen-Rennes<\/b>, vers 16h45, pr\u00e8s de <b>deux kilom\u00e8tres de camions<\/b> sont<b> stationn\u00e9s <\/b>sur la voie de gauche \u00e0 hauteur de <b>Grainville-sur-Odon<\/b>. Soit plus d\u2019une centaine de poids lourds concern\u00e9s. Une queue impressionnante.<\/p>\n<p>Un stockage obligatoire des camions \u00e0 Grainville-sur-Odon<\/p>\n<p class=\" wall-content\">Ceci fait suite \u00e0<b> l\u2019arr\u00eat\u00e9 du pr\u00e9fet du Calvados <\/b>pris ce lundi matin interdisant la circulation des v\u00e9hicules de plus de 7,5 tonnes sur l\u2019ensemble des axes du r\u00e9seau routier national du d\u00e9partement, avec \u00ab<b>\u2009un stockage obligatoire des poids lourds<\/b> de plus de 7,5 tonnes affect\u00e9s au transport de marchandises\u2009\u00bb <b>\u00e0 Grainville-sur-Odon<\/b>. Avec une capacit\u00e9 totale de 320 camions.<\/p>\n<p class=\" wall-content\">Une d\u00e9cision prise en raison <a href=\"https:\/\/actu.fr\/normandie\/caen_14118\/la-neige-est-tombee-ce-lundi-dans-le-calvados-circulation-transports-on-fait-le-point_63649216.html\" target=\"_blank\" rel=\"noopener\">des conditions m\u00e9t\u00e9o dans le Calvados<\/a> et de la<b> vigilance orange<\/b> <b>concernant la neige et le verglas<\/b>, <a href=\"https:\/\/actu.fr\/societe\/neige-et-verglas-la-vigilance-orange-prolongee-dans-le-calvados_63653621.html\" target=\"_blank\" rel=\"noopener\">qui a d\u2019ailleurs \u00e9t\u00e9 prolong\u00e9e<\/a> par M\u00e9t\u00e9o France ce lundi apr\u00e8s-midi, \u00e0 16h, jusqu\u2019\u00e0 mardi 6\u00a0janvier \u00e0 10h.<\/p>\n<p class=\" wall-content\">Personnalisez votre actualit\u00e9 en ajoutant vos villes et m\u00e9dias en favori avec <a href=\"https:\/\/moncompte.actu.fr\" title=\"D\u00e9couvez Mon Actu\" rel=\"nofollow noopener\" data-trk=\"{&quot;cta&quot;:{&quot;action&quot;:&quot;https:\\\/\\\/moncompte.actu.fr&quot;,&quot;category&quot;:&quot;mon compte&quot;,&quot;from&quot;:&quot;article footer&quot;,&quot;name&quot;:&quot;Mon actu&quot;,&quot;type&quot;:&quot;cta&quot;}}\" target=\"_blank\">Mon Actu<\/a>.<\/p>\n","protected":false},"excerpt":{"rendered":"Par Gr\u00e9gory Maucorps Publi\u00e9 le 5 janv. 2026 \u00e0 18h06 Ce lundi 5\u00a0janvier 2026, en fin de journ\u00e9e,&hellip;\n","protected":false},"author":2,"featured_media":643056,"comment_status":"","ping_status":"","sticky":false,"template":"","format":"standard","meta":{"footnotes":""},"categories":[2821],"tags":[1111,11,28416,829,5492,5164,1777,674,1011,27,12,584,25,104],"class_list":{"0":"post-643055","1":"post","2":"type-post","3":"status-publish","4":"format-standard","5":"has-post-thumbnail","7":"category-rennes","8":"tag-actu","9":"tag-actualites","10":"tag-autoroute-84-a84","11":"tag-bretagne","12":"tag-caen","13":"tag-calvados","14":"tag-eu","15":"tag-europe","16":"tag-fr","17":"tag-france","18":"tag-news","19":"tag-rennes","20":"tag-republique-francaise","21":"tag-societe"},"share_on_mastodon":{"url":"https:\/\/pubeurope.com\/@fr\/115843926879642168","error":""},"_links":{"self":[{"href":"https:\/\/www.europesays.com\/fr\/wp-json\/wp\/v2\/posts\/643055","targetHints":{"allow":["GET"]}}],"collection":[{"href":"https:\/\/www.europesays.com\/fr\/wp-json\/wp\/v2\/posts"}],"about":[{"href":"https:\/\/www.europesays.com\/fr\/wp-json\/wp\/v2\/types\/post"}],"author":[{"embeddable":true,"href":"https:\/\/www.europesays.com\/fr\/wp-json\/wp\/v2\/users\/2"}],"replies":[{"embeddable":true,"href":"https:\/\/www.europesays.com\/fr\/wp-json\/wp\/v2\/comments?post=643055"}],"version-history":[{"count":0,"href":"https:\/\/www.europesays.com\/fr\/wp-json\/wp\/v2\/posts\/643055\/revisions"}],"wp:featuredmedia":[{"embeddable":true,"href":"https:\/\/www.europesays.com\/fr\/wp-json\/wp\/v2\/media\/643056"}],"wp:attachment":[{"href":"https:\/\/www.europesays.com\/fr\/wp-json\/wp\/v2\/media?parent=643055"}],"wp:term":[{"taxonomy":"category","embeddable":true,"href":"https:\/\/www.europesays.com\/fr\/wp-json\/wp\/v2\/categories?post=643055"},{"taxonomy":"post_tag","embeddable":true,"href":"https:\/\/www.europesays.com\/fr\/wp-json\/wp\/v2\/tags?post=643055"}],"curies":[{"name":"wp","href":"https:\/\/api.w.org\/{rel}","templated":true}]}}