{"id":643063,"date":"2026-01-05T18:36:15","date_gmt":"2026-01-05T18:36:15","guid":{"rendered":"https:\/\/www.europesays.com\/fr\/643063\/"},"modified":"2026-01-05T18:36:15","modified_gmt":"2026-01-05T18:36:15","slug":"trois-anciens-entraineurs-de-logc-nice-evoquent-le-choix-du-nouveau-coach-du-gym","status":"publish","type":"post","link":"https:\/\/www.europesays.com\/fr\/643063\/","title":{"rendered":"trois anciens entra\u00eeneurs de l\u2019OGC Nice \u00e9voquent le choix du nouveau coach du Gym"},"content":{"rendered":"<p class=\"fs-5 \">L\u2019optimisme est de mise du c\u00f4t\u00e9 du Gym. Claude Puel, sorti de sa relative \u00ab oisivet\u00e9 \u00bb, comme il le confiait en octobre dernier <a href=\"https:\/\/nicematin.sirius.press\/articles\/650045\" target=\"_blank\" rel=\"nofollow noopener\">sur le plateau de notre \u00e9mission Gym Tonic<\/a>, a <strong>r\u00e9ussi ses d\u00e9buts au chevet d\u2019un club toujours souffreteux<\/strong> d\u2019un point de vue comptable (14e), mais ragaillardi dans l\u2019attitude avec et sans ballon, en t\u00e9moigne la premi\u00e8re sortie de la nouvelle ann\u00e9e face \u00e0 Strasbourg (1-1).<\/p>\n<p class=\"fs-5 \">Pour Silvester Takac, ancien coach du Gym entre 1996 et d\u00e9but 1998, Claude Puel pr\u00e9sente <strong>un CV \u00e0 la hauteur du chantier<\/strong> qu\u2019il d\u00e9s\u00e9paissit jour apr\u00e8s jour.<\/p>\n<p class=\"fs-5 \">\u00ab Un entra\u00eeneur comme lui, qui <strong>conna\u00eet la mentalit\u00e9 des Ni\u00e7ois<\/strong>, avec autant d\u2019exp\u00e9rience sur le banc, c\u2019est simple : il ne pouvait pas y avoir un meilleur choix. \u00bb<\/p>\n<p>        <img src=\"https:\/\/www.europesays.com\/fr\/wp-content\/uploads\/2025\/12\/62d54ec_upload-1-yw91bhhpph6k-whatsapp-image-2025-12-29-at-12-45-14.jpeg\"   loading=\"lazy\" decoding=\"async\" alt=\"\" class=\"img-fluid position-absolute w-100 object-fit-cover rounded-2\" width=\"600\" height=\"400\"\/><\/p>\n<p>                                                                                \u00ab Tr\u00e8s proche de ses joueurs \u00bb<\/p>\n<p class=\"fs-5 \">Lors de son premier passage sur le banc des Aiglons, le technicien de 64 ans avait \u00e9galement trouv\u00e9 un effectif qui luttait r\u00e9guli\u00e8rement pour sa survie en Ligue 1.<\/p>\n<p class=\"fs-5 \">Ce fut le cas en 2013-14 (17e) et en 2024-15 (11e), mais comment oublier ces deux 4es places en 2012-13 et 2015-16, avec cette saison-l\u00e0 les 18 buts de Hatem Ben Arfa (17 en L1).<\/p>\n<p class=\"fs-5 \">\u00ab Il a r\u00e9ussi \u00e0 cadrer l\u2019artiste qu\u2019il \u00e9tait, et ce n\u2019\u00e9tait pas \u00e9vident. C\u2019\u00e9tait une belle p\u00e9riode. Claude produisait du jeu, et on prenait du plaisir \u00e0 aller au stade \u00bb, se souvient Silvester Takac.<\/p>\n<p class=\"fs-5 \">Toutes proportions gard\u00e9es, le natif de Castres a d\u2019ores et d\u00e9j\u00e0 <strong>r\u00e9ussi \u00e0 refaire jaillir le g\u00e9nie d\u2019Elye Wahi<\/strong>, buteur apr\u00e8s 9 minutes sous ses nouvelles couleurs apr\u00e8s une ann\u00e9e de gal\u00e8re.<\/p>\n<p class=\"fs-5 \">Lors de sa derni\u00e8re exp\u00e9rience sur le banc \u00e0 Saint-Etienne (2019-2021), le clash avec son gardien St\u00e9phane Ruffier n\u2019a pourtant pas dissip\u00e9 les \u00e9chos de l\u2019homme rude.<\/p>\n<p class=\"fs-5 \">Albert Emon, partenaire de Puel \u00e0 l\u2019AS Monaco entre 1979 et 1981, avec lequel il a remport\u00e9 la Coupe de France 1980, est l\u2019un des mieux plac\u00e9s pour balayer l\u2019image d\u2019un entra\u00eeneur d\u00e9crit par certains comme distant avec ses joueurs, comme le soulignait Yann M\u2019Vila il y a quelques ann\u00e9es, entre autres.<\/p>\n<p class=\"fs-5 \">\u00ab Au contraire, c\u2019est quelqu\u2019un qui est <strong>tr\u00e8s proche de ses joueurs<\/strong>, il leur donne souvent des possibilit\u00e9s de s\u2019\u00e9panouir, je pense que \u00e7a va leur faire beaucoup de bien. \u00bb<\/p>\n<p class=\"fs-5 \">Dans le m\u00eame esprit, ses quatre ans loin du banc ne sont pas un handicap si l\u2019on \u00e9coute les anciens entra\u00eeneurs du Gym. Ils estiment m\u00eame que cette coupure peut se transformer en force.<\/p>\n<p class=\"fs-5 \">\u00ab S\u2019il a accept\u00e9 ce poste, c\u2019est qu\u2019<strong>il veut transmettre son enthousiasme du football<\/strong>. Il a continu\u00e9 de suivre l\u2019\u00e9quipe et avait d\u00e9j\u00e0 certainement rep\u00e9r\u00e9 des choses \u00e0 corriger avant le mercato \u00bb, glisse Silvester Takac.<\/p>\n<p class=\"fs-5 \">Une position que partage Albert Emon. \u00ab C\u2019est un homme neuf qui regarde l\u2019effectif avec un regard neuf. Et comme c\u2019est un vrai passionn\u00e9, \u00e7a ne pose pas probl\u00e8me. \u00bb<\/p>\n<p class=\"fs-5 \">Un \u0153il nouveau, c\u2019est ce que le revenant ni\u00e7ois a apport\u00e9 samedi dernier.<\/p>\n<p class=\"fs-5 \">Entre Dante \u00e0 Lille, Saliba et Fofana \u00e0 l\u2019ASSE ou encore Koziello au Gym, Claude Puel a encore entretenu sa r\u00e9putation de coach propice \u00e0 l\u2019\u00e9closion de jeunes pousses en lan\u00e7ant Everton.<\/p>\n<p class=\"fs-5 \">Le jeune milieu de 18 ans, fils d\u2019Everson, a disput\u00e9 son premier match en professionnel contre Strasbourg.<\/p>\n<p class=\"fs-5 \">Preuve que d\u00e9sormais, <strong>les cartes sont rebattues au sein de l\u2019effectif<\/strong> pour obtenir sa place dans le onze. C\u2019est pr\u00e9cis\u00e9ment ce qu\u2019avait pressenti le coach de l\u2019OGCN en 1996-97, Daniel Sanchez. <\/p>\n<p class=\"fs-5 \">\u00ab Pour sortir d\u2019une situation comme celle-ci, on peut miser sur les jeunes. Il ne va pas renier ces principes. D\u2019autant que tous les joueurs vont vouloir se montrer sous leur meilleur jour. C\u2019est quelque chose qui peut jouer en sa faveur. \u00bb<\/p>\n<p>                                                                                Un effectif assez riche pour lui ?<\/p>\n<p class=\"fs-5 \">Dans le management comme sur l\u2019aspect tactique, <strong>Puel arrive donc avec ses id\u00e9es<\/strong>, entrevues samedi dernier face au RCSA.<\/p>\n<p class=\"fs-5 \">\u00ab Il aime l\u2019ordre. Et quand on est entra\u00eeneur, on donne l\u2019image de soi-m\u00eame \u00e0 son \u00e9quipe \u00bb, ose un Silvester Takac persuad\u00e9 que le peu de temps \u00e0 disposition n\u2019est pas invalidant pour construire un style de jeu, et le faire perdurer au-del\u00e0 des premi\u00e8res semaines.<\/p>\n<p class=\"fs-5 \">Alors, le plus grand point d\u2019interrogation demeure la cascade de joueurs \u00e0 l\u2019infirmerie, selon les anciens coachs des Aiglons, un ph\u00e9nom\u00e8ne \u00ab \u00e9trange \u00bb pour Silvester Takac.<\/p>\n<p class=\"fs-5 \">\u00ab Mais l\u2019effectif est quand m\u00eame suffisamment riche pour trouver les solutions \u00bb, avance le vainqueur de la Coupe de France 1997, dans l\u2019ensemble optimiste, \u00e0 l\u2019instar de ses autres comp\u00e8res.<\/p>\n<p class=\"fs-5 \">\u00c0 Claude Puel de jouer.<\/p>\n","protected":false},"excerpt":{"rendered":"L\u2019optimisme est de mise du c\u00f4t\u00e9 du Gym. Claude Puel, sorti de sa relative \u00ab oisivet\u00e9 \u00bb, comme&hellip;\n","protected":false},"author":2,"featured_media":643064,"comment_status":"","ping_status":"","sticky":false,"template":"","format":"standard","meta":{"footnotes":""},"categories":[2819],"tags":[1111,11,1777,674,1011,27,12,2401,54521,882,25],"class_list":{"0":"post-643063","1":"post","2":"type-post","3":"status-publish","4":"format-standard","5":"has-post-thumbnail","7":"category-nice","8":"tag-actu","9":"tag-actualites","10":"tag-eu","11":"tag-europe","12":"tag-fr","13":"tag-france","14":"tag-news","15":"tag-nice","16":"tag-ogcnice","17":"tag-provence-alpes-cote-dazur","18":"tag-republique-francaise"},"share_on_mastodon":{"url":"https:\/\/pubeurope.com\/@fr\/115843942629003275","error":""},"_links":{"self":[{"href":"https:\/\/www.europesays.com\/fr\/wp-json\/wp\/v2\/posts\/643063","targetHints":{"allow":["GET"]}}],"collection":[{"href":"https:\/\/www.europesays.com\/fr\/wp-json\/wp\/v2\/posts"}],"about":[{"href":"https:\/\/www.europesays.com\/fr\/wp-json\/wp\/v2\/types\/post"}],"author":[{"embeddable":true,"href":"https:\/\/www.europesays.com\/fr\/wp-json\/wp\/v2\/users\/2"}],"replies":[{"embeddable":true,"href":"https:\/\/www.europesays.com\/fr\/wp-json\/wp\/v2\/comments?post=643063"}],"version-history":[{"count":0,"href":"https:\/\/www.europesays.com\/fr\/wp-json\/wp\/v2\/posts\/643063\/revisions"}],"wp:featuredmedia":[{"embeddable":true,"href":"https:\/\/www.europesays.com\/fr\/wp-json\/wp\/v2\/media\/643064"}],"wp:attachment":[{"href":"https:\/\/www.europesays.com\/fr\/wp-json\/wp\/v2\/media?parent=643063"}],"wp:term":[{"taxonomy":"category","embeddable":true,"href":"https:\/\/www.europesays.com\/fr\/wp-json\/wp\/v2\/categories?post=643063"},{"taxonomy":"post_tag","embeddable":true,"href":"https:\/\/www.europesays.com\/fr\/wp-json\/wp\/v2\/tags?post=643063"}],"curies":[{"name":"wp","href":"https:\/\/api.w.org\/{rel}","templated":true}]}}