{"id":643076,"date":"2026-01-05T18:43:12","date_gmt":"2026-01-05T18:43:12","guid":{"rendered":"https:\/\/www.europesays.com\/fr\/643076\/"},"modified":"2026-01-05T18:43:12","modified_gmt":"2026-01-05T18:43:12","slug":"gagnez-vos-places-pour-le-spectacle-de-roland-magdane-au-grand-theatre-de-lille-grande-palais","status":"publish","type":"post","link":"https:\/\/www.europesays.com\/fr\/643076\/","title":{"rendered":"Gagnez vos places pour le spectacle de Roland Magdane au Grand Th\u00e9\u00e2tre de Lille Grande Palais"},"content":{"rendered":"<p style=\"text-align: justify;\"><strong>Zoom Sur Lille<\/strong> et <strong>Nuits d\u2019Artistes <\/strong>vous offrent <strong>vos places <\/strong>pour le spectacle de <strong>Roland Magdane \u00ab\u00a0Clap de Fin\u00a0\u00bb<\/strong> au <strong>Grand Th\u00e9\u00e2tre de Lille Grand Palais<\/strong> le <strong>samedi 10 janvier 2026 \u00e0 20h !<\/strong><\/p>\n<p style=\"text-align: justify;\">Roland Magdane \u2013 Clap de fin \u2013 Tourn\u00e9e d\u2019adieu <br \/><strong>Depuis 50 ans,<\/strong> <strong>Roland Magdane<\/strong> <strong>occupe toujours avec succ\u00e8s <\/strong>le <strong>paysage de l\u2019humour.<\/strong> Apr\u00e8s une <strong>carri\u00e8re bien remplie \u00e0 la sc\u00e8ne<\/strong> et <strong>\u00e0 la t\u00e9l\u00e9vision,<\/strong> <strong>il a d\u00e9cid\u00e9 de prendre un repos bien m\u00e9rit\u00e9.<\/strong><\/p>\n<p><strong>La tourn\u00e9e de 2026<\/strong> avec son <strong>spectacle \u00ab\u00a0CLAP DE FIN\u00a0\u00bb<\/strong> sera la <strong>tourn\u00e9e d\u2019adieu.<\/strong><\/p>\n<p><strong>NE LE RATEZ PAS<\/strong><\/p>\n<p><img loading=\"lazy\" decoding=\"async\" width=\"9\" height=\"9\" class=\"alignnone size-full wp-image-13185 tie-appear\" src=\"https:\/\/www.europesays.com\/fr\/wp-content\/uploads\/2025\/10\/1761856156_880_arrow.png\" alt=\"Puce\"\/> Les <strong>billets<\/strong> sont en vente dans les <strong>points de vente habituels. Les tarifs<\/strong> se situent entre <strong>39\u20ac <\/strong>et <strong>43\u20ac. <\/strong><\/p>\n<p><strong><img loading=\"lazy\" decoding=\"async\" class=\"size-full wp-image-45 lazyloaded tie-appear\" src=\"https:\/\/www.europesays.com\/fr\/wp-content\/uploads\/2025\/10\/1761856156_880_arrow.png\" alt=\"\" data-lazy-src=\"https:\/\/www.europesays.com\/fr\/wp-content\/uploads\/2025\/10\/1761856156_880_arrow.png\" width=\"9\" height=\"9\"\/> <\/strong><a href=\"http:\/\/www.nuitsdartistes.com\/\" target=\"_blank\" rel=\"noreferrer noopener\">Site internet de Nuits d\u2019Artistes<\/a><\/p>\n<p>Jeu-Concours Zoom Sur Lille<\/p>\n<p style=\"text-align: justify;\"><strong>Gagnez vos places<\/strong> pour le <strong>spectacle de Roland Magdane \u00ab\u00a0Clap de fin\u00a0\u00bb <\/strong>au <strong>Grand Th\u00e9\u00e2tre de Lille Grand Palais <\/strong>le <strong>samedi 10 janvier 2026 \u00e0 20h.<\/strong><\/p>\n<p style=\"text-align: justify;\"><strong>Pour jouer : compl\u00e9tez le formulaire de participation ci-dessous.<\/strong><br \/>Apr\u00e8s tirage au sort, vous recevrez les informations par email pour retirer vos invitations (v\u00e9rifiez bien votre adresse !)<\/p>\n<p>\t\t\tR\u00e8glement <\/p>\n<p style=\"text-align: justify;\">Le jeu est organis\u00e9 du 05 au 08 janvier 2026. Nombre de places en jeu : <strong>3 x 2 places \u00e0 gagner<\/strong><b> <\/b>pour le spectacle de<b> <\/b><strong>Roland Magdane \u00ab Clap de Fin \u00bb<\/strong><b> <\/b>au Grand Th\u00e9\u00e2tre de Lille Grand Palais le<b> <\/b><strong>samedi 10 janvier 2026 \u00e0 20h<\/strong>. Le tirage au sort parmi les bonnes r\u00e9ponses aura lieu le 08 janvier 2026. Les gagnants seront avertis par mail. Zoom Sur Lille \u2013 l\u2019organisateur de ce jeu \u2013 ne pourra \u00eatre tenu pour responsable de l\u2019envoi des dotations \u00e0 une adresse inexacte du fait de la n\u00e9gligence du gagnant. Si les lots n\u2019ont pu \u00eatre livr\u00e9s \u00e0 leur destinataire pour quelque raison que ce soit, ind\u00e9pendamment de la volont\u00e9 de l\u2019organisateur (le gagnant ayant d\u00e9m\u00e9nag\u00e9 sans mettre \u00e0 jour son adresse, etc. \u2026), ils resteront d\u00e9finitivement la propri\u00e9t\u00e9 de l\u2019organisateur. Les participants sont inform\u00e9s que la vente ou l\u2019\u00e9change de lots sont strictement interdits. Zoom Sur Lille ne peut \u00eatre tenu pour responsable de tout incident \/ accident pouvant subvenir dans l\u2019utilisation des lots. Toutes les marques ou noms de produits cit\u00e9s sont des marques d\u00e9pos\u00e9es de leurs propri\u00e9taires respectifs. Les cadeaux offerts aux gagnants par Zoom Sur Lille et son partenaire Nuits d\u2019Artistes sont nominatifs et ne sont ni \u00e9changeables contre un autre produit ou service, ni remboursables. Ils ne peuvent en aucun cas constituer un avoir sur un produit ou service quel qu\u2019il soit, tant aupr\u00e8s de Zoom Sur Lille que du partenaire Nuits d\u2019Artistes. Le gagnant ne peut r\u00e9clamer aucun \u00e9quivalent financier aupr\u00e8s de Zoom Sur Lille ou de Nuits d\u2019Artistes. La participation au jeu implique l\u2019acceptation des pr\u00e9sentes conditions.<\/p>\n<p class=\"has-text-align-right\">Source : Nuits d\u2019Artistes \/ Images : DR \u2013 \u00a9 Matex Productions<\/p>\n<p>\u00a0<\/p>\n<p>\u00a0<\/p>\n","protected":false},"excerpt":{"rendered":"Zoom Sur Lille et Nuits d\u2019Artistes vous offrent vos places pour le spectacle de Roland Magdane \u00ab\u00a0Clap de&hellip;\n","protected":false},"author":2,"featured_media":643077,"comment_status":"","ping_status":"","sticky":false,"template":"","format":"standard","meta":{"footnotes":""},"categories":[2815],"tags":[1111,11,1777,674,1011,27,74974,811,29657,19904,1307,12,25,74975],"class_list":{"0":"post-643076","1":"post","2":"type-post","3":"status-publish","4":"format-standard","5":"has-post-thumbnail","7":"category-lille","8":"tag-actu","9":"tag-actualites","10":"tag-eu","11":"tag-europe","12":"tag-fr","13":"tag-france","14":"tag-grand-theatre-de-lille-grand-palais","15":"tag-hauts-de-france","16":"tag-invitations-gratuites","17":"tag-jeux-concours","18":"tag-lille","19":"tag-news","20":"tag-republique-francaise","21":"tag-roland-magdane"},"share_on_mastodon":{"url":"https:\/\/pubeurope.com\/@fr\/115843970471367479","error":""},"_links":{"self":[{"href":"https:\/\/www.europesays.com\/fr\/wp-json\/wp\/v2\/posts\/643076","targetHints":{"allow":["GET"]}}],"collection":[{"href":"https:\/\/www.europesays.com\/fr\/wp-json\/wp\/v2\/posts"}],"about":[{"href":"https:\/\/www.europesays.com\/fr\/wp-json\/wp\/v2\/types\/post"}],"author":[{"embeddable":true,"href":"https:\/\/www.europesays.com\/fr\/wp-json\/wp\/v2\/users\/2"}],"replies":[{"embeddable":true,"href":"https:\/\/www.europesays.com\/fr\/wp-json\/wp\/v2\/comments?post=643076"}],"version-history":[{"count":0,"href":"https:\/\/www.europesays.com\/fr\/wp-json\/wp\/v2\/posts\/643076\/revisions"}],"wp:featuredmedia":[{"embeddable":true,"href":"https:\/\/www.europesays.com\/fr\/wp-json\/wp\/v2\/media\/643077"}],"wp:attachment":[{"href":"https:\/\/www.europesays.com\/fr\/wp-json\/wp\/v2\/media?parent=643076"}],"wp:term":[{"taxonomy":"category","embeddable":true,"href":"https:\/\/www.europesays.com\/fr\/wp-json\/wp\/v2\/categories?post=643076"},{"taxonomy":"post_tag","embeddable":true,"href":"https:\/\/www.europesays.com\/fr\/wp-json\/wp\/v2\/tags?post=643076"}],"curies":[{"name":"wp","href":"https:\/\/api.w.org\/{rel}","templated":true}]}}