{"id":643078,"date":"2026-01-05T18:44:12","date_gmt":"2026-01-05T18:44:12","guid":{"rendered":"https:\/\/www.europesays.com\/fr\/643078\/"},"modified":"2026-01-05T18:44:12","modified_gmt":"2026-01-05T18:44:12","slug":"cet-hopital-pres-de-lille-vient-de-realiser-une-avancee-medicale-majeure-grace-a-un-robot","status":"publish","type":"post","link":"https:\/\/www.europesays.com\/fr\/643078\/","title":{"rendered":"Cet h\u00f4pital pr\u00e8s de Lille vient de r\u00e9aliser une avanc\u00e9e m\u00e9dicale majeure gr\u00e2ce \u00e0 un robot"},"content":{"rendered":"<p>Dans un contexte o\u00f9 les interventions orthop\u00e9diques sont de plus en plus fr\u00e9quentes, cette premi\u00e8re marque un tournant technologique important pour le territoire. Et confirme, une fois encore, le <a href=\"https:\/\/www.lebonbon.fr\/lille\/news\/hopital-lille-classe-250-meilleurs-monde\/\" target=\"_blank\" rel=\"noopener\">dynamisme des h\u00f4pitaux du Nord<\/a> en mati\u00e8re d\u2019innovation m\u00e9dicale.<\/p>\n<p>&#13;<\/p>\n<p>Si la chirurgie du genou est loin d\u2019\u00eatre nouvelle, <strong>l\u2019arriv\u00e9e de l\u2019assistance robotis\u00e9e change compl\u00e8tement la donne.<\/strong> \u00c0 Roubaix, cette avanc\u00e9e s\u2019inscrit dans une volont\u00e9 d\u2019am\u00e9liorer la pr\u00e9cision des gestes chirurgicaux, les suites op\u00e9ratoires et le confort des patients, tout en renfor\u00e7ant l\u2019attractivit\u00e9 de l\u2019\u00e9tablissement.<\/p>\n<p>&#13;<br \/>\n<b>Une premi\u00e8re intervention assist\u00e9e par robot \u00e0 Roubaix<\/b>&#13;<\/p>\n<p>Fin novembre, les \u00e9quipes de chirurgie orthop\u00e9dique-traumatologique du <b>Centre hospitalier de Roubaix<\/b> ont franchi un cap avec la r\u00e9alisation de leur premi\u00e8re proth\u00e8se totale de genou assist\u00e9e par robot. Une op\u00e9ration courante \u00e0 l\u2019\u00e9chelle nationale (plus de 70 000 poses sont r\u00e9alis\u00e9es chaque ann\u00e9e en France) mais qui b\u00e9n\u00e9ficie ici d\u2019une technologie de pointe.<\/p>\n<p>&#13;<\/p>\n<p>Ce robot chirurgical permet d\u2019accompagner le chirurgien tout au long de l\u2019intervention, <strong>sans le remplacer<\/strong>. Les d\u00e9cisions restent humaines, mais les gestes gagnent en finesse et en pr\u00e9cision.<\/p>\n<p>&#13;<\/p>\n<p><img loading=\"lazy\" decoding=\"async\" src=\"https:\/\/www.europesays.com\/fr\/wp-content\/uploads\/2026\/01\/chirurgiens-robot-hopital-operation2.jpg\" width=\"1000\" height=\"563\" alt=\"\"\/><\/p>\n<p>&#13;<br \/>\nCr\u00e9dits: centre Hospitalier de Roubaix&#13;<br \/>\n<b>Une technologie au service de la pr\u00e9cision et des patients<\/b>&#13;<\/p>\n<p>L\u2019assistance robotis\u00e9e offre plusieurs avantages concrets. Elle permet notamment <strong>un alignement extr\u00eamement pr\u00e9cis du genou<\/strong>, sans imagerie pr\u00e9op\u00e9ratoire lourde, gr\u00e2ce \u00e0 des algorithmes avanc\u00e9s. Chaque intervention devient plus personnalis\u00e9e, avec un ajustement tr\u00e8s fin de la proth\u00e8se selon l\u2019anatomie du patient.<\/p>\n<p>&#13;<\/p>\n<p>Cette technologie facilite \u00e9galement la prise en charge de cas plus complexes, tout en rendant la chirurgie moins invasive. En conclusion\u00a0: des suites op\u00e9ratoires souvent plus simples, un temps d\u2019intervention r\u00e9duit et, \u00e0 terme, une r\u00e9cup\u00e9ration optimis\u00e9e.<\/p>\n<p>&#13;<br \/>\n<b>Une \u00e9quipe toujours au c\u0153ur de l\u2019intervention<\/b>&#13;<\/p>\n<p>Si le robot apporte une aide technologique pr\u00e9cieuse,<strong> le c\u0153ur de l\u2019op\u00e9ration reste humain<\/strong>. Chirurgiens, anesth\u00e9sistes, infirmiers de bloc\u00a0: toute une \u00e9quipe pluridisciplinaire exp\u00e9riment\u00e9e est mobilis\u00e9e pour chaque intervention. Le robot n\u2019ex\u00e9cute pas seul, il est ici pour assister, s\u00e9curiser et affiner le geste. Pour l\u2019h\u00f4pital de <a href=\"https:\/\/www.lebonbon.fr\/lille\/actu\/mercado-negro-rooftop-portugais-roubaix\/\" target=\"_blank\" rel=\"noopener\">Roubaix<\/a>, ce projet vise autant \u00e0 am\u00e9liorer le parcours patient qu\u2019\u00e0 d\u00e9velopper l\u2019activit\u00e9 de chirurgie du genou et renforcer l\u2019attractivit\u00e9 de l\u2019\u00e9tablissement dans la m\u00e9tropole.<\/p>\n<p>&#13;<br \/>\n<b>Une avanc\u00e9e m\u00e9dicale qui compte dans le Nord<\/b>&#13;<\/p>\n<p>Dans une r\u00e9gion o\u00f9 les besoins en soins orthop\u00e9diques sont importants, cette premi\u00e8re intervention assist\u00e9e par robot marque une \u00e9tape cl\u00e9. Elle illustre une dynamique plus large\u00a0: celle d\u2019<strong>un territoire qui investit dans l\u2019<a href=\"https:\/\/www.lebonbon.fr\/lille\/news\/sante-mentale-lille-se-dote-d-plateau-soins-parmi-plus-avances-france\/\" target=\"_blank\" rel=\"noopener\">innovation m\u00e9dicale<\/a><\/strong> pour offrir des soins toujours plus performants, accessibles et adapt\u00e9s aux patients.<\/p>\n","protected":false},"excerpt":{"rendered":"Dans un contexte o\u00f9 les interventions orthop\u00e9diques sont de plus en plus fr\u00e9quentes, cette premi\u00e8re marque un tournant&hellip;\n","protected":false},"author":2,"featured_media":643079,"comment_status":"","ping_status":"","sticky":false,"template":"","format":"standard","meta":{"footnotes":""},"categories":[2815],"tags":[1111,11,1777,674,1011,27,811,1307,12,25],"class_list":{"0":"post-643078","1":"post","2":"type-post","3":"status-publish","4":"format-standard","5":"has-post-thumbnail","7":"category-lille","8":"tag-actu","9":"tag-actualites","10":"tag-eu","11":"tag-europe","12":"tag-fr","13":"tag-france","14":"tag-hauts-de-france","15":"tag-lille","16":"tag-news","17":"tag-republique-francaise"},"share_on_mastodon":{"url":"https:\/\/pubeurope.com\/@fr\/115843974194307691","error":""},"_links":{"self":[{"href":"https:\/\/www.europesays.com\/fr\/wp-json\/wp\/v2\/posts\/643078","targetHints":{"allow":["GET"]}}],"collection":[{"href":"https:\/\/www.europesays.com\/fr\/wp-json\/wp\/v2\/posts"}],"about":[{"href":"https:\/\/www.europesays.com\/fr\/wp-json\/wp\/v2\/types\/post"}],"author":[{"embeddable":true,"href":"https:\/\/www.europesays.com\/fr\/wp-json\/wp\/v2\/users\/2"}],"replies":[{"embeddable":true,"href":"https:\/\/www.europesays.com\/fr\/wp-json\/wp\/v2\/comments?post=643078"}],"version-history":[{"count":0,"href":"https:\/\/www.europesays.com\/fr\/wp-json\/wp\/v2\/posts\/643078\/revisions"}],"wp:featuredmedia":[{"embeddable":true,"href":"https:\/\/www.europesays.com\/fr\/wp-json\/wp\/v2\/media\/643079"}],"wp:attachment":[{"href":"https:\/\/www.europesays.com\/fr\/wp-json\/wp\/v2\/media?parent=643078"}],"wp:term":[{"taxonomy":"category","embeddable":true,"href":"https:\/\/www.europesays.com\/fr\/wp-json\/wp\/v2\/categories?post=643078"},{"taxonomy":"post_tag","embeddable":true,"href":"https:\/\/www.europesays.com\/fr\/wp-json\/wp\/v2\/tags?post=643078"}],"curies":[{"name":"wp","href":"https:\/\/api.w.org\/{rel}","templated":true}]}}