{"id":643080,"date":"2026-01-05T18:45:10","date_gmt":"2026-01-05T18:45:10","guid":{"rendered":"https:\/\/www.europesays.com\/fr\/643080\/"},"modified":"2026-01-05T18:45:10","modified_gmt":"2026-01-05T18:45:10","slug":"a-marseille-cette-boite-de-nuit-prend-des-mesures-fortes","status":"publish","type":"post","link":"https:\/\/www.europesays.com\/fr\/643080\/","title":{"rendered":"\u00e0 Marseille, cette bo\u00eete de nuit prend des mesures fortes"},"content":{"rendered":"<p>                    Par<br \/>\n        <strong><br \/>\n            <a href=\"https:\/\/actu.fr\/auteur\/thibault-nadal-actu-fr\" title=\"Consulter tous les articles de Thibault Nadal\" target=\"_blank\" rel=\"noopener\">Thibault Nadal<\/a><br \/>\n                    <\/strong><\/p>\n<p>        Publi\u00e9 le<\/p>\n<p>            5 janv. 2026 \u00e0 17h56        <\/p>\n<p>C\u2019est un drame qui a \u00e9mu le monde entier. Lors de la nuit de la Saint-Sylvestre, <strong>40\u00a0personnes ont perdu la vie<\/strong> dans <a href=\"https:\/\/actu.fr\/faits-divers\/incendie-d-un-bar-a-crans-montana-bilan-humain-causes-ce-que-l-on-sait-deux-jours-apres-le-drame-en-suisse_63645791.html\" target=\"_blank\" rel=\"noopener\">l\u2019incendie d\u2019un bar \u00e0 Crans-Montana<\/a> en Suisse et 116 sont bless\u00e9es. Le feu pourrait avoir \u00e9t\u00e9 caus\u00e9 par l\u2019usage de feu de Bengale, des bougies incandescentes qui aurait enflamm\u00e9 le plafond de l\u2019\u00e9tablissement, selon les premiers \u00e9l\u00e9ments communiqu\u00e9s par les enqu\u00eateurs suisses et des images diffus\u00e9es sur <a href=\"https:\/\/actu.fr\/tag\/reseaux-sociaux\" target=\"_blank\" rel=\"noopener\">les r\u00e9seaux sociaux<\/a>. Apr\u00e8s cette nuit tragique, plusieurs \u00e9tablissements de nuit <a href=\"https:\/\/actu.fr\/marseille\/\" target=\"_blank\" rel=\"noopener\">marseillais<\/a> ont d\u00e9cid\u00e9 de prendre des mesures fortes.<\/p>\n<p>Les sparklers interdits au Pablo<\/p>\n<p class=\" wall-content\">Le Pablo Club, situ\u00e9 \u00e0 deux pas du <a href=\"https:\/\/actu.fr\/tag\/vieux-port\" target=\"_blank\" rel=\"noopener\">Vieux-Port<\/a> dans le 1er arrondissement est le premier \u00e0 avoir pris la parole sur ses r\u00e9seaux sociaux.<\/p>\n<p class=\" wall-content\"><a href=\"https:\/\/www.instagram.com\/p\/DTDbW72jW5a\/embed\" title=\"Ouvrir le lien sur Instagram\" target=\"_blank\" rel=\"noopener\">Visualiser le contenu sur Instagram<\/a><\/p>\n<p class=\" wall-content\">Pour assurer la s\u00e9curit\u00e9 de sa client\u00e8le, ses g\u00e9rants ont fait un choix fort en allant \u00ab\u2009plus loin dans leur [n\u00f4tre] d\u00e9marche de pr\u00e9vention\u2009\u00bb. Depuis le dimanche 4\u00a0janvier 2026, <strong>les sparklers et engins pyrotechniques sont interdits sur les bouteilles<\/strong>.<\/p>\n<blockquote class=\"ac-article-quote wall-content\">\n<p>La f\u00eate sera peut-\u00eatre diff\u00e9rente, mais la s\u00e9curit\u00e9 de nos clients et de nos \u00e9quipes passera toujours en priorit\u00e9.<\/p>\n<p>    <strong>The Pablo Club sur Instagram<\/strong>\n            <\/p><\/blockquote>\n<p>Des \u00e9tablissements pas assez contr\u00f4l\u00e9s\u2009?<\/p>\n<p class=\" wall-content\">Une d\u00e9cision qu\u2019avait d\u00e9j\u00e0 prise Le Bazar (8e) quelques mois auparavant. Aupr\u00e8s de <a href=\"https:\/\/x.com\/FaisonsParler\/status\/2007459034702422405\">Faisons parler Marseille<\/a>, l\u2019\u00e9tablissement r\u00e9v\u00e8le utiliser des supports LED \u00e0 la place.<\/p>\n<p class=\" wall-content\">Dans son message sur Instagram, le Pablo explique que <strong>ce drame \u00ab\u2009met en lumi\u00e8re une r\u00e9alit\u00e9 pr\u00e9occupante<\/strong> du monde de la nuit\u2009\u00bb. Avec selon eux des \u00ab\u2009r\u00e8gles strictes, des contr\u00f4les r\u00e9guliers et de fortes contraintes de s\u00e9curit\u00e9\u2009\u00bb pour les bo\u00eetes de nuit.<\/p>\n<p class=\" wall-content\">Et de l\u2019autre, de \u00ab\u2009nombreux bars, restaurants et \u2018before\u2019 qui exploitent le march\u00e9 de la nuit sans \u00eatre soumis aux m\u00eames obligations, ni aux m\u00eames contr\u00f4les\u2009\u00bb. \u00ab\u2009Cette situation est dangereuse pour le public et profond\u00e9ment d\u00e9loyale pour les \u00e9tablissements respectant les r\u00e8gles.\u2009\u00bb<\/p>\n<p>Votre r\u00e9gion, votre actu !<\/p>\n<p>Recevez chaque jour les infos qui comptent pour vous.<\/p>\n<p>\t<a href=\"https:\/\/actu.fr\/newsletter\" class=\"ac-btn ac-btn--corner ac-btn--medium ac-btn--blue800\" target=\"_blank\" rel=\"noopener\">S&rsquo;incrire<\/a><\/p>\n<p class=\" wall-content\">Sans le nommer, les g\u00e9rants visent-ils <a href=\"https:\/\/actu.fr\/provence-alpes-cote-d-azur\/marseille_13055\/marseille-ce-restaurant-cartonne-sur-les-reseaux-sociaux-avec-son-decor-de-carte-postale_62646766.html\" target=\"_blank\" rel=\"noopener\">Le Santorin<\/a>\u2009? Dans une r\u00e9cente enqu\u00eate, <a href=\"https:\/\/marsactu.fr\/a-la-pointe-rouge-le-restaurant-le-santorin-se-passe-dautorisation-dexploitation\/\" target=\"_blank\" rel=\"noopener\">Marsactu<\/a> r\u00e9v\u00e8le que le c\u00e9l\u00e8bre restaurant du 8e arrondissement n\u2019a <strong>aucune autorisation pour accueillir du public <\/strong>en raison de normes de s\u00e9curit\u00e9 qui ne seraient pas respect\u00e9es.<\/p>\n<p class=\" wall-content\">Personnalisez votre actualit\u00e9 en ajoutant vos villes et m\u00e9dias en favori avec <a href=\"https:\/\/moncompte.actu.fr\" title=\"D\u00e9couvez Mon Actu\" rel=\"nofollow noopener\" data-trk=\"{&quot;cta&quot;:{&quot;action&quot;:&quot;https:\\\/\\\/moncompte.actu.fr&quot;,&quot;category&quot;:&quot;mon compte&quot;,&quot;from&quot;:&quot;article footer&quot;,&quot;name&quot;:&quot;Mon actu&quot;,&quot;type&quot;:&quot;cta&quot;}}\" target=\"_blank\">Mon Actu<\/a>.<\/p>\n<p>                    <script async src=\"\/\/www.instagram.com\/embed.js\"><\/script><\/p>\n","protected":false},"excerpt":{"rendered":"Par Thibault Nadal Publi\u00e9 le 5 janv. 2026 \u00e0 17h56 C\u2019est un drame qui a \u00e9mu le monde&hellip;\n","protected":false},"author":2,"featured_media":643081,"comment_status":"","ping_status":"","sticky":false,"template":"","format":"standard","meta":{"footnotes":""},"categories":[2814],"tags":[1111,11,1777,674,1011,27,1310,884,12,882,25,104],"class_list":{"0":"post-643080","1":"post","2":"type-post","3":"status-publish","4":"format-standard","5":"has-post-thumbnail","7":"category-marseille","8":"tag-actu","9":"tag-actualites","10":"tag-eu","11":"tag-europe","12":"tag-fr","13":"tag-france","14":"tag-incendie","15":"tag-marseille","16":"tag-news","17":"tag-provence-alpes-cote-dazur","18":"tag-republique-francaise","19":"tag-societe"},"share_on_mastodon":{"url":"https:\/\/pubeurope.com\/@fr\/115843977929209650","error":""},"_links":{"self":[{"href":"https:\/\/www.europesays.com\/fr\/wp-json\/wp\/v2\/posts\/643080","targetHints":{"allow":["GET"]}}],"collection":[{"href":"https:\/\/www.europesays.com\/fr\/wp-json\/wp\/v2\/posts"}],"about":[{"href":"https:\/\/www.europesays.com\/fr\/wp-json\/wp\/v2\/types\/post"}],"author":[{"embeddable":true,"href":"https:\/\/www.europesays.com\/fr\/wp-json\/wp\/v2\/users\/2"}],"replies":[{"embeddable":true,"href":"https:\/\/www.europesays.com\/fr\/wp-json\/wp\/v2\/comments?post=643080"}],"version-history":[{"count":0,"href":"https:\/\/www.europesays.com\/fr\/wp-json\/wp\/v2\/posts\/643080\/revisions"}],"wp:featuredmedia":[{"embeddable":true,"href":"https:\/\/www.europesays.com\/fr\/wp-json\/wp\/v2\/media\/643081"}],"wp:attachment":[{"href":"https:\/\/www.europesays.com\/fr\/wp-json\/wp\/v2\/media?parent=643080"}],"wp:term":[{"taxonomy":"category","embeddable":true,"href":"https:\/\/www.europesays.com\/fr\/wp-json\/wp\/v2\/categories?post=643080"},{"taxonomy":"post_tag","embeddable":true,"href":"https:\/\/www.europesays.com\/fr\/wp-json\/wp\/v2\/tags?post=643080"}],"curies":[{"name":"wp","href":"https:\/\/api.w.org\/{rel}","templated":true}]}}