{"id":643089,"date":"2026-01-05T18:51:09","date_gmt":"2026-01-05T18:51:09","guid":{"rendered":"https:\/\/www.europesays.com\/fr\/643089\/"},"modified":"2026-01-05T18:51:09","modified_gmt":"2026-01-05T18:51:09","slug":"a-86-ans-il-agressait-sexuellement-les-jeunes-femmes-dans-le-metro-a-paris","status":"publish","type":"post","link":"https:\/\/www.europesays.com\/fr\/643089\/","title":{"rendered":"\u00e0 86 ans, il agressait sexuellement les jeunes femmes dans le m\u00e9tro \u00e0 Paris"},"content":{"rendered":"<p>                    Par<br \/>\n        <strong><br \/>\n            <a href=\"https:\/\/actu.fr\/auteur\/antoine-blanchet\" title=\"Consulter tous les articles de Antoine Blanchet\" target=\"_blank\" rel=\"noopener\">Antoine Blanchet<\/a><br \/>\n                    <\/strong><\/p>\n<p>        Publi\u00e9 le<\/p>\n<p>            5 janv. 2026 \u00e0 19h22        <\/p>\n<p>La silhouette est vo\u00fbt\u00e9e. La d\u00e9marche difficile. \u00c2g\u00e9 de 86 ans, Pierre L. a du mal \u00e0 entendre ce qu\u2019on lui dit. Avec sa touffe de cheveux blancs et son costume respectable, on pourrait le croiser sur un banc d\u2019un square. C\u2019est pourtant sur celui des pr\u00e9venus de la<strong> 15e chambre correctionnelle<\/strong> du tribunal de <a href=\"https:\/\/actu.fr\/paris\/\" target=\"_blank\" rel=\"noopener\">Paris<\/a> qu\u2019il est assis ce lundi 5 janvier 2026. On lui reproche des <a href=\"https:\/\/actu.fr\/ile-de-france\/paris_75056\/paris-apres-15-ans-d-impunite-le-frotteur-du-metro-condamne-a-la-peine-maximale-vous-etes-un-predateur_62127338.html\" target=\"_blank\" rel=\"noopener\">agressions sexuelles dans le m\u00e9tro<\/a> parisien.\u00a0<\/p>\n<p>Traqu\u00e9 par la police des transports<\/p>\n<p class=\" wall-content\">Il faut remonter \u00e0 l\u2019\u00e9t\u00e9 2025 pour comprendre cette affaire. Nous sommes le 9 ao\u00fbt. Il fait chaud. Le m\u00e9tro n\u2019est pas trop fr\u00e9quent\u00e9 sur la <a href=\"https:\/\/actu.fr\/ile-de-france\/paris_75056\/ratp-mort-d-un-homme-malvoyant-apres-avoir-chute-sur-les-rails-du-metro-a-paris_63639219.html\" target=\"_blank\" rel=\"noopener\">ligne 6<\/a>. Comme \u00e0 leur habitude, les policiers de la <strong>brigade r\u00e9gionale des transports<\/strong> patrouillent, \u00e0 la recherche des voleurs et des pr\u00e9dateurs. \u00c0 la station <a href=\"https:\/\/actu.fr\/tag\/trocadero\" target=\"_blank\" rel=\"noopener\">Trocad\u00e9ro<\/a>, les yeux de ces patrouilleurs aguerris tiquent. Assis sur le quai du <a href=\"https:\/\/actu.fr\/tag\/metro\" target=\"_blank\" rel=\"noopener\">m\u00e9tro<\/a>, un homme semble omnubil\u00e9 par les jeunes femmes pr\u00e9sentes.\u00a0<\/p>\n<p class=\" wall-content\">Les agents ne se laissent pas attendrir par l\u2019\u00e2ge avanc\u00e9 de l\u2019individu. Ils d\u00e9cident de le suivre. Le vieillard \u00e9quip\u00e9 d\u2019une sacoche d\u2019ordinateur monte dans une rame. Son regard semble s\u2019attarder sur les jeunes femmes porteuses de robes. \u00c0 la station Passy, il d\u00e9cide de s\u2019asseoir \u00e0 c\u00f4t\u00e9 de l\u2019une d\u2019elles. Il place sa sacoche sur ses genoux, de sorte que sa main, plac\u00e9e \u00e0 son extr\u00e8mit\u00e9, entre en contact avec la cuisse de l\u2019usag\u00e8re.\u00a0<\/p>\n<p class=\" wall-content\">Jusqu\u2019\u00e0 Bir-Hakeim, les policiers observent l\u2019homme en train de caresser doucement la victime, qui semble \u00eatre dans un profond malaise. Contact\u00e9e par les policiers, elle ne souhaite pas porter plainte. Le pr\u00e9venu sort de la rame, puis remonte dans une autre et continue son man\u00e8ge. Cette fois-ci, la victime est \u00e2g\u00e9e de 16 ans. L\u2019octog\u00e9naire est interpell\u00e9 quelques jours plus tard.\u00a0<\/p>\n<p>D\u00e9j\u00e0 rep\u00e9r\u00e9 deux mois avant<\/p>\n<p class=\" wall-content\">En se penchant sur son cas, les enqu\u00eateurs se rendent compte que le pr\u00e9venu a d\u00e9j\u00e0 s\u00e9vi. Deux mois auparavant, Pierre L. avait d\u00e9j\u00e0 fait rimer ligne 6 avec vice. De couloirs en quais. De quais en rames. Et de rames en jeunes femmes, il avait touch\u00e9 les cuisses de deux autres usag\u00e8res. L\u2019une des victimes s\u2019\u00e9tait retrouv\u00e9e coinc\u00e9e une dizaine de minutes \u00e0 subir les attouchements. Les faits avaient \u00e9t\u00e9 class\u00e9s sans suite, car<strong> l\u2019intention sexuelle<\/strong> du mis en cause n\u2019\u00e9tait pas totalement av\u00e9r\u00e9e. C\u2019est maintenant chose faite avec les agressions du mois d\u2019ao\u00fbt. \u00ab\u00a0L\u2019intention se caract\u00e9rise par le mode op\u00e9ratoire. La premi\u00e8re fois, il y avait un doute. La seconde, il n\u2019y en a plus\u00a0\u00bb, affirme la procureure.<\/p>\n<p>\u00a0\u00ab\u00a0\u00c7a \u00e9chappe parfois \u00e0 mon contr\u00f4le\u00a0\u00bb<\/p>\n<p class=\" wall-content\">Face aux juges, le pr\u00e9venu tente de se justifier maladroitement. \u00ab\u00a0Je reconnais et je le regrette. \u00c7a \u00e9chappe parfois \u00e0 mon contr\u00f4le\u00a0\u00bb, d\u00e9clare l\u2019octog\u00e9naire d\u2019une voix tremblante. Malgr\u00e9 ces aveux, le tribunal n\u2019arrive pas \u00e0 saisir si Pierre L. avait oui ou non une intention sexuelle. Il \u00e9voque des faits accidentels li\u00e9s au d\u00e9placement du m\u00e9tro. Le pr\u00e9sident l\u2019interroge, mais son interlocuteur entend mal et semble avoir la m\u00e9moire d\u00e9faillante. Une interpr\u00e8te est pr\u00e9sente pour assister cet homme venu d\u2019Iran en 1978, juste avant la R\u00e9volution Islamique. La confusion reste pourtant de mise et l\u2019\u00e9change en restera l\u00e0.\u00a0<\/p>\n<p class=\" wall-content\">Pierre L. explique prendre le m\u00e9tro de temps en temps. \u00ab\u00a0Je vis en banlieue pour sortir de ma solitude\u00a0\u00bb, d\u00e9clare cet homme qui n\u2019a ni femme ni enfant. L\u2019absence de proches venus \u00e0 l\u2019audience illustre son propos. Aucune victime n\u2019a non plus fait le d\u00e9placement.\u00a0<\/p>\n<p>Votre r\u00e9gion, votre actu !<\/p>\n<p>Recevez chaque jour les infos qui comptent pour vous.<\/p>\n<p>\t<a href=\"https:\/\/actu.fr\/newsletter\" class=\"ac-btn ac-btn--corner ac-btn--medium ac-btn--blue800\" target=\"_blank\" rel=\"noopener\">S&rsquo;incrire<\/a><br \/>\nQuatre mois de prison avec sursis<\/p>\n<p class=\" wall-content\">Dans son r\u00e9quisitoire, la procureure ne se laisse pas attendrir. Elle se base sur plusieurs d\u00e9clarations faites par le pr\u00e9venu durant sa garde \u00e0 vue. \u00ab\u00a0Quand je me retrouve seul \u00e0 c\u00f4t\u00e9 d\u2019une femme, je ne peux plus me contr\u00f4ler\u00a0\u00bb, avait-il avou\u00e9 aux agents. \u00ab\u00a0Il va falloir qu\u2019il se contr\u00f4le. On ne va pas lui dire de ne plus jamais prendre le m\u00e9tro de sa vie\u00a0\u00bb, reconna\u00eet la magistrate. Elle demande <strong>dix mois de prison avec sursis simple,<\/strong>\u00a0ainsi qu\u2019une in\u00e9gibilit\u00e9 durant cinq ans.\u00a0<\/p>\n<p class=\" wall-content\">\u00c0 la d\u00e9fense, on met en exergue la vie sentimentale inexistante de l\u2019octog\u00e9naire. \u00ab\u00a0Il a reconnu les faits \u00e0 demi-mot. C\u2019est dur pour lui de le faire dans cette salle avec du monde\u00a0\u00bb, affirme le p\u00e9naliste, qui demande une peine moins \u00ab\u00a0disproportionn\u00e9e\u00a0\u00bb que celle requise. \u00ab\u00a0Je pr\u00e9sente mes excuses. Je demande aux victimes de me pardonner\u00a0\u00bb, bafouille Pierre L.. Apr\u00e8s un court d\u00e9lib\u00e9r\u00e9, le tribunal le condamne \u00e0<strong> quatre mois de prison avec sursis simple<\/strong>.\u00a0<\/p>\n<p class=\" wall-content\">Personnalisez votre actualit\u00e9 en ajoutant vos villes et m\u00e9dias en favori avec <a href=\"https:\/\/moncompte.actu.fr\" title=\"D\u00e9couvez Mon Actu\" rel=\"nofollow noopener\" data-trk=\"{&quot;cta&quot;:{&quot;action&quot;:&quot;https:\\\/\\\/moncompte.actu.fr&quot;,&quot;category&quot;:&quot;mon compte&quot;,&quot;from&quot;:&quot;article footer&quot;,&quot;name&quot;:&quot;Mon actu&quot;,&quot;type&quot;:&quot;cta&quot;}}\" target=\"_blank\">Mon Actu<\/a>.<\/p>\n","protected":false},"excerpt":{"rendered":"Par Antoine Blanchet Publi\u00e9 le 5 janv. 2026 \u00e0 19h22 La silhouette est vo\u00fbt\u00e9e. La d\u00e9marche difficile. \u00c2g\u00e9&hellip;\n","protected":false},"author":2,"featured_media":643090,"comment_status":"","ping_status":"","sticky":false,"template":"","format":"standard","meta":{"footnotes":""},"categories":[1888],"tags":[1111,1928,11,1927,1777,674,118,1011,27,4047,12,1926,626,1925,625,25,799],"class_list":{"0":"post-643089","1":"post","2":"type-post","3":"status-publish","4":"format-standard","5":"has-post-thumbnail","7":"category-paris","8":"tag-actu","9":"tag-actu-paris","10":"tag-actualites","11":"tag-actualites-paris","12":"tag-eu","13":"tag-europe","14":"tag-faits-divers","15":"tag-fr","16":"tag-france","17":"tag-metro","18":"tag-news","19":"tag-news-paris","20":"tag-paris","21":"tag-paris-news","22":"tag-ratp","23":"tag-republique-francaise","24":"tag-violences-sexuelles"},"share_on_mastodon":{"url":"https:\/\/pubeurope.com\/@fr\/115844001577293721","error":""},"_links":{"self":[{"href":"https:\/\/www.europesays.com\/fr\/wp-json\/wp\/v2\/posts\/643089","targetHints":{"allow":["GET"]}}],"collection":[{"href":"https:\/\/www.europesays.com\/fr\/wp-json\/wp\/v2\/posts"}],"about":[{"href":"https:\/\/www.europesays.com\/fr\/wp-json\/wp\/v2\/types\/post"}],"author":[{"embeddable":true,"href":"https:\/\/www.europesays.com\/fr\/wp-json\/wp\/v2\/users\/2"}],"replies":[{"embeddable":true,"href":"https:\/\/www.europesays.com\/fr\/wp-json\/wp\/v2\/comments?post=643089"}],"version-history":[{"count":0,"href":"https:\/\/www.europesays.com\/fr\/wp-json\/wp\/v2\/posts\/643089\/revisions"}],"wp:featuredmedia":[{"embeddable":true,"href":"https:\/\/www.europesays.com\/fr\/wp-json\/wp\/v2\/media\/643090"}],"wp:attachment":[{"href":"https:\/\/www.europesays.com\/fr\/wp-json\/wp\/v2\/media?parent=643089"}],"wp:term":[{"taxonomy":"category","embeddable":true,"href":"https:\/\/www.europesays.com\/fr\/wp-json\/wp\/v2\/categories?post=643089"},{"taxonomy":"post_tag","embeddable":true,"href":"https:\/\/www.europesays.com\/fr\/wp-json\/wp\/v2\/tags?post=643089"}],"curies":[{"name":"wp","href":"https:\/\/api.w.org\/{rel}","templated":true}]}}