{"id":643091,"date":"2026-01-05T18:52:10","date_gmt":"2026-01-05T18:52:10","guid":{"rendered":"https:\/\/www.europesays.com\/fr\/643091\/"},"modified":"2026-01-05T18:52:10","modified_gmt":"2026-01-05T18:52:10","slug":"pourquoi-la-ratp-lutte-pour-maintenir-bus-et-metro-face-a-une-paralysie-totale","status":"publish","type":"post","link":"https:\/\/www.europesays.com\/fr\/643091\/","title":{"rendered":"pourquoi la RATP lutte pour maintenir bus et m\u00e9tro face \u00e0 une paralysie totale"},"content":{"rendered":"<p>        Montrer les titres<br \/>\n        Cacher les titres <\/p>\n<p>Des flocons \u00e0 Paris, c\u2019est le chaos assur\u00e9. La neige a recouvert la capitale et c\u2019est la panique sur le r\u00e9seau de transports en commun. Les bus de la RATP sont \u00e0 l\u2019arr\u00eat, et le m\u00e9tro n\u2019est pas non plus \u00e9pargn\u00e9 par les perturbations. La situation est telle que le pr\u00e9fet de police a carr\u00e9ment conseill\u00e9 aux Franciliens de privil\u00e9gier les transports en commun, sauf que, ironie du sort, ces m\u00eames transports sont en rade. En gros, tu restes chez toi ou tu prends ton mal en patience.\n<\/p>\n<p>Les bus RATP : un r\u00e9seau gel\u00e9<\/p>\n<p>Les bus de la RATP sont compl\u00e8tement \u00e0 l\u2019arr\u00eat. Avec une neige qui tombe \u00e0 gros flocons, les routes deviennent impraticables. La r\u00e9gie a donc d\u00e9cid\u00e9 de suspendre l\u2019exploitation de son r\u00e9seau de bus pour \u00e9viter les accidents. Et pour ceux qui pensaient se rabattre sur les Noctiliens, ces bus qui circulent la nuit \u00e0 Paris, mauvaise nouvelle : ils sont aussi touch\u00e9s. La r\u00e9gie a pr\u00e9venu que leur exploitation pourrait \u00eatre tr\u00e8s perturb\u00e9e, voire interrompue. C\u2019est que la s\u00e9curit\u00e9 avant tout, m\u00eame si \u00e7a n\u2019arrange personne.<\/p>\n<p><a class=\"related-article simple\" href=\"https:\/\/www.garconne-magazine.fr\/actualites\/2026\/01\/05\/vigilance-orange-pour-neige-et-verglas-23-departements-sur-le-qui-vive-avec-des-chutes-importantes\/\" target=\"_blank\" rel=\"noopener\"><br \/>\n                        \u00c0 d\u00e9couvrir<br \/>\n                        Vigilance orange pour neige et verglas : 23 d\u00e9partements sur le qui-vive avec des chutes importantes<\/p>\n<p>                        <\/a><\/p>\n<p>Cette situation ne fait pas que des heureux. Imagine ceux qui comptent sur ces bus pour aller bosser ou rentrer chez eux. Les files d\u2019attente s\u2019allongent devant les stations de m\u00e9tro, et sur le site de la RATP, c\u2019est la cohue. Les gens doivent m\u00eame attendre dans une file d\u2019attente virtuelle pour acc\u00e9der aux infos. La patience est vraiment mise \u00e0 rude \u00e9preuve.\n<\/p>\n<p>Le m\u00e9tro en mode survie<\/p>\n<p>Si les bus sont \u00e0 l\u2019arr\u00eat, le m\u00e9tro n\u2019est pas en reste. Les flocons ont beau ne pas tomber sous terre, ils n\u2019en perturbent pas moins le r\u00e9seau. Certaines lignes fonctionnent au ralenti. Les quais sont bond\u00e9s, les rames surcharg\u00e9es. On se croirait en plein rush hour, mais avec un petit air de No\u00ebl givr\u00e9 en plus. Le r\u00e9seau Noctilien, qui prend le relais la nuit, pourrait lui aussi \u00eatre fortement impact\u00e9.\n<\/p>\n<p>Face \u00e0 cette pagaille, les usagers tentent de garder leur calme. Mais entre les annonces de retard et les informations contradictoires, c\u2019est un peu la guerre des nerfs. On se raccroche aux r\u00e9seaux sociaux pour avoir des news en temps r\u00e9el, mais m\u00eame l\u00e0, c\u2019est la cacophonie. Chacun y va de sa rumeur, de son info glan\u00e9e au d\u00e9tour d\u2019un quai ou d\u2019un tweet. Difficile de d\u00e9m\u00ealer le vrai du faux.<\/p>\n<p>Le trafic a\u00e9rien en chute libre<\/p>\n<p>Et si tu pensais prendre l\u2019avion pour \u00e9chapper \u00e0 tout \u00e7a, d\u00e9trompe-toi. Les chutes de neige n\u2019\u00e9pargnent pas non plus les a\u00e9roports de la r\u00e9gion parisienne. Les compagnies a\u00e9riennes ont d\u00fb r\u00e9duire de 15 % leur nombre de vols. Les avions clou\u00e9s au sol, c\u2019est un peu la cerise sur le g\u00e2teau pour ceux qui esp\u00e9raient s\u2019envoler vers des cieux plus cl\u00e9ments.<\/p>\n<p><a class=\"related-article simple\" href=\"https:\/\/www.garconne-magazine.fr\/actualites\/2026\/01\/04\/decouvrez-pourquoi-neige-et-verglas-menacent-cette-semaine-les-jours-les-plus-a-risque-en-france\/\" target=\"_blank\" rel=\"noopener\"><br \/>\n                        \u00c0 d\u00e9couvrir<br \/>\n                        D\u00e9couvrez pourquoi neige et verglas menacent cette semaine : les jours les plus \u00e0 risque en France<\/p>\n<p>                        <\/a><\/p>\n<p>Les voyageurs sont pri\u00e9s de v\u00e9rifier l\u2019\u00e9tat de leur vol avant de se rendre \u00e0 l\u2019a\u00e9roport. Mais l\u00e0 encore, la situation est plus que tendue. Les files d\u2019attente s\u2019allongent, les pancartes \u201cvol annul\u00e9\u201d fleurissent sur les \u00e9crans d\u2019affichage. Une situation qui commence \u00e0 bien faire pour les usagers, d\u00e9j\u00e0 \u00e9chaud\u00e9s par les pr\u00e9c\u00e9dentes gr\u00e8ves et mouvements sociaux qui avaient perturb\u00e9 le trafic a\u00e9rien. Heureusement, la neige finit toujours par fondre. Mais en attendant, il va falloir faire avec.\n<\/p>\n<p>Ce que \u00e7a dit de notre d\u00e9pendance aux transports<\/p>\n<p>Ces perturbations soul\u00e8vent une question cruciale : notre d\u00e9pendance aux transports en commun. \u00c0 chaque \u00e9pisode neigeux, c\u2019est le m\u00eame refrain. Les bus s\u2019arr\u00eatent, le m\u00e9tro ralentit, et c\u2019est tout le quotidien des Franciliens qui est chamboul\u00e9. Cette d\u00e9pendance montre \u00e0 quel point le moindre grain de sable \u2013 ou flocon de neige \u2013 peut enrayer la machine. On en vient \u00e0 se demander si le syst\u00e8me n\u2019est pas un peu trop fragile.\n<\/p>\n<p>Et puis, il y a l\u2019impact \u00e9cologique. Les bus \u00e0 l\u2019arr\u00eat, c\u2019est aussi plus de voitures sur les routes, plus de pollution. Le choix est corn\u00e9lien entre rester chez soi ou prendre sa voiture. Bref, tout le monde y perd. Peut-\u00eatre que ces \u00e9pisodes \u00e0 r\u00e9p\u00e9tition pousseront \u00e0 repenser la gestion des transports en p\u00e9riode de crise climatique. En attendant, on garde la t\u00eate froide \u2013 litt\u00e9ralement \u2013 et on esp\u00e8re que la situation s\u2019am\u00e9liore rapidement.<\/p>\n<p>\u00c0 retenir<\/p>\n<ul>\n<li>Les bus de la RATP sont totalement \u00e0 l&rsquo;arr\u00eat \u00e0 cause de la neige.<\/li>\n<li>Le m\u00e9tro parisien subit de s\u00e9rieuses perturbations.<\/li>\n<li>Le trafic a\u00e9rien est r\u00e9duit de 15% dans la r\u00e9gion.<\/li>\n<li>La d\u00e9pendance aux transports en commun est mise en lumi\u00e8re par ces perturbations.<\/li>\n<\/ul>\n<p>Questions fr\u00e9quentes<\/p>\n<dl class=\"naiw-faq-list\">\n<dt>Pourquoi les bus RATP sont-ils \u00e0 l&rsquo;arr\u00eat ?<\/dt>\n<dd>La neige rend les routes impraticables, entra\u00eenant l\u2019arr\u00eat des bus pour des raisons de s\u00e9curit\u00e9.<\/dd>\n<dt>Quelles sont les cons\u00e9quences pour le m\u00e9tro parisien ?<\/dt>\n<dd>Certaines lignes de m\u00e9tro fonctionnent au ralenti, causant de longues attentes et des rames surcharg\u00e9es.<\/dd>\n<dt>Y a-t-il un impact sur le trafic a\u00e9rien ?<\/dt>\n<dd>Oui, les compagnies a\u00e9riennes ont r\u00e9duit de 15% le nombre de vols en raison des chutes de neige.<\/dd>\n<\/dl>\n","protected":false},"excerpt":{"rendered":"Montrer les titres Cacher les titres Des flocons \u00e0 Paris, c\u2019est le chaos assur\u00e9. La neige a recouvert&hellip;\n","protected":false},"author":2,"featured_media":643092,"comment_status":"","ping_status":"","sticky":false,"template":"","format":"standard","meta":{"footnotes":""},"categories":[1888],"tags":[1111,1928,11,1927,7048,1777,674,1011,27,16077,10584,12,1926,626,1925,625,25,800],"class_list":{"0":"post-643091","1":"post","2":"type-post","3":"status-publish","4":"format-standard","5":"has-post-thumbnail","7":"category-paris","8":"tag-actu","9":"tag-actu-paris","10":"tag-actualites","11":"tag-actualites-paris","12":"tag-bus","13":"tag-eu","14":"tag-europe","15":"tag-fr","16":"tag-france","17":"tag-mu00e9tro","18":"tag-neige","19":"tag-news","20":"tag-news-paris","21":"tag-paris","22":"tag-paris-news","23":"tag-ratp","24":"tag-republique-francaise","25":"tag-transports"},"share_on_mastodon":{"url":"https:\/\/pubeurope.com\/@fr\/115844005488979778","error":""},"_links":{"self":[{"href":"https:\/\/www.europesays.com\/fr\/wp-json\/wp\/v2\/posts\/643091","targetHints":{"allow":["GET"]}}],"collection":[{"href":"https:\/\/www.europesays.com\/fr\/wp-json\/wp\/v2\/posts"}],"about":[{"href":"https:\/\/www.europesays.com\/fr\/wp-json\/wp\/v2\/types\/post"}],"author":[{"embeddable":true,"href":"https:\/\/www.europesays.com\/fr\/wp-json\/wp\/v2\/users\/2"}],"replies":[{"embeddable":true,"href":"https:\/\/www.europesays.com\/fr\/wp-json\/wp\/v2\/comments?post=643091"}],"version-history":[{"count":0,"href":"https:\/\/www.europesays.com\/fr\/wp-json\/wp\/v2\/posts\/643091\/revisions"}],"wp:featuredmedia":[{"embeddable":true,"href":"https:\/\/www.europesays.com\/fr\/wp-json\/wp\/v2\/media\/643092"}],"wp:attachment":[{"href":"https:\/\/www.europesays.com\/fr\/wp-json\/wp\/v2\/media?parent=643091"}],"wp:term":[{"taxonomy":"category","embeddable":true,"href":"https:\/\/www.europesays.com\/fr\/wp-json\/wp\/v2\/categories?post=643091"},{"taxonomy":"post_tag","embeddable":true,"href":"https:\/\/www.europesays.com\/fr\/wp-json\/wp\/v2\/tags?post=643091"}],"curies":[{"name":"wp","href":"https:\/\/api.w.org\/{rel}","templated":true}]}}