{"id":643099,"date":"2026-01-05T18:56:14","date_gmt":"2026-01-05T18:56:14","guid":{"rendered":"https:\/\/www.europesays.com\/fr\/643099\/"},"modified":"2026-01-05T18:56:14","modified_gmt":"2026-01-05T18:56:14","slug":"ukraine-pourquoi-la-coalition-des-volontaires-se-reunit-a-paris-mardi","status":"publish","type":"post","link":"https:\/\/www.europesays.com\/fr\/643099\/","title":{"rendered":"Ukraine : pourquoi la coalition des volontaires se r\u00e9unit \u00e0 Paris mardi"},"content":{"rendered":"<ul class=\"jsx-862013697 ArticleChapo__List\">\n<li class=\"jsx-862013697 ArticleChapo__List_Item flex\">Le sommet de la \u00ab\u00a0coalition des volontaires\u00a0\u00bb va r\u00e9unir 35 pays ce mardi \u00e0 Paris.<\/li>\n<li class=\"jsx-862013697 ArticleChapo__List_Item flex\">Washington, les Europ\u00e9ens et Kiev veulent afficher leur \u00ab\u00a0convergence\u00a0\u00bb, selon l&rsquo;\u00c9lys\u00e9e.<\/li>\n<li class=\"jsx-862013697 ArticleChapo__List_Item flex\">Les alli\u00e9s doivent s&rsquo;engager sur cinq points, selon nos informations.<\/li>\n<\/ul>\n<p><a href=\"https:\/\/www.tf1info.fr\/actualite\/guerre-ukraine-russie-une-rencontre-donald-trump-vladimir-poutine-historique-le-vendredi-15-aout-2025-en-alaska-sans-volodymyr-zelensky-14326\/\" rel=\"noopener\" class=\"jsx-484472199 Link jsx-1428418400 jsx-554215408\" target=\"_blank\"><\/p>\n<p style=\"font-weight:400\" class=\"jsx-1837267516\">Suivez la couverture compl\u00e8te<\/p>\n<p style=\"font-weight:800\" class=\"jsx-1837267516\">Ukraine-Russie : en marge des n\u00e9gociations, les attaques russes continuent<\/p>\n<p><\/a><\/p>\n<p data-module=\"article-paragraph\" class=\"jsx-157965717 Paragraph\">Washington, les Europ\u00e9ens et Kiev main dans la main. C&rsquo;est l&rsquo;enjeu du sommet de la \u00ab\u00a0coalition des volontaires\u00a0\u00bb pr\u00e9vu mardi \u00e0 Paris : selon nos informations, cette r\u00e9union vise \u00e0 afficher la \u00ab\u00a0convergence\u00a0\u00bb des alli\u00e9s sur \u00ab\u00a0les modalit\u00e9s op\u00e9rationnelles\u00a0\u00bb des garanties de s\u00e9curit\u00e9 pour un cessez-le-feu.<\/p>\n<p data-module=\"article-paragraph\" class=\"jsx-157965717 Paragraph Paragraph__End\">Au total, pas moins de 27 chefs d&rsquo;\u00c9tat ou de gouvernement, essentiellement europ\u00e9ens, sont attendus dans la capitale fran\u00e7aise. En tout, 35 pays seront repr\u00e9sent\u00e9s. Parmi eux : le pr\u00e9sident ukrainien<a href=\"https:\/\/www.tf1info.fr\/actualite\/volodymyr-zelensky-12882\/\" target=\"_blank\" rel=\"noopener\"> Volodymyr Zelensky,<\/a> le Premier ministre britannique Keir Starmer, le chancelier allemand Friedrich Merz, l&rsquo;Italienne Giorgia Meloni et le Canadien Mark Carney. Les <a href=\"https:\/\/www.tf1info.fr\/international\/ultimatum-de-trump-a-la-russie-qui-est-steve-witkoff-le-monsieur-diplomatie-de-la-maison-blanche-2387071.html\" target=\"_blank\" rel=\"noopener\">\u00e9missaires am\u00e9ricains Steve Witkoff <\/a>et Jared Kushner seront pr\u00e9sents, pour la premi\u00e8re participation am\u00e9ricaine \u00e0 un sommet en pr\u00e9sentiel de cette coalition lanc\u00e9e au printemps par la France et le Royaume-Uni.<\/p>\n<p>Une vision commune pour \u00ab\u00a0les modalit\u00e9s d&rsquo;un cessez-le-feu\u00a0\u00bb<\/p>\n<p data-module=\"article-paragraph\" class=\"jsx-157965717 Paragraph\">Selon les informations de TF1 et LCI, les dirigeants doivent s&rsquo;engager sur cinq points. Notamment sur leur vision commune des \u00ab\u00a0modalit\u00e9s d&rsquo;un cessez-le-feu\u00a0\u00bb futur entre l&rsquo;Ukraine et la Russie, et sur leur riposte en cas de violation, ainsi que sur le principe du \u00ab\u00a0d\u00e9ploiement d&rsquo;une force multinationale\u00a0\u00bb pour \u00ab\u00a0r\u00e9assurer l&rsquo;Ukraine\u00a0\u00bb dans le cadre d&rsquo;un \u00e9ventuel accord politique, a pr\u00e9cis\u00e9 la pr\u00e9sidence fran\u00e7aise. Ces d\u00e9cisions \u00e9taient encore en cours de \u00ab\u00a0finalisation\u00a0\u00bb lundi.<\/p>\n<p data-module=\"article-paragraph\" class=\"jsx-157965717 Paragraph Paragraph__End\">Les chefs d&rsquo;\u00c9tat et de gouvernement ne devraient d\u00e9voiler que \u00ab\u00a0ce que le secret militaire permet de dire\u00a0\u00bb, a pr\u00e9venu un conseiller du pr\u00e9sident <a href=\"https:\/\/www.tf1info.fr\/actualite\/emmanuel-macron-10153\/\" target=\"_blank\" rel=\"noopener\">Emmanuel Macron.<\/a> Autrement dit, il ne faut pas s&rsquo;attendre \u00e0 conna\u00eetre les effectifs de cette force multinationale ou les contributions des pays pr\u00eats \u00e0 y participer, comme la France ou le Royaume-Uni.\u00a0<\/p>\n<p><a href=\"https:\/\/www.tf1info.fr\/international\/direct-guerre-ukraine-russie-plan-americain-pour-la-paix-pas-de-preuve-d-une-attaque-de-drones-contre-une-residence-de-poutine-selon-kiev-les-dernieres-informations-aujourd-hui-mercredi-31-decembre-2025-2415811.html\" rel=\"noopener\" class=\"jsx-3308031228 Link flex\" target=\"_blank\"><img decoding=\"async\" src=\"https:\/\/www.europesays.com\/fr\/wp-content\/uploads\/2026\/01\/zelensky-19-decembre-2025-43a163-0@1x.jpeg\" alt=\"NurPhoto via AFP\" loading=\"lazy\" importance=\"low\" fetchpriority=\"low\" class=\"\" aria-hidden=\"true\"\/><\/p>\n<p class=\"jsx-3657663356 ReadMoreArticle__Title\">Lire aussi<\/p>\n<p class=\"jsx-3657663356\">Ukraine : \u00ab\u00a0L&rsquo;accord de paix est pr\u00eat \u00e0 90%, il reste 10%\u00a0\u00bb, affirme Volodymyr Zelensky <\/p>\n<p><\/a><\/p>\n<p data-module=\"article-paragraph\" class=\"jsx-157965717 Paragraph Paragraph__End\">Du c\u00f4t\u00e9 de l&rsquo;\u00c9lys\u00e9e, on se f\u00e9licite d&rsquo;ores et d\u00e9j\u00e0 de l&rsquo;avanc\u00e9e des pourparlers. \u00ab\u00a0Nous avons fait en sorte de ramener les Am\u00e9ricains au plus pr\u00e8s de nous, de nous assurer de leur soutien \u00e0 l&rsquo;Ukraine, ne jamais nous r\u00e9signer \u00e0 ce que les \u00c9tats-Unis l\u00e2chent l&rsquo;Ukraine\u00a0\u00bb, a assur\u00e9 \u00e0 TF1 un conseiller.\u00a0<\/p>\n<p>T.G.<\/p>\n","protected":false},"excerpt":{"rendered":"Le sommet de la \u00ab\u00a0coalition des volontaires\u00a0\u00bb va r\u00e9unir 35 pays ce mardi \u00e0 Paris. Washington, les Europ\u00e9ens&hellip;\n","protected":false},"author":2,"featured_media":643100,"comment_status":"","ping_status":"","sticky":false,"template":"","format":"standard","meta":{"footnotes":""},"categories":[1590],"tags":[1111,11,1921,1777,674,1922,74270,12,220,1917,73921,133,1920],"class_list":{"0":"post-643099","1":"post","2":"type-post","3":"status-publish","4":"format-standard","5":"has-post-thumbnail","7":"category-ukraine","8":"tag-actu","9":"tag-actualites","10":"tag-article-video","11":"tag-eu","12":"tag-europe","13":"tag-info","14":"tag-les-attaques-russes-continuent","15":"tag-news","16":"tag-ukraine","17":"tag-ukraine-4-annee-de-guerre","18":"tag-ukraine-russie-en-marge-des-negociations","19":"tag-video","20":"tag-video-international"},"share_on_mastodon":{"url":"https:\/\/pubeurope.com\/@fr\/115844021270266762","error":""},"_links":{"self":[{"href":"https:\/\/www.europesays.com\/fr\/wp-json\/wp\/v2\/posts\/643099","targetHints":{"allow":["GET"]}}],"collection":[{"href":"https:\/\/www.europesays.com\/fr\/wp-json\/wp\/v2\/posts"}],"about":[{"href":"https:\/\/www.europesays.com\/fr\/wp-json\/wp\/v2\/types\/post"}],"author":[{"embeddable":true,"href":"https:\/\/www.europesays.com\/fr\/wp-json\/wp\/v2\/users\/2"}],"replies":[{"embeddable":true,"href":"https:\/\/www.europesays.com\/fr\/wp-json\/wp\/v2\/comments?post=643099"}],"version-history":[{"count":0,"href":"https:\/\/www.europesays.com\/fr\/wp-json\/wp\/v2\/posts\/643099\/revisions"}],"wp:featuredmedia":[{"embeddable":true,"href":"https:\/\/www.europesays.com\/fr\/wp-json\/wp\/v2\/media\/643100"}],"wp:attachment":[{"href":"https:\/\/www.europesays.com\/fr\/wp-json\/wp\/v2\/media?parent=643099"}],"wp:term":[{"taxonomy":"category","embeddable":true,"href":"https:\/\/www.europesays.com\/fr\/wp-json\/wp\/v2\/categories?post=643099"},{"taxonomy":"post_tag","embeddable":true,"href":"https:\/\/www.europesays.com\/fr\/wp-json\/wp\/v2\/tags?post=643099"}],"curies":[{"name":"wp","href":"https:\/\/api.w.org\/{rel}","templated":true}]}}