{"id":643105,"date":"2026-01-05T18:59:11","date_gmt":"2026-01-05T18:59:11","guid":{"rendered":"https:\/\/www.europesays.com\/fr\/643105\/"},"modified":"2026-01-05T18:59:11","modified_gmt":"2026-01-05T18:59:11","slug":"une-voiture-de-vonovia-incendiee-%f0%9f%94%b4-info-libertaire","status":"publish","type":"post","link":"https:\/\/www.europesays.com\/fr\/643105\/","title":{"rendered":"Une voiture de Vonovia incendiee \u2013 \ud83d\udd34 Info Libertaire"},"content":{"rendered":"<p><\/p>\n<p style=\"margin:0\">Cet article a \u00e9t\u00e9 republi\u00e9 automatiquement.<\/p>\n<p><a href=\"https:\/\/gsxbcjvcrdl66ycimkwra2nxzwvy2idef4twi7elojuzm5ztt5abqyid.onion\/node\/566029\" target=\"_blank\" rel=\"noopener\">de.indymedia.org<\/a> \/ lundi 5 janvier 2026<\/p>\n<p><a href=\"https:\/\/attaque.noblogs.org\/files\/2026\/01\/LE-3-4-1-26-1-e1767633801927.jpg\" target=\"_blank\" rel=\"noopener\">Dans la nuit du samedi [3 janvier 2026\u00a0; NdAtt.] au dimanche, dans le sud de Leipzig, <strong>nous avons mis le feu, avec des dispositifs incendiaires \u00e0 retardement, \u00e0 une camionnette de l\u2019entreprise de location d\u2019appartements Vonovia<\/strong>, ce qui a conduit, selon la presse, \u00e0 la destruction totale du v\u00e9hicule.<br \/>Vonovia, la plus grande entreprise de location d\u2019appartements d\u2019Allemagne, poursuit syst\u00e9matiquement, dans notre ville, la revalorisation immobili\u00e8re et le d\u00e9placement [des habitant.es des quartiers en voie de gentrification] : ses filiales proc\u00e8dent \u00e0 des r\u00e9novations de luxe, les loyers et les charges augmentent et les logements \u00e0 un prix abordable disparaissent. Pendant que les logements des travailleur.euses, des retrait\u00e9.es, des \u00e9tudiant.es et des familles deviennent hors de prix, Vonovia continue d\u2019enregistrer des b\u00e9n\u00e9fices records \u2013 984 millions d\u2019euros avant imposition pour le seul premier semestre de 2025. Ce n\u2019est pas une erreur, c\u2019est un mod\u00e8le \u00e9conomique : les logements sont transform\u00e9s en une source de rendement. Vonovia veut tirer le maximum de profit possible du besoin de logement des locataires.<\/p>\n<p>Nous ne pouvons pas esp\u00e9rer une politique d\u2019accalmie par des freins aux loyers ou une l\u00e9g\u00e8re baisse des co\u00fbts pour les locataires. L\u2019action contre les acteurs du d\u00e9placement [des habitant.es des quartiers en voie de gentrification] doit \u00eatre auto-organis\u00e9e. Vonovia doit ressentir, \u00e0 plusieurs endroits, qu\u2019ils ne sont pas les bienvenus et que leur entreprise hostile aux locataires ne sera pas accept\u00e9e sans cons\u00e9quences. Si nous exer\u00e7ons suffisamment de pression sur eux, \u00e0 diff\u00e9rents niveaux, nous pouvons leur mettre des limites, \u00e0 moyen terme.<\/p>\n<p>Nous regrettons beaucoup qu\u2019une voiture non concern\u00e9e ait \u00e9t\u00e9 l\u00e9g\u00e8rement endommag\u00e9e par notre dispositif incendiaire et nous tenons \u00e0 nous en excuser.<\/p>\n<p>Nous voulons une ville pour tout le monde, pas seulement pour les riches ! Un logement \u00e0 un prix abordable est un droit fondamental !<\/p>\n<p>Les attaques directes contre Vonovia et les autres acteurs qui promeuvent la gentrification restent n\u00e9cessaires ! C\u2019\u00e9tait un hasard que ce soit cette camionnette qui a \u00e9t\u00e9 touch\u00e9e \u2013 \u00e0 Leipzig, il y a encore beaucoup d\u2019autres voitures de Vonovia qui attendent nos visites \ud83d\ude09<\/p>\n<p>Des salutations solidaires aux courageux.ses squatteur.euses de l\u2019AbeTa Leipzig !<\/p>\n<p>Protection militante des locataires<\/p>\n<p><br clear=\"both\"\/><\/p>\n<p><\/p>\n<p>\t\t<strong>Source:<\/strong> <a href=\"https:\/\/attaque.noblogs.org\/post\/2026\/01\/05\/leipzig-allemagne-une-voiture-de-vonovia-incendiee\/\" target=\"_blank\" rel=\"nofollow noopener\">Attaque.noblogs.org<\/a><br \/>\n\t\t<\/p>\n","protected":false},"excerpt":{"rendered":"Cet article a \u00e9t\u00e9 republi\u00e9 automatiquement. de.indymedia.org \/ lundi 5 janvier 2026 Dans la nuit du samedi [3&hellip;\n","protected":false},"author":2,"featured_media":643106,"comment_status":"","ping_status":"","sticky":false,"template":"","format":"standard","meta":{"footnotes":""},"categories":[1587],"tags":[11,672,1804,1805,1803,1777,674,1801,12,1802],"class_list":{"0":"post-643105","1":"post","2":"type-post","3":"status-publish","4":"format-standard","5":"has-post-thumbnail","7":"category-allemagne","8":"tag-actualites","9":"tag-allemagne","10":"tag-bundesrepublik-deutschland","11":"tag-de","12":"tag-deutschland","13":"tag-eu","14":"tag-europe","15":"tag-germany","16":"tag-news","17":"tag-republique-federale-dallemagne"},"share_on_mastodon":{"url":"https:\/\/pubeurope.com\/@fr\/115844033035120196","error":""},"_links":{"self":[{"href":"https:\/\/www.europesays.com\/fr\/wp-json\/wp\/v2\/posts\/643105","targetHints":{"allow":["GET"]}}],"collection":[{"href":"https:\/\/www.europesays.com\/fr\/wp-json\/wp\/v2\/posts"}],"about":[{"href":"https:\/\/www.europesays.com\/fr\/wp-json\/wp\/v2\/types\/post"}],"author":[{"embeddable":true,"href":"https:\/\/www.europesays.com\/fr\/wp-json\/wp\/v2\/users\/2"}],"replies":[{"embeddable":true,"href":"https:\/\/www.europesays.com\/fr\/wp-json\/wp\/v2\/comments?post=643105"}],"version-history":[{"count":0,"href":"https:\/\/www.europesays.com\/fr\/wp-json\/wp\/v2\/posts\/643105\/revisions"}],"wp:featuredmedia":[{"embeddable":true,"href":"https:\/\/www.europesays.com\/fr\/wp-json\/wp\/v2\/media\/643106"}],"wp:attachment":[{"href":"https:\/\/www.europesays.com\/fr\/wp-json\/wp\/v2\/media?parent=643105"}],"wp:term":[{"taxonomy":"category","embeddable":true,"href":"https:\/\/www.europesays.com\/fr\/wp-json\/wp\/v2\/categories?post=643105"},{"taxonomy":"post_tag","embeddable":true,"href":"https:\/\/www.europesays.com\/fr\/wp-json\/wp\/v2\/tags?post=643105"}],"curies":[{"name":"wp","href":"https:\/\/api.w.org\/{rel}","templated":true}]}}