{"id":643119,"date":"2026-01-05T19:06:18","date_gmt":"2026-01-05T19:06:18","guid":{"rendered":"https:\/\/www.europesays.com\/fr\/643119\/"},"modified":"2026-01-05T19:06:18","modified_gmt":"2026-01-05T19:06:18","slug":"animes-par-un-sentiment-de-revanche-les-pirates-royannais-nont-pas-tremble-face-a-cambrai-3-0","status":"publish","type":"post","link":"https:\/\/www.europesays.com\/fr\/643119\/","title":{"rendered":"Anim\u00e9s par \u00ab\u00a0un sentiment de revanche\u00a0\u00bb, les Pirates royannais n\u2019ont pas trembl\u00e9 face \u00e0 Cambrai (3-0)"},"content":{"rendered":"<p>Et donc grandement pes\u00e9 sur la troisi\u00e8me victoire cons\u00e9cutive de son \u00e9quipe. M\u00eame si Cambrai d\u00e9marre plut\u00f4t bien, Royan, emmen\u00e9 par le duo Lallemand-Diop, trouve vite la faille (14-10 puis 20-14). D\u00e9pass\u00e9s par l\u2019efficacit\u00e9 des Maritimes, les Nordistes c\u00e8dent logiquement d\u00e8s la premi\u00e8re balle de set (25-16, 1-0). Les visiteurs sont plus percutants dans la deuxi\u00e8me manche, et le RAVB semble avoir perdu de son allant. Les \u00e9quipes se rendent coup pour coup mais Cambrai r\u00e9siste beaucoup mieux (8-10, 13-13, 22-22) et les Saintongeais se montrent plus laborieux. Le dernier mot leur reviendra, puisqu\u2019ils remportent la seconde manche sur leur premi\u00e8re balle de set sur un bloc de Bonnefoy (25-23, 2-0).<\/p>\n<p>\u201cJanvier sera d\u00e9cisif\u00a0\u00bb<\/p>\n<p>Port\u00e9s par leurs supporters, les Royannais d\u00e9marrent pied au plancher le troisi\u00e8me set (6-2). Emport\u00e9 par la furia adverse, Cambrai sombre (5-2 puis 10-3 et m\u00eame 12-4). Les Nordistes connaissent un sursaut (13-10) mais les co\u00e9quipiers de Boyomo sont beaucoup trop forts ce samedi. Ils n\u2019ont besoin que de deux balles de match pour remporter facilement la rencontre (25-15, 3-0).<\/p>\n<blockquote><p>\u201cNous sommes bien dans le haut de tableau, ce sont nos adversaires qui doivent nous craindre\u00a0\u00bb<\/p><\/blockquote>\n<p>Sereins et complets, les joueurs de la C\u00f4te de Beaut\u00e9 ont fait le job face \u00e0 une formation qui leur avait inflig\u00e9 une le\u00e7on au match aller. \u00ab\u00a0Je ne m\u2019attendais pas \u00e0 une victoire aussi facile\u00a0\u00bb, souligne David Guelle, rejoint par Cheik Diop, d\u00e9sign\u00e9 homme du match\u00a0: \u00ab\u00a0Nous \u00e9tions anim\u00e9s par un sentiment de revanche.\u00a0\u00bb<\/p>\n<p>Seuls deuxi\u00e8mes, \u00e0 4 points du leader mart\u00e9gal mais aussi avec 5 points d\u2019avance sur le troisi\u00e8me Sant-Quentin, les Saintongeais sont bien arm\u00e9s pour se m\u00ealer \u00e0 la lutte pour l\u2019accession.\u00a0Les trois prochaines rencontres (d\u00e9placement \u00e0 Saint-Jean-d\u2019Illac, r\u00e9ception de Martigues et d\u00e9placement \u00e0 Fr\u00e9jus) s\u2019annoncent d\u00e9terminantes. \u00ab\u00a0Le mois de janvier sera d\u00e9cisif\u00a0\u00bb, confirme David Guelle. \u00ab\u00a0On va aborder ces trois matchs avec envie. Nous sommes bien dans le haut de tableau, ce sont nos adversaires qui doivent nous craindre\u00a0\u00bb, conclut Cheik Diop.<\/p>\n","protected":false},"excerpt":{"rendered":"Et donc grandement pes\u00e9 sur la troisi\u00e8me victoire cons\u00e9cutive de son \u00e9quipe. M\u00eame si Cambrai d\u00e9marre plut\u00f4t bien,&hellip;\n","protected":false},"author":2,"featured_media":643120,"comment_status":"","ping_status":"","sticky":false,"template":"","format":"standard","meta":{"footnotes":""},"categories":[1417],"tags":[1011,27,60,1470,1469],"class_list":{"0":"post-643119","1":"post","2":"type-post","3":"status-publish","4":"format-standard","5":"has-post-thumbnail","7":"category-volley","8":"tag-fr","9":"tag-france","10":"tag-sports","11":"tag-volley","12":"tag-volleyball"},"share_on_mastodon":{"url":"https:\/\/pubeurope.com\/@fr\/115844060515149503","error":""},"_links":{"self":[{"href":"https:\/\/www.europesays.com\/fr\/wp-json\/wp\/v2\/posts\/643119","targetHints":{"allow":["GET"]}}],"collection":[{"href":"https:\/\/www.europesays.com\/fr\/wp-json\/wp\/v2\/posts"}],"about":[{"href":"https:\/\/www.europesays.com\/fr\/wp-json\/wp\/v2\/types\/post"}],"author":[{"embeddable":true,"href":"https:\/\/www.europesays.com\/fr\/wp-json\/wp\/v2\/users\/2"}],"replies":[{"embeddable":true,"href":"https:\/\/www.europesays.com\/fr\/wp-json\/wp\/v2\/comments?post=643119"}],"version-history":[{"count":0,"href":"https:\/\/www.europesays.com\/fr\/wp-json\/wp\/v2\/posts\/643119\/revisions"}],"wp:featuredmedia":[{"embeddable":true,"href":"https:\/\/www.europesays.com\/fr\/wp-json\/wp\/v2\/media\/643120"}],"wp:attachment":[{"href":"https:\/\/www.europesays.com\/fr\/wp-json\/wp\/v2\/media?parent=643119"}],"wp:term":[{"taxonomy":"category","embeddable":true,"href":"https:\/\/www.europesays.com\/fr\/wp-json\/wp\/v2\/categories?post=643119"},{"taxonomy":"post_tag","embeddable":true,"href":"https:\/\/www.europesays.com\/fr\/wp-json\/wp\/v2\/tags?post=643119"}],"curies":[{"name":"wp","href":"https:\/\/api.w.org\/{rel}","templated":true}]}}