{"id":643163,"date":"2026-01-05T19:34:12","date_gmt":"2026-01-05T19:34:12","guid":{"rendered":"https:\/\/www.europesays.com\/fr\/643163\/"},"modified":"2026-01-05T19:34:12","modified_gmt":"2026-01-05T19:34:12","slug":"ces-trois-expositions-a-decouvrir-avant-leur-cloture-a-la-seyne","status":"publish","type":"post","link":"https:\/\/www.europesays.com\/fr\/643163\/","title":{"rendered":"ces trois expositions \u00e0 d\u00e9couvrir avant leur cl\u00f4ture \u00e0 La Seyne"},"content":{"rendered":"<p>                                                                                <strong>Sebasti\u00e3o Salgado met en lumi\u00e8re une plan\u00e8te encore intacte<\/strong><\/p>\n<p class=\"fs-5 \">Il reste quelques jours pour d\u00e9couvrir la r\u00e9trospective que consacre la <strong>Villa Tamaris<\/strong> au photographe franco-br\u00e9silien <strong>Sebasti\u00e3o Salgado<\/strong> (disparu en mai dernier).<\/p>\n<p class=\"fs-5 \">L\u2019exposition met \u00e0 l\u2019honneur son projet \u00ab\u00a0Genesis\u00a0\u00bb, un travail \u00e0 la rencontre de territoires \u00e9pargn\u00e9s par le monde moderne.<\/p>\n<p class=\"fs-5 \">Des r\u00e9gions polaires aux d\u00e9serts arides, des for\u00eats tropicales aux montagnes glac\u00e9es, Salgado a photographi\u00e9 la Terre pour en livrer toute la beaut\u00e9.<\/p>\n<p class=\"fs-5 \">En 250 photos noir et blanc, on d\u00e9couvre la nature dans tous ses contrastes et dans toute sa diversit\u00e9.<\/p>\n<p class=\"fs-5 \">\u00ab\u00a0C\u2019est un hommage \u00e0 la fragilit\u00e9 d\u2019une plan\u00e8te que nous avons tous le devoir de prot\u00e9ger\u00a0\u00bb, comme le souligne L\u00e9lia Wanick Salgado, \u00e9pouse du d\u00e9funt photographe et commissaire de cette exposition qui rayonne partout dans le monde.<\/p>\n<p>        <img src=\"https:\/\/www.europesays.com\/fr\/wp-content\/uploads\/2026\/01\/210dcca_upload-from-url-1-wclh6am46fqv-data-art-16474308.jpg\"   loading=\"lazy\" decoding=\"async\" alt=\"Teureum, sikeirei et chef d\u2019un clan mentawai. Ce chaman pr\u00e9pare un tamis \u00e0 sagou \u00e0 l\u2019aide des feuilles de sagoutier. \u00cele de Siberut, Sumatra occidental, Indon\u00e9sie, 2008. \" class=\"img-fluid position-absolute w-100 object-fit-cover rounded-2\" width=\"600\" height=\"400\"\/><\/p>\n<p class=\"fs-5 \"><strong>Savoir+<\/strong><\/p>\n<p class=\"fs-5 \">Jusqu\u2019au 11 janvier \u00e0 la Villa Tamaris. Ouvert du mercredi au dimanche de 13 h 30 \u00e0 18 h 30. Entr\u00e9e libre. Rens. 04.94.06.84.00.<\/p>\n<p>                                                                                Un regard de peinture sur la vie et le quartier de La Seyne<\/p>\n<p class=\"fs-5 \">Elle aussi se termine dans quelques jours. Il s\u2019agit de l\u2019exposition du peintre Jacques Servi\u00e8res, intitul\u00e9e \u00ab\u00a0La Seyne Nord et Sud\u00a0\u00bb, pr\u00e9sent\u00e9e \u00e0 la <strong>Maison du patrimoine<\/strong>.<\/p>\n<p class=\"fs-5 \">On y d\u00e9couvre une s\u00e9lection des travaux de cet artiste que l\u2019on pr\u00e9sente comme un \u00ab\u00a0peintre reporter\u00a0\u00bb capable de saisir des instants de la vie d\u2019hommes et de femmes dans les quartiers de la ville.<\/p>\n<p class=\"fs-5 \">Mais aussi de redonner \u00e0 voir, en quelques coups de pinceaux, des lieux connus de tous.<\/p>\n<p class=\"fs-5 \"><strong>Savoir+<\/strong><\/p>\n<p class=\"fs-5 \">Jusqu\u2019au 15 janvier \u00e0 la Maison du patrimoine 2, rue Denfert-Rochereau. Du mardi au vendredi de 9 h \u00e0 12 h et de 13 h 30 \u00e0 17 h (samedi de 9 h \u00e0 12 h)<\/p>\n<p>                                                                                Une plong\u00e9e dans les 25\u00a0ans de la BD, avec Les Profs<\/p>\n<p class=\"fs-5 \">Celle-ci est pr\u00e9sent\u00e9e \u00e0 l\u2019initiative de l\u2019association Autour de la BD, organisatrice du <strong>festival Bulles en Seyne<\/strong>.<\/p>\n<p class=\"fs-5 \">Il s\u2019agit d\u2019une exposition de planches de la <strong>BD Les Profs<\/strong>, dont on vient de c\u00e9l\u00e9brer les 25 ans d\u2019existence et dont on doit les dessins \u00e0 <strong>Pierre Tranchand<\/strong>, alias <strong>Pica<\/strong>, install\u00e9 au <strong>Pradet<\/strong>.<\/p>\n<p class=\"fs-5 \">Vingt-sept reproductions de planches permettent de se replonger dans l\u2019\u00e9volution de cette BD culte.<\/p>\n<p class=\"fs-5 \"><strong>Savoir+<\/strong><\/p>\n<p class=\"fs-5 \">Jusqu\u2019au 31 janvier, l\u2019exposition est consultable gratuitement dans les espaces de pr\u00eat de la m\u00e9diath\u00e8que (38, avenue Louis Pergau) aux horaires d\u2019ouverture,<\/p>\n","protected":false},"excerpt":{"rendered":"Sebasti\u00e3o Salgado met en lumi\u00e8re une plan\u00e8te encore intacte Il reste quelques jours pour d\u00e9couvrir la r\u00e9trospective que&hellip;\n","protected":false},"author":2,"featured_media":643164,"comment_status":"","ping_status":"","sticky":false,"template":"","format":"standard","meta":{"footnotes":""},"categories":[9619],"tags":[1111,11,1777,674,1011,27,12,882,25,2310],"class_list":{"0":"post-643163","1":"post","2":"type-post","3":"status-publish","4":"format-standard","5":"has-post-thumbnail","7":"category-toulon","8":"tag-actu","9":"tag-actualites","10":"tag-eu","11":"tag-europe","12":"tag-fr","13":"tag-france","14":"tag-news","15":"tag-provence-alpes-cote-dazur","16":"tag-republique-francaise","17":"tag-toulon"},"share_on_mastodon":{"url":"https:\/\/pubeurope.com\/@fr\/115844170713655162","error":""},"_links":{"self":[{"href":"https:\/\/www.europesays.com\/fr\/wp-json\/wp\/v2\/posts\/643163","targetHints":{"allow":["GET"]}}],"collection":[{"href":"https:\/\/www.europesays.com\/fr\/wp-json\/wp\/v2\/posts"}],"about":[{"href":"https:\/\/www.europesays.com\/fr\/wp-json\/wp\/v2\/types\/post"}],"author":[{"embeddable":true,"href":"https:\/\/www.europesays.com\/fr\/wp-json\/wp\/v2\/users\/2"}],"replies":[{"embeddable":true,"href":"https:\/\/www.europesays.com\/fr\/wp-json\/wp\/v2\/comments?post=643163"}],"version-history":[{"count":0,"href":"https:\/\/www.europesays.com\/fr\/wp-json\/wp\/v2\/posts\/643163\/revisions"}],"wp:featuredmedia":[{"embeddable":true,"href":"https:\/\/www.europesays.com\/fr\/wp-json\/wp\/v2\/media\/643164"}],"wp:attachment":[{"href":"https:\/\/www.europesays.com\/fr\/wp-json\/wp\/v2\/media?parent=643163"}],"wp:term":[{"taxonomy":"category","embeddable":true,"href":"https:\/\/www.europesays.com\/fr\/wp-json\/wp\/v2\/categories?post=643163"},{"taxonomy":"post_tag","embeddable":true,"href":"https:\/\/www.europesays.com\/fr\/wp-json\/wp\/v2\/tags?post=643163"}],"curies":[{"name":"wp","href":"https:\/\/api.w.org\/{rel}","templated":true}]}}