{"id":643210,"date":"2026-01-05T19:59:12","date_gmt":"2026-01-05T19:59:12","guid":{"rendered":"https:\/\/www.europesays.com\/fr\/643210\/"},"modified":"2026-01-05T19:59:12","modified_gmt":"2026-01-05T19:59:12","slug":"metropole-de-lyon-apres-crans-montana-la-securite-des-etablissements-dansants-en-question-a-lyon","status":"publish","type":"post","link":"https:\/\/www.europesays.com\/fr\/643210\/","title":{"rendered":"M\u00e9tropole de Lyon. Apr\u00e8s Crans-Montana, la s\u00e9curit\u00e9 des \u00e9tablissements dansants en question \u00e0 Lyon"},"content":{"rendered":"<p>Le drame, survenu en Suisse, a aussi secou\u00e9 l\u2019Hexagone. Face \u00e0 l\u2019horreur et l\u2019absurdit\u00e9 d\u2019un tel drame, les esprits veulent trouver des raisons, soulever un dysfonctionnement, \u00e9tablir des solutions. Pourtant, les professionnels des \u00e9tablissements de nuit tiennent \u00e0 rassurer\u00a0: \u00ab\u00a0En France, au vu des normes en place, les risques dans les discoth\u00e8ques n\u2019ont quasiment aucune chance de conduire \u00e0 un tel \u00e9v\u00e9nement\u00a0\u00bb, affirme Thierry Fontaine, pr\u00e9sident de l\u2019UMIH Nuit, syndicat des professionnels des discoth\u00e8ques. Un autre probl\u00e8me \u00e9merge toutefois, celui du statut r\u00e9el de certains \u00e9tablissements.<\/p>\n<p>Une \u00e9vacuation rapide en th\u00e9orie<\/p>\n<p>La r\u00e9glementation distingue deux types d\u2019\u00e9tablissements recevant du public (ERP) au c\u0153ur du d\u00e9bat. Le type N, qui concerne les d\u00e9bits de boisson et restaurants, et le type P, qui comprend les salles de danse et de jeux. \u00ab\u00a0Le type N a \u00e9t\u00e9 pens\u00e9 \u00e0 une \u00e9poque o\u00f9 l\u2019on n\u2019imaginait pas que l\u2019on allait danser dans un caf\u00e9\u00a0\u00bb, expose Thierry Fontaine. Circulation d\u00e9gag\u00e9e,&#8230;<\/p>\n","protected":false},"excerpt":{"rendered":"Le drame, survenu en Suisse, a aussi secou\u00e9 l\u2019Hexagone. Face \u00e0 l\u2019horreur et l\u2019absurdit\u00e9 d\u2019un tel drame, les&hellip;\n","protected":false},"author":2,"featured_media":643211,"comment_status":"","ping_status":"","sticky":false,"template":"","format":"standard","meta":{"footnotes":""},"categories":[1889],"tags":[1111,11,2430,4406,33,2757,1777,674,274,107,1011,27,1310,2428,2756,12,25,2429],"class_list":{"0":"post-643210","1":"post","2":"type-post","3":"status-publish","4":"format-standard","5":"has-post-thumbnail","7":"category-lyon","8":"tag-actu","9":"tag-actualites","10":"tag-auvergne-rhone-alpes","11":"tag-commerce-et-services","12":"tag-economie","13":"tag-edition-lyon-villeurbanne","14":"tag-eu","15":"tag-europe","16":"tag-faits-divers-justice","17":"tag-fil-info","18":"tag-fr","19":"tag-france","20":"tag-incendie","21":"tag-lyon","22":"tag-lyon-bassin","23":"tag-news","24":"tag-republique-francaise","25":"tag-rhone"},"share_on_mastodon":{"url":"https:\/\/pubeurope.com\/@fr\/115844268872722371","error":""},"_links":{"self":[{"href":"https:\/\/www.europesays.com\/fr\/wp-json\/wp\/v2\/posts\/643210","targetHints":{"allow":["GET"]}}],"collection":[{"href":"https:\/\/www.europesays.com\/fr\/wp-json\/wp\/v2\/posts"}],"about":[{"href":"https:\/\/www.europesays.com\/fr\/wp-json\/wp\/v2\/types\/post"}],"author":[{"embeddable":true,"href":"https:\/\/www.europesays.com\/fr\/wp-json\/wp\/v2\/users\/2"}],"replies":[{"embeddable":true,"href":"https:\/\/www.europesays.com\/fr\/wp-json\/wp\/v2\/comments?post=643210"}],"version-history":[{"count":0,"href":"https:\/\/www.europesays.com\/fr\/wp-json\/wp\/v2\/posts\/643210\/revisions"}],"wp:featuredmedia":[{"embeddable":true,"href":"https:\/\/www.europesays.com\/fr\/wp-json\/wp\/v2\/media\/643211"}],"wp:attachment":[{"href":"https:\/\/www.europesays.com\/fr\/wp-json\/wp\/v2\/media?parent=643210"}],"wp:term":[{"taxonomy":"category","embeddable":true,"href":"https:\/\/www.europesays.com\/fr\/wp-json\/wp\/v2\/categories?post=643210"},{"taxonomy":"post_tag","embeddable":true,"href":"https:\/\/www.europesays.com\/fr\/wp-json\/wp\/v2\/tags?post=643210"}],"curies":[{"name":"wp","href":"https:\/\/api.w.org\/{rel}","templated":true}]}}