{"id":643214,"date":"2026-01-05T20:02:10","date_gmt":"2026-01-05T20:02:10","guid":{"rendered":"https:\/\/www.europesays.com\/fr\/643214\/"},"modified":"2026-01-05T20:02:10","modified_gmt":"2026-01-05T20:02:10","slug":"le-trafic-interrompu-sur-la-ligne-1-du-metro-entre-paris-et-les-hauts-de-seine","status":"publish","type":"post","link":"https:\/\/www.europesays.com\/fr\/643214\/","title":{"rendered":"le trafic interrompu sur la ligne 1 du m\u00e9tro entre Paris et les Hauts-de-Seine"},"content":{"rendered":"<p>                    Par<br \/>\n        <strong><br \/>\n            <a href=\"https:\/\/actu.fr\/auteur\/m-pomme\" title=\"Consulter tous les articles de Marie Pomme\" target=\"_blank\" rel=\"noopener\">Marie Pomme<\/a><br \/>\n                    <\/strong><\/p>\n<p>        Publi\u00e9 le<\/p>\n<p>            5 janv. 2026 \u00e0 19h53        <\/p>\n<p>En plus des <a href=\"https:\/\/actu.fr\/ile-de-france\/paris_75056\/ratp-et-sncf-bus-interrompus-rer-et-transiliens-perturbes-la-neige-a-paris-paralyse-les-transports_63653405.html\" target=\"_blank\" rel=\"noopener\">transports retard\u00e9s ou totalement interrompus par la neige<\/a> ce lundi 5 janvier 2026, plusieurs lignes de m\u00e9tro sont concern\u00e9es par des incidents techniques et notamment la ligne 1. Le trafic est interrompu entre Porte Maillot et La D\u00e9fense, en raison d\u2019un incident technique \u00e0 Porte Maillot.\u00a0<\/p>\n<p>Reprise estim\u00e9e vers 21 heures<\/p>\n<p class=\" wall-content\">La RATP indique que le trafic devrait reprendre normalement aux alentours de 21 heures. En attendant, la RATP invite les voyageurs \u00e0 emprunter un itin\u00e9raire de substitution.<\/p>\n<p class=\" wall-content\">\n<p class=\" wall-content\">Personnalisez votre actualit\u00e9 en ajoutant vos villes et m\u00e9dias en favori avec <a href=\"https:\/\/moncompte.actu.fr\" title=\"D\u00e9couvez Mon Actu\" rel=\"nofollow noopener\" data-trk=\"{&quot;cta&quot;:{&quot;action&quot;:&quot;https:\\\/\\\/moncompte.actu.fr&quot;,&quot;category&quot;:&quot;mon compte&quot;,&quot;from&quot;:&quot;article footer&quot;,&quot;name&quot;:&quot;Mon actu&quot;,&quot;type&quot;:&quot;cta&quot;}}\" target=\"_blank\">Mon Actu<\/a>.<\/p>\n","protected":false},"excerpt":{"rendered":"Par Marie Pomme Publi\u00e9 le 5 janv. 2026 \u00e0 19h53 En plus des transports retard\u00e9s ou totalement interrompus&hellip;\n","protected":false},"author":2,"featured_media":643215,"comment_status":"","ping_status":"","sticky":false,"template":"","format":"standard","meta":{"footnotes":""},"categories":[1888],"tags":[1111,1928,11,1927,1777,674,1011,27,4047,12,1926,626,1925,625,25,104,2803],"class_list":{"0":"post-643214","1":"post","2":"type-post","3":"status-publish","4":"format-standard","5":"has-post-thumbnail","7":"category-paris","8":"tag-actu","9":"tag-actu-paris","10":"tag-actualites","11":"tag-actualites-paris","12":"tag-eu","13":"tag-europe","14":"tag-fr","15":"tag-france","16":"tag-metro","17":"tag-news","18":"tag-news-paris","19":"tag-paris","20":"tag-paris-news","21":"tag-ratp","22":"tag-republique-francaise","23":"tag-societe","24":"tag-transport"},"share_on_mastodon":{"url":"https:\/\/pubeurope.com\/@fr\/115844280756470531","error":""},"_links":{"self":[{"href":"https:\/\/www.europesays.com\/fr\/wp-json\/wp\/v2\/posts\/643214","targetHints":{"allow":["GET"]}}],"collection":[{"href":"https:\/\/www.europesays.com\/fr\/wp-json\/wp\/v2\/posts"}],"about":[{"href":"https:\/\/www.europesays.com\/fr\/wp-json\/wp\/v2\/types\/post"}],"author":[{"embeddable":true,"href":"https:\/\/www.europesays.com\/fr\/wp-json\/wp\/v2\/users\/2"}],"replies":[{"embeddable":true,"href":"https:\/\/www.europesays.com\/fr\/wp-json\/wp\/v2\/comments?post=643214"}],"version-history":[{"count":0,"href":"https:\/\/www.europesays.com\/fr\/wp-json\/wp\/v2\/posts\/643214\/revisions"}],"wp:featuredmedia":[{"embeddable":true,"href":"https:\/\/www.europesays.com\/fr\/wp-json\/wp\/v2\/media\/643215"}],"wp:attachment":[{"href":"https:\/\/www.europesays.com\/fr\/wp-json\/wp\/v2\/media?parent=643214"}],"wp:term":[{"taxonomy":"category","embeddable":true,"href":"https:\/\/www.europesays.com\/fr\/wp-json\/wp\/v2\/categories?post=643214"},{"taxonomy":"post_tag","embeddable":true,"href":"https:\/\/www.europesays.com\/fr\/wp-json\/wp\/v2\/tags?post=643214"}],"curies":[{"name":"wp","href":"https:\/\/api.w.org\/{rel}","templated":true}]}}