{"id":643218,"date":"2026-01-05T20:04:10","date_gmt":"2026-01-05T20:04:10","guid":{"rendered":"https:\/\/www.europesays.com\/fr\/643218\/"},"modified":"2026-01-05T20:04:10","modified_gmt":"2026-01-05T20:04:10","slug":"que-sest-il-passe-sur-la-ligne-6-du-metro-a-paris","status":"publish","type":"post","link":"https:\/\/www.europesays.com\/fr\/643218\/","title":{"rendered":"que s&rsquo;est-il pass\u00e9 sur la ligne 6 du m\u00e9tro \u00e0 Paris\u00a0?"},"content":{"rendered":"<p>                    Par<br \/>\n        <strong><br \/>\n            <a href=\"https:\/\/actu.fr\/auteur\/marie-amelie-marchal\" title=\"Consulter tous les articles de Marie Amelie Marchal\" target=\"_blank\" rel=\"noopener\">Marie Amelie Marchal<\/a><br \/>\n                    <\/strong><\/p>\n<p>        Publi\u00e9 le<\/p>\n<p>            5 janv. 2026 \u00e0 19h10        <\/p>\n<p>Si le bruit a pu <strong>inqui\u00e9ter les voyageurs<\/strong> pr\u00e9sents sur la ligne 6 du m\u00e9tro \u00e0 Paris, <strong>aucun danger<\/strong> n\u2019est \u00e0 d\u00e9plorer. Ce lundi 5 janvier 2026, un<strong> court-circuit<\/strong> a provoqu\u00e9 une d\u00e9tonation sur les rails, indique la <a href=\"https:\/\/actu.fr\/tag\/ratp\" target=\"_blank\" rel=\"noopener\">RATP<\/a> \u00e0 actu Paris. Les \u00e9quipes sont en cours d\u2019intervention et le <strong>trafic est interrompu<\/strong> entre la Motte-Picquet \u2013 Grenelle et Charles de Gaulle \u2013 \u00c9toile.\u00a0<\/p>\n<p>Reprise estim\u00e9e vers 20 heures\u00a0<\/p>\n<p class=\" wall-content\">L\u2019incident s\u2019est produit sur les rails \u00e0 hauteur de Bir-Hakeim et n\u2019a fait<strong> aucun bless\u00e9<\/strong>. En attendant que les \u00e9quipes r\u00e9solvent le probl\u00e8me, le trafic est en partie interrompu au moins jusqu\u2019\u00e0 20 h 30, apr\u00e8s avoir \u00e9t\u00e9 estim\u00e9 une premi\u00e8re fois \u00e0 20 heures.<\/p>\n<p class=\" wall-content\">Ainsi, aucun m\u00e9tro de la ligne ne dessert Charles de Gaulle \u2013 \u00c9toile, Kl\u00e9ber, Boissi\u00e8re, <a href=\"https:\/\/actu.fr\/ile-de-france\/paris_75056\/paris-une-prouesse-technique-sous-l-esplanade-du-trocadero-le-chantier-titanesque-du-theatre-chaillot_63536110.html\" target=\"_blank\" rel=\"noopener\">Trocad\u00e9ro<\/a>, Passy et Bir-Hakeim.\u00a0<\/p>\n<p class=\" wall-content\">\n<p class=\" wall-content\">Les usagers sont invit\u00e9s \u00e0 emprunter des itin\u00e9raires de substitution \u00e0 retrouver sur le site internet de la r\u00e9gie des transports.\u00a0<\/p>\n<p class=\" wall-content\"><strong>Plus d\u2019infos \u00e0 suivre sur actu Paris.\u00a0<\/strong><\/p>\n<p class=\" wall-content\">Personnalisez votre actualit\u00e9 en ajoutant vos villes et m\u00e9dias en favori avec <a href=\"https:\/\/moncompte.actu.fr\" title=\"D\u00e9couvez Mon Actu\" rel=\"nofollow noopener\" data-trk=\"{&quot;cta&quot;:{&quot;action&quot;:&quot;https:\\\/\\\/moncompte.actu.fr&quot;,&quot;category&quot;:&quot;mon compte&quot;,&quot;from&quot;:&quot;article footer&quot;,&quot;name&quot;:&quot;Mon actu&quot;,&quot;type&quot;:&quot;cta&quot;}}\" target=\"_blank\">Mon Actu<\/a>.<\/p>\n","protected":false},"excerpt":{"rendered":"Par Marie Amelie Marchal Publi\u00e9 le 5 janv. 2026 \u00e0 19h10 Si le bruit a pu inqui\u00e9ter les&hellip;\n","protected":false},"author":2,"featured_media":643219,"comment_status":"","ping_status":"","sticky":false,"template":"","format":"standard","meta":{"footnotes":""},"categories":[1888],"tags":[11,1777,674,1011,27,4047,12,626,625,25,104],"class_list":{"0":"post-643218","1":"post","2":"type-post","3":"status-publish","4":"format-standard","5":"has-post-thumbnail","7":"category-paris","8":"tag-actualites","9":"tag-eu","10":"tag-europe","11":"tag-fr","12":"tag-france","13":"tag-metro","14":"tag-news","15":"tag-paris","16":"tag-ratp","17":"tag-republique-francaise","18":"tag-societe"},"share_on_mastodon":{"url":"https:\/\/pubeurope.com\/@fr\/115844288568308643","error":""},"_links":{"self":[{"href":"https:\/\/www.europesays.com\/fr\/wp-json\/wp\/v2\/posts\/643218","targetHints":{"allow":["GET"]}}],"collection":[{"href":"https:\/\/www.europesays.com\/fr\/wp-json\/wp\/v2\/posts"}],"about":[{"href":"https:\/\/www.europesays.com\/fr\/wp-json\/wp\/v2\/types\/post"}],"author":[{"embeddable":true,"href":"https:\/\/www.europesays.com\/fr\/wp-json\/wp\/v2\/users\/2"}],"replies":[{"embeddable":true,"href":"https:\/\/www.europesays.com\/fr\/wp-json\/wp\/v2\/comments?post=643218"}],"version-history":[{"count":0,"href":"https:\/\/www.europesays.com\/fr\/wp-json\/wp\/v2\/posts\/643218\/revisions"}],"wp:featuredmedia":[{"embeddable":true,"href":"https:\/\/www.europesays.com\/fr\/wp-json\/wp\/v2\/media\/643219"}],"wp:attachment":[{"href":"https:\/\/www.europesays.com\/fr\/wp-json\/wp\/v2\/media?parent=643218"}],"wp:term":[{"taxonomy":"category","embeddable":true,"href":"https:\/\/www.europesays.com\/fr\/wp-json\/wp\/v2\/categories?post=643218"},{"taxonomy":"post_tag","embeddable":true,"href":"https:\/\/www.europesays.com\/fr\/wp-json\/wp\/v2\/tags?post=643218"}],"curies":[{"name":"wp","href":"https:\/\/api.w.org\/{rel}","templated":true}]}}