{"id":643220,"date":"2026-01-05T20:05:16","date_gmt":"2026-01-05T20:05:16","guid":{"rendered":"https:\/\/www.europesays.com\/fr\/643220\/"},"modified":"2026-01-05T20:05:16","modified_gmt":"2026-01-05T20:05:16","slug":"le-parquet-de-paris-ouvre-une-enquete-pour-accompagner-les-familles-francaises","status":"publish","type":"post","link":"https:\/\/www.europesays.com\/fr\/643220\/","title":{"rendered":"le parquet de Paris ouvre une enqu\u00eate pour \u00ab\u00a0accompagner les familles fran\u00e7aises\u00a0\u00bb"},"content":{"rendered":"<p>Le parquet de Paris a ouvert lundi une enqu\u00eate sur l\u2019incendie meurtrier survenu \u00e0 <a href=\"https:\/\/www.laprovence.com\/article\/france-monde\/15206018888885\/incendie-en-suisse-toutes-les-victimes-identifiees-litalie-denonce-une-tragedie-evitable\" target=\"_blank\" rel=\"noopener\">Crans-Montana<\/a>, en Suisse, dans la nuit du Nouvel An, afin \u00ab\u00a0d\u2019accompagner les familles fran\u00e7aises dans les investigations men\u00e9es par les autorit\u00e9s suisses\u00a0\u00bb, a annonc\u00e9 la procureure de Paris.<\/p>\n<p>Le minist\u00e8re des Affaires \u00e9trang\u00e8res a fait \u00e9tat \u00e0 ce stade de neuf Fran\u00e7ais d\u00e9c\u00e9d\u00e9s, dont plusieurs mineurs, tandis que 23 ont \u00e9t\u00e9 bless\u00e9s, a rappel\u00e9 Laure Beccuau dans un communiqu\u00e9.<\/p>\n<p>Pour rappel, \u00ab\u00a0toutes les victimes bless\u00e9es ont \u00e9t\u00e9 identifi\u00e9es\u00a0\u00bb, a annonc\u00e9 lundi la police cantonale du Valais apr\u00e8s ce sinistre provoqu\u00e9, selon l\u2019enqu\u00eate, par des bougies dites \u00ab\u00a0fontaines\u00a0\u00bb dans le sous-sol de l\u2019\u00e9tablissement Le Constellation la nuit de la Saint-Sylvestre.<\/p>\n","protected":false},"excerpt":{"rendered":"Le parquet de Paris a ouvert lundi une enqu\u00eate sur l\u2019incendie meurtrier survenu \u00e0 Crans-Montana, en Suisse, dans&hellip;\n","protected":false},"author":2,"featured_media":643221,"comment_status":"","ping_status":"","sticky":false,"template":"","format":"standard","meta":{"footnotes":""},"categories":[1888],"tags":[5734,11,43885,1067,1777,674,274,1011,27,1310,12,10102,626,15860,25,96],"class_list":{"0":"post-643220","1":"post","2":"type-post","3":"status-publish","4":"format-standard","5":"has-post-thumbnail","7":"category-paris","8":"tag-5734","9":"tag-actualites","10":"tag-crans-montana","11":"tag-enquete","12":"tag-eu","13":"tag-europe","14":"tag-faits-divers-justice","15":"tag-fr","16":"tag-france","17":"tag-incendie","18":"tag-news","19":"tag-ouvre","20":"tag-paris","21":"tag-parquet","22":"tag-republique-francaise","23":"tag-une"},"share_on_mastodon":{"url":"https:\/\/pubeurope.com\/@fr\/115844292518688374","error":""},"_links":{"self":[{"href":"https:\/\/www.europesays.com\/fr\/wp-json\/wp\/v2\/posts\/643220","targetHints":{"allow":["GET"]}}],"collection":[{"href":"https:\/\/www.europesays.com\/fr\/wp-json\/wp\/v2\/posts"}],"about":[{"href":"https:\/\/www.europesays.com\/fr\/wp-json\/wp\/v2\/types\/post"}],"author":[{"embeddable":true,"href":"https:\/\/www.europesays.com\/fr\/wp-json\/wp\/v2\/users\/2"}],"replies":[{"embeddable":true,"href":"https:\/\/www.europesays.com\/fr\/wp-json\/wp\/v2\/comments?post=643220"}],"version-history":[{"count":0,"href":"https:\/\/www.europesays.com\/fr\/wp-json\/wp\/v2\/posts\/643220\/revisions"}],"wp:featuredmedia":[{"embeddable":true,"href":"https:\/\/www.europesays.com\/fr\/wp-json\/wp\/v2\/media\/643221"}],"wp:attachment":[{"href":"https:\/\/www.europesays.com\/fr\/wp-json\/wp\/v2\/media?parent=643220"}],"wp:term":[{"taxonomy":"category","embeddable":true,"href":"https:\/\/www.europesays.com\/fr\/wp-json\/wp\/v2\/categories?post=643220"},{"taxonomy":"post_tag","embeddable":true,"href":"https:\/\/www.europesays.com\/fr\/wp-json\/wp\/v2\/tags?post=643220"}],"curies":[{"name":"wp","href":"https:\/\/api.w.org\/{rel}","templated":true}]}}