{"id":643224,"date":"2026-01-05T20:07:13","date_gmt":"2026-01-05T20:07:13","guid":{"rendered":"https:\/\/www.europesays.com\/fr\/643224\/"},"modified":"2026-01-05T20:07:13","modified_gmt":"2026-01-05T20:07:13","slug":"guerre-en-ukraine-leffet-venezuela","status":"publish","type":"post","link":"https:\/\/www.europesays.com\/fr\/643224\/","title":{"rendered":"Guerre en Ukraine : l&rsquo;effet Venezuela"},"content":{"rendered":"<p>Les battements d\u2019ailes des h\u00e9licopt\u00e8res am\u00e9ricains \u00e0 Caracas peuvent-ils produire une tornade \u00e0 Kiev\u202f? L\u2019effet papillon peut prendre des formes al\u00e9atoires lorsqu\u2019il est question de g\u00e9opolitique. La capture du dirigeant v\u00e9n\u00e9zu\u00e9lien Nicolas Maduro n\u2019est pas neutre pour une Ukraine sous la pression des Etats-Unis, depuis plusieurs semaines, pour parvenir \u00e0 un accord de paix avec son agresseur russe.<\/p>\n","protected":false},"excerpt":{"rendered":"Les battements d\u2019ailes des h\u00e9licopt\u00e8res am\u00e9ricains \u00e0 Caracas peuvent-ils produire une tornade \u00e0 Kiev\u202f? L\u2019effet papillon peut prendre&hellip;\n","protected":false},"author":2,"featured_media":643225,"comment_status":"","ping_status":"","sticky":false,"template":"","format":"standard","meta":{"footnotes":""},"categories":[1590],"tags":[11,1777,674,12,220],"class_list":{"0":"post-643224","1":"post","2":"type-post","3":"status-publish","4":"format-standard","5":"has-post-thumbnail","7":"category-ukraine","8":"tag-actualites","9":"tag-eu","10":"tag-europe","11":"tag-news","12":"tag-ukraine"},"share_on_mastodon":{"url":"https:\/\/pubeurope.com\/@fr\/115844300368510186","error":""},"_links":{"self":[{"href":"https:\/\/www.europesays.com\/fr\/wp-json\/wp\/v2\/posts\/643224","targetHints":{"allow":["GET"]}}],"collection":[{"href":"https:\/\/www.europesays.com\/fr\/wp-json\/wp\/v2\/posts"}],"about":[{"href":"https:\/\/www.europesays.com\/fr\/wp-json\/wp\/v2\/types\/post"}],"author":[{"embeddable":true,"href":"https:\/\/www.europesays.com\/fr\/wp-json\/wp\/v2\/users\/2"}],"replies":[{"embeddable":true,"href":"https:\/\/www.europesays.com\/fr\/wp-json\/wp\/v2\/comments?post=643224"}],"version-history":[{"count":0,"href":"https:\/\/www.europesays.com\/fr\/wp-json\/wp\/v2\/posts\/643224\/revisions"}],"wp:featuredmedia":[{"embeddable":true,"href":"https:\/\/www.europesays.com\/fr\/wp-json\/wp\/v2\/media\/643225"}],"wp:attachment":[{"href":"https:\/\/www.europesays.com\/fr\/wp-json\/wp\/v2\/media?parent=643224"}],"wp:term":[{"taxonomy":"category","embeddable":true,"href":"https:\/\/www.europesays.com\/fr\/wp-json\/wp\/v2\/categories?post=643224"},{"taxonomy":"post_tag","embeddable":true,"href":"https:\/\/www.europesays.com\/fr\/wp-json\/wp\/v2\/tags?post=643224"}],"curies":[{"name":"wp","href":"https:\/\/api.w.org\/{rel}","templated":true}]}}