{"id":64323,"date":"2025-04-30T12:08:11","date_gmt":"2025-04-30T12:08:11","guid":{"rendered":"https:\/\/www.europesays.com\/fr\/64323\/"},"modified":"2025-04-30T12:08:11","modified_gmt":"2025-04-30T12:08:11","slug":"marc-marquez-a-compris-la-cause-de-sa-chute-en-lanalysant-a-froid","status":"publish","type":"post","link":"https:\/\/www.europesays.com\/fr\/64323\/","title":{"rendered":"Marc M\u00e1rquez a compris la cause de sa chute en l&rsquo;analysant \u00e0 froid"},"content":{"rendered":"<p>Tomber en course alors qu&rsquo;il a toutes les cartes en main pour, au minimum, marquer de gros points, voire pour gagner, \u00e7a a d\u00e9j\u00e0 de quoi agacer <a href=\"https:\/\/fr.motorsport.com\/driver\/marc-marquez\/92646\/\" target=\"_blank\" rel=\"noopener\">Marc M\u00e1rquez<\/a>. Mais tomber dans un virage \u00e0 gauche, dans lesquels on le sait capable de donner la le\u00e7on \u00e0 tous ses adversaires, c&rsquo;est presque un crime de l\u00e8se-majest\u00e9.<\/p>\n<p>Aussi, dimanche, l&rsquo;Espagnol avait du mal \u00e0 mettre les mots sur cette erreur qu&rsquo;il venait de commettre et qui l&rsquo;avait envoy\u00e9 dans les graviers de Jerez d\u00e8s le troisi\u00e8me tour du Grand Prix. Il n&rsquo;avait livr\u00e9 que quelques mots sur le sujet aux m\u00e9dias, pr\u00e9f\u00e9rant utiliser son temps de parole pour saluer la premi\u00e8re victoire de son fr\u00e8re.<\/p>\n<p>Lire aussi :<\/p>\n<p>Vingt-quatre heures plus tard, M\u00e1rquez avait visiblement fait le tri dans ses pens\u00e9es puisqu&rsquo;il a pu s&rsquo;expliquer plus longuement aupr\u00e8s de la presse \u00e0 l&rsquo;issue de la journ\u00e9e de test. Questionn\u00e9 pour savoir s&rsquo;il avait r\u00e9ussi \u00e0 comprendre ce qui s&rsquo;est pass\u00e9, il a r\u00e9pondu : \u00ab\u00a0Oui. \u00c0 froid, en l&rsquo;analysant. Je m&rsquo;\u00e9tais exprim\u00e9 seulement une demi-heure apr\u00e8s avoir commis cette erreur, c&rsquo;est pour \u00e7a que je n&rsquo;avais pas fait beaucoup de d\u00e9clarations. J&rsquo;ai juste r\u00e9agi \u00e0 la victoire de mon fr\u00e8re et mon erreur, je l&rsquo;ai laiss\u00e9e de c\u00f4t\u00e9, parce que je devais encore analyser ce qui s&rsquo;\u00e9tait pass\u00e9, y r\u00e9fl\u00e9chir froidement et l&rsquo;analyser sur la t\u00e9l\u00e9m\u00e9trie.\u00a0\u00bb<\/p>\n<p>Apr\u00e8s cette r\u00e9flexion, le #93 a compris l&rsquo;erreur qu&rsquo;il a commise : \u00ab\u00a0Je suis vraiment entr\u00e9 trop vite dans ce virage. Avec cette confiance dont je parle tout le temps, le fait que je subisse si peu de chutes cette ann\u00e9e, que je sois aussi rapide\u2026 Et l\u00e0, la premi\u00e8re chute dans un virage \u00e0 gauche. J&rsquo;ai compris que j&rsquo;allais trop vite, que j&rsquo;allais entrer trop vite, mais j&rsquo;avais confiance dans le fait que \u00e7a tiendrait, que j&rsquo;allais devoir \u00e9largir un peu et perdre un ou deux dixi\u00e8mes, mais continuer la course.\u00a0\u00bb<\/p>\n<p>   <img decoding=\"async\" draggable=\"false\" src=\"https:\/\/www.europesays.com\/fr\/wp-content\/uploads\/2025\/04\/1746014891_722_marc-marquez-ducati-team.jpg\" alt=\"Marc Marquez a repris la course avec une moto ab\u00eem\u00e9e et a termin\u00e9 12e.\" width=\"1200\" height=\"800\" loading=\"lazy\"\/> <\/p>\n<p class=\"title\">Marc M\u00e1rquez a repris la course avec une moto ab\u00eem\u00e9e et a termin\u00e9 12e.<\/p>\n<p class=\"photographer\">Photo de: Jose Breton &#8211; Pics Action &#8211; NurPhoto &#8211; Getty Images<\/p>\n<p>Cet exc\u00e8s de confiance n&rsquo;est pas sans rappeler celui qui l&rsquo;a pi\u00e9g\u00e9 \u00e0 Austin, avec une chute survenue alors qu&rsquo;il menait le Grand Prix et aurait pu se permettre de g\u00e9rer. Interrog\u00e9 pour savoir s&rsquo;il est en col\u00e8re contre lui-m\u00eame, le pilote Ducati a expliqu\u00e9 : \u00ab\u00a0Non, non. Ce sont des choses qui arrivent. \u00c9videmment, apr\u00e8s le d\u00e9but de saison que l&rsquo;on a eu et compte tenu de la forme dans laquelle je suis, \u00eatre deuxi\u00e8me au <a href=\"https:\/\/fr.motorsport.com\/motogp\/news\/championnat-alex-marquez-reprend-pouvoir-espagne\/10717387\/\" target=\"_self\" rel=\"noopener\">championnat<\/a>, \u00e7a n&rsquo;est pas g\u00e9nial, mais on n&rsquo;est qu&rsquo;\u00e0 un point.\u00a0\u00bb<\/p>\n<p>\u00ab\u00a0Et puis, il y a une raison, j&rsquo;ai fait deux grosses erreurs. Je l&rsquo;ai dit, si je veux me battre pour ce championnat, je dois les \u00e9viter, parce qu&rsquo;il ne s&rsquo;agit pas seulement de gagner, gagner, gagner. La vitesse est l\u00e0, mais je dois g\u00e9rer ces moments. Ce sont deux moments ponctuels, mais ils ont eu lieu tous les deux le dimanche. C&rsquo;est l&rsquo;ann\u00e9e o\u00f9 je tombe le moins mais je suis tomb\u00e9 deux fois le dimanche, alors il faut que j&rsquo;arrive \u00e0 bien le comprendre.\u00a0\u00bb<\/p>\n<p>Pour son retour en piste lundi, pour la journ\u00e9e de test, M\u00e1rquez n&rsquo;a pas chang\u00e9 ses plans, aucun \u00e9l\u00e9ment technique n&rsquo;ayant le pouvoir de lui \u00e9viter ce type de chutes. \u00ab\u00a0Non\u00a0\u00bb, a-t-il expliqu\u00e9 lundi soir. \u00ab\u00a0Ce que j&rsquo;ai fait hier apr\u00e8s-midi, c&rsquo;est analyser la chute, en comprendre la raison, l&rsquo;enregistrer dans ma t\u00eate pour essayer de ne pas la reproduire \u00e0 l&rsquo;avenir. \u00c0 partir de l\u00e0, comme je le dis toujours, hier c&rsquo;est du pass\u00e9, j&rsquo;avais la chance qu&rsquo;aujourd&rsquo;hui qu&rsquo;il y ait un test, et il a confirm\u00e9 mes bonnes sensations. Ce matin, j&rsquo;ai \u00e9t\u00e9 vite, et cet apr\u00e8s-midi j&rsquo;ai aussi eu une vitesse normale.\u00a0\u00bb<\/p>\n<p>Si son dimanche apr\u00e8s-midi n&rsquo;a pas ressembl\u00e9 \u00e0 ce qu&rsquo;il avait imagin\u00e9, Marc M\u00e1rquez a tout de m\u00eame pris le temps de passer saluer l&rsquo;\u00e9quipe Gresini et de partager un moment avec Nadia Padovani et ses troupes pour les f\u00e9liciter de cette premi\u00e8re victoire de la saison. Mais, d\u00e9j\u00e0, il se tourne vers Le Mans pour faire oublier sa b\u00e9vue.<\/p>\n<p>Lire aussi :<\/p>\n<p>Dans cet article<\/p>\n<p>    L\u00e9na Buffa\n<\/p>\n<p>    MotoGP\n<\/p>\n<p>    Marc M\u00e1rquez\n<\/p>\n<p>    Ducati Team\n<\/p>\n<p>Soyez le premier inform\u00e9 et souscrivez aux alertes mails pour recevoir les infos en temps r\u00e9el<\/p>\n<p>    S&rsquo;abonner aux alertes de news<\/p>\n","protected":false},"excerpt":{"rendered":"Tomber en course alors qu&rsquo;il a toutes les cartes en main pour, au minimum, marquer de gros points,&hellip;\n","protected":false},"author":2,"featured_media":64324,"comment_status":"","ping_status":"","sticky":false,"template":"","format":"standard","meta":{"footnotes":""},"categories":[1413],"tags":[12530,4950,1011,27,12529,5038,1457,1456,1458,60],"class_list":{"0":"post-64323","1":"post","2":"type-post","3":"status-publish","4":"format-standard","5":"has-post-thumbnail","7":"category-moto","8":"tag-circuito-de-jerez","9":"tag-ducati-team","10":"tag-fr","11":"tag-france","12":"tag-gp-despagne","13":"tag-marc-mu00e1rquez","14":"tag-moto","15":"tag-motocycle","16":"tag-motogp","17":"tag-sports"},"share_on_mastodon":{"url":"https:\/\/pubeurope.com\/@fr\/114426839339129810","error":""},"_links":{"self":[{"href":"https:\/\/www.europesays.com\/fr\/wp-json\/wp\/v2\/posts\/64323","targetHints":{"allow":["GET"]}}],"collection":[{"href":"https:\/\/www.europesays.com\/fr\/wp-json\/wp\/v2\/posts"}],"about":[{"href":"https:\/\/www.europesays.com\/fr\/wp-json\/wp\/v2\/types\/post"}],"author":[{"embeddable":true,"href":"https:\/\/www.europesays.com\/fr\/wp-json\/wp\/v2\/users\/2"}],"replies":[{"embeddable":true,"href":"https:\/\/www.europesays.com\/fr\/wp-json\/wp\/v2\/comments?post=64323"}],"version-history":[{"count":0,"href":"https:\/\/www.europesays.com\/fr\/wp-json\/wp\/v2\/posts\/64323\/revisions"}],"wp:featuredmedia":[{"embeddable":true,"href":"https:\/\/www.europesays.com\/fr\/wp-json\/wp\/v2\/media\/64324"}],"wp:attachment":[{"href":"https:\/\/www.europesays.com\/fr\/wp-json\/wp\/v2\/media?parent=64323"}],"wp:term":[{"taxonomy":"category","embeddable":true,"href":"https:\/\/www.europesays.com\/fr\/wp-json\/wp\/v2\/categories?post=64323"},{"taxonomy":"post_tag","embeddable":true,"href":"https:\/\/www.europesays.com\/fr\/wp-json\/wp\/v2\/tags?post=64323"}],"curies":[{"name":"wp","href":"https:\/\/api.w.org\/{rel}","templated":true}]}}