{"id":643230,"date":"2026-01-05T20:10:12","date_gmt":"2026-01-05T20:10:12","guid":{"rendered":"https:\/\/www.europesays.com\/fr\/643230\/"},"modified":"2026-01-05T20:10:12","modified_gmt":"2026-01-05T20:10:12","slug":"united-cup-la-pologne-domine-lallemagne-la-grece-bat-la-grande-bretagne-et-passe-en-quarts","status":"publish","type":"post","link":"https:\/\/www.europesays.com\/fr\/643230\/","title":{"rendered":"United Cup: la Pologne domine l&rsquo;Allemagne, la Gr\u00e8ce bat la Grande-Bretagne et passe en quarts"},"content":{"rendered":"<p class=\"ap-StoryElement ap-StoryElement--mb ap-StoryText\">Dans le dernier match de la journ\u00e9e, la Gr\u00e8ce s&rsquo;est assur\u00e9e de se qualifier pour les quarts de finale en remportant un deuxi\u00e8me match face \u00e0 la Grande-Bretagne. Stefanos Tsitsipas (ATP 34) a d&rsquo;abord impos\u00e9 sa loi \u00e0 Billy Harris (ATP 127) en trois sets 4-6, 6-1, 7-6 (7\/4) et Maria Sakkari (WTA 51) a \u00e9galement gagn\u00e9 face \u00e0 Emma Raducanu, la 29e joueuse mondiale, 6-3, 3-6, 6-1. Dans le double mixte, Olivia Nicholls et Neal Skupski ont battu Despina Papamichail et Stefanos Sakellaridis 6-2, 3-6, 10\/4, sauvant l&rsquo;honneur pour les Britanniques.<\/p>\n<p class=\"ap-StoryElement ap-StoryElement--mb ap-StoryText\">La Gr\u00e8ce d\u00e9fiera la Suisse, sortie en t\u00eate du groupe C, pour une place dans le dernier carr\u00e9.<\/p>\n","protected":false},"excerpt":{"rendered":"Dans le dernier match de la journ\u00e9e, la Gr\u00e8ce s&rsquo;est assur\u00e9e de se qualifier pour les quarts de&hellip;\n","protected":false},"author":2,"featured_media":643231,"comment_status":"","ping_status":"","sticky":false,"template":"","format":"standard","meta":{"footnotes":""},"categories":[1587],"tags":[11,672,1804,1805,1803,1777,674,1801,1227,12,1802],"class_list":{"0":"post-643230","1":"post","2":"type-post","3":"status-publish","4":"format-standard","5":"has-post-thumbnail","7":"category-allemagne","8":"tag-actualites","9":"tag-allemagne","10":"tag-bundesrepublik-deutschland","11":"tag-de","12":"tag-deutschland","13":"tag-eu","14":"tag-europe","15":"tag-germany","16":"tag-horizontal","17":"tag-news","18":"tag-republique-federale-dallemagne"},"share_on_mastodon":{"url":"https:\/\/pubeurope.com\/@fr\/115844312158107700","error":""},"_links":{"self":[{"href":"https:\/\/www.europesays.com\/fr\/wp-json\/wp\/v2\/posts\/643230","targetHints":{"allow":["GET"]}}],"collection":[{"href":"https:\/\/www.europesays.com\/fr\/wp-json\/wp\/v2\/posts"}],"about":[{"href":"https:\/\/www.europesays.com\/fr\/wp-json\/wp\/v2\/types\/post"}],"author":[{"embeddable":true,"href":"https:\/\/www.europesays.com\/fr\/wp-json\/wp\/v2\/users\/2"}],"replies":[{"embeddable":true,"href":"https:\/\/www.europesays.com\/fr\/wp-json\/wp\/v2\/comments?post=643230"}],"version-history":[{"count":0,"href":"https:\/\/www.europesays.com\/fr\/wp-json\/wp\/v2\/posts\/643230\/revisions"}],"wp:featuredmedia":[{"embeddable":true,"href":"https:\/\/www.europesays.com\/fr\/wp-json\/wp\/v2\/media\/643231"}],"wp:attachment":[{"href":"https:\/\/www.europesays.com\/fr\/wp-json\/wp\/v2\/media?parent=643230"}],"wp:term":[{"taxonomy":"category","embeddable":true,"href":"https:\/\/www.europesays.com\/fr\/wp-json\/wp\/v2\/categories?post=643230"},{"taxonomy":"post_tag","embeddable":true,"href":"https:\/\/www.europesays.com\/fr\/wp-json\/wp\/v2\/tags?post=643230"}],"curies":[{"name":"wp","href":"https:\/\/api.w.org\/{rel}","templated":true}]}}