{"id":643251,"date":"2026-01-05T20:25:17","date_gmt":"2026-01-05T20:25:17","guid":{"rendered":"https:\/\/www.europesays.com\/fr\/643251\/"},"modified":"2026-01-05T20:25:17","modified_gmt":"2026-01-05T20:25:17","slug":"la-fille-de-michael-schumacher-publie-une-photo-inedite-pour-ses-56-ans","status":"publish","type":"post","link":"https:\/\/www.europesays.com\/fr\/643251\/","title":{"rendered":"la fille de Michael Schumacher publie une photo in\u00e9dite pour ses 56 ans"},"content":{"rendered":"<p>Pour les fans de <strong>Michael Schumacher<\/strong>, chaque<br \/>\nimage qui refait surface a valeur d\u2019\u00e9v\u00e9nement. Depuis son terrible<br \/>\naccident de ski \u00e0 M\u00e9ribel en 2013, le septuple champion du monde de<br \/>\n<strong>Formule 1<\/strong> vit loin des cam\u00e9ras, prot\u00e9g\u00e9 par sa<br \/>\nfamille. Douze ans plus tard, alors qu\u2019il vient de f\u00eater ses 57<br \/>\nans, une publication sur Instagram a raviv\u00e9 l\u2019\u00e9motion. Et cette<br \/>\nfois, le geste vient de sa fille.<\/p>\n<p>Devenu une ic\u00f4ne apr\u00e8s avoir remport\u00e9 sept fois le championnat<br \/>\ndu monde, <strong>Michael Schumacher<\/strong> pensait profiter<br \/>\nsereinement de sa retraite lorsqu\u2019il a rang\u00e9 son casque. Le 29<br \/>\nd\u00e9cembre 2013, \u00e0 M\u00e9ribel, sa vie a bascul\u00e9 : chute \u00e0 ski, t\u00eate<br \/>\nprojet\u00e9e contre un rocher, casque bris\u00e9, coma de six mois. Depuis,<br \/>\nil vit dans le plus grand secret, dans leur chalet de Gland,<br \/>\nentour\u00e9 d\u2019un cercle tr\u00e8s restreint. Pour son anniversaire du 3<br \/>\njanvier 2026, sa fille Gina a ouvert l\u2019album de famille avec une<br \/>\nimage d\u2019archives. Un simple clich\u00e9, mais lourd de sens.<\/p>\n<p>La photo in\u00e9dite de Gina<\/p>\n<p>La photo publi\u00e9e par <strong>Gina Schumacher<\/strong> sur<br \/>\nInstagram montre une sc\u00e8ne familiale captur\u00e9e bien avant<br \/>\nl\u2019accident. On y voit le pilote allemand tout sourire, assis aux<br \/>\nc\u00f4t\u00e9s de son \u00e9pouse Corinna, tandis que leurs enfants, Gina Maria<br \/>\net Mick, encore petits, rient avec eux. Deux chiens compl\u00e8tent ce<br \/>\ntableau d\u00e9tendu, loin des paddocks. En l\u00e9gende, la cavali\u00e8re a<br \/>\nsimplement lanc\u00e9 : \u00ab\u00a0Le meilleur pour toujours. Joyeux anniversaire<br \/>\npapa\u00a0\u00bb, a \u00e9crit Gina Maria Schumacher sur Instagram, cit\u00e9e par<br \/>\nVoici. Quelques mots qui r\u00e9sument un lien jamais rompu.<\/p>\n<p>Cette image a touch\u00e9 les admirateurs du \u00ab\u00a0Baron rouge\u00a0\u00bb, habitu\u00e9s<br \/>\n\u00e0 ne plus rien voir de son intimit\u00e9. Sous le post, les messages se<br \/>\nsont encha\u00een\u00e9s pour saluer l\u2019ancien pilote Ferrari, beaucoup le<br \/>\nqualifiant encore de meilleur pilote de F1 et de v\u00e9ritable l\u00e9gende.<br \/>\nCes r\u00e9actions montrent combien la figure de <strong>Michael<br \/>\nSchumacher<\/strong> reste pr\u00e9sente dans la m\u00e9moire des fans, alors<br \/>\nque les nouvelles sur sa sant\u00e9 demeurent tr\u00e8s limit\u00e9es.<\/p>\n<blockquote class=\"instagram-media\" style=\"background: #ffffff;border: 0;margin: 1px;width: 100%;padding: 0;max-width: 500px;\" data-instgrm-permalink=\"https:\/\/www.instagram.com\/p\/DTD3EXmCEQk\/?utm_source=ig_embed&amp;utm_campaign=loading\" data-instgrm-version=\"14\"\/><p>\n<\/p>\n<p>Apr\u00e8s l\u2019accident de M\u00e9ribel<\/p>\n<p>Si ce clich\u00e9 \u00e9meut autant, c\u2019est aussi parce qu\u2019il renvoie \u00e0 la<br \/>\nvie d\u2019avant le drame. Le 29 d\u00e9cembre 2013, \u00e0 M\u00e9ribel en Savoie, le<br \/>\npilote avait \u00e9t\u00e9 victime d\u2019une violente chute \u00e0 ski, sa t\u00eate<br \/>\npercutant un rocher et brisant son casque, un accident qui le<br \/>\nplonge dans le coma pendant six mois. Depuis son retour au<br \/>\ndomicile, <strong>Corinna Schumacher<\/strong> organise son<br \/>\nquotidien, entre soins constants et protection de sa vie priv\u00e9e,<br \/>\navec le soutien de leurs enfants Gina Maria et Mick, de Sabine Kehm<br \/>\net de quelques proches comme Jean Todt.<\/p>\n<p>Les informations m\u00e9dicales restent limit\u00e9es et, selon des<br \/>\nindiscr\u00e9tions relay\u00e9es \u00e0 l\u2019\u00e9tranger, l\u2019ancien pilote ne serait plus<br \/>\nen capacit\u00e9 de communiquer verbalement. Un geste a pourtant marqu\u00e9<br \/>\nles esprits au printemps dernier : sur le casque port\u00e9 par Jackie<br \/>\nStewart lors de sa derni\u00e8re course en 1973, que tous les champions<br \/>\ndu monde encore en vie ont sign\u00e9, Michael Schumacher aurait appos\u00e9<br \/>\nses initiales \u00ab\u00a0MS\u00a0\u00bb avec l\u2019aide de son \u00e9pouse. \u00ab\u00a0C\u2019est fantastique<br \/>\nque Michael ait pu le faire aussi\u00a0\u00bb, a d\u00e9clar\u00e9 Jackie Stewart. \u00ab\u00a0Avec<br \/>\nl\u2019aide de sa femme Corinna, il a appos\u00e9 ses initiales &lsquo;MS&rsquo; sur le<br \/>\ncasque. Cela a compl\u00e9t\u00e9 l\u2019ensemble\u00a0\u00bb, a-t-il ajout\u00e9.<\/p>\n<p>Le r\u00f4le de Gina Schumacher<\/p>\n<p>Gina Schumacher joue aussi un r\u00f4le central dans le clan. Devenue<br \/>\nmaman de Millie le 29 mars, elle avait alors \u00e9crit : \u00ab\u00a0Bienvenue au<br \/>\nmonde, Millie. Tu es n\u00e9e le 29 mars, et nos coeurs n&rsquo;ont jamais \u00e9t\u00e9<br \/>\naussi combl\u00e9s. Nous sommes tellement b\u00e9nis de t&rsquo;avoir dans nos<br \/>\nvies\u00a0\u00bb. Selon la presse, Michael et Corinna se seraient rendus en<br \/>\nSuisse pour cette naissance, signe discret d\u2019une pr\u00e9sence familiale<br \/>\ntoujours forte.<\/p>\n<p><script async src=\"\/\/www.instagram.com\/embed.js\"><\/script><\/p>\n","protected":false},"excerpt":{"rendered":"Pour les fans de Michael Schumacher, chaque image qui refait surface a valeur d\u2019\u00e9v\u00e9nement. Depuis son terrible accident&hellip;\n","protected":false},"author":2,"featured_media":643252,"comment_status":"","ping_status":"","sticky":false,"template":"","format":"standard","meta":{"footnotes":""},"categories":[1359],"tags":[7126,3581,1764,1805,58,59,195,1011,27,14982,74987,4743,36305,16194,973,2745,471,11755,74988,2407,96],"class_list":{"0":"post-643251","1":"post","2":"type-post","3":"status-publish","4":"format-standard","5":"has-post-thumbnail","7":"category-people","8":"tag-7126","9":"tag-anniversaire","10":"tag-ans","11":"tag-de","12":"tag-divertissement","13":"tag-entertainment","14":"tag-fille","15":"tag-fr","16":"tag-france","17":"tag-inedite","18":"tag-joyeux","19":"tag-la","20":"tag-michael","21":"tag-papa","22":"tag-people","23":"tag-photo","24":"tag-pour","25":"tag-publie","26":"tag-schumacher","27":"tag-ses","28":"tag-une"},"share_on_mastodon":{"url":"https:\/\/pubeurope.com\/@fr\/115844371170027518","error":""},"_links":{"self":[{"href":"https:\/\/www.europesays.com\/fr\/wp-json\/wp\/v2\/posts\/643251","targetHints":{"allow":["GET"]}}],"collection":[{"href":"https:\/\/www.europesays.com\/fr\/wp-json\/wp\/v2\/posts"}],"about":[{"href":"https:\/\/www.europesays.com\/fr\/wp-json\/wp\/v2\/types\/post"}],"author":[{"embeddable":true,"href":"https:\/\/www.europesays.com\/fr\/wp-json\/wp\/v2\/users\/2"}],"replies":[{"embeddable":true,"href":"https:\/\/www.europesays.com\/fr\/wp-json\/wp\/v2\/comments?post=643251"}],"version-history":[{"count":0,"href":"https:\/\/www.europesays.com\/fr\/wp-json\/wp\/v2\/posts\/643251\/revisions"}],"wp:featuredmedia":[{"embeddable":true,"href":"https:\/\/www.europesays.com\/fr\/wp-json\/wp\/v2\/media\/643252"}],"wp:attachment":[{"href":"https:\/\/www.europesays.com\/fr\/wp-json\/wp\/v2\/media?parent=643251"}],"wp:term":[{"taxonomy":"category","embeddable":true,"href":"https:\/\/www.europesays.com\/fr\/wp-json\/wp\/v2\/categories?post=643251"},{"taxonomy":"post_tag","embeddable":true,"href":"https:\/\/www.europesays.com\/fr\/wp-json\/wp\/v2\/tags?post=643251"}],"curies":[{"name":"wp","href":"https:\/\/api.w.org\/{rel}","templated":true}]}}