{"id":64327,"date":"2025-04-30T12:10:09","date_gmt":"2025-04-30T12:10:09","guid":{"rendered":"https:\/\/www.europesays.com\/fr\/64327\/"},"modified":"2025-04-30T12:10:09","modified_gmt":"2025-04-30T12:10:09","slug":"jules-martin-le-benjamin-qui-a-gagne-comme-un-grand-actualite","status":"publish","type":"post","link":"https:\/\/www.europesays.com\/fr\/64327\/","title":{"rendered":"Jules Martin, le benjamin qui a gagn\u00e9 comme un grand &#8211; Actualit\u00e9"},"content":{"rendered":"<p style=\"text-align: justify;\"><strong>Il \u00e9tait le plus jeune de la course mais cela ne l\u2019a pas emp\u00each\u00e9 de l\u2019emporter. N\u00e9 le 29 d\u00e9cembre 2008, Jules Martin serait encore dans les rangs Cadets \u00e0 trois jours pr\u00e8s. Et pourtant, c\u2019est bien le J1 du VC Villefranche Beaujolais qui a enlev\u00e9, dimanche dernier, la seconde \u00e9tape du Prix de la Ville d\u2019Aubenas (<strong><a href=\"https:\/\/www.directvelo.com\/actualite\/120143\/prix-de-la-ville-daubenas-et-2-classements\" target=\"_blank\" rel=\"noopener\">voir classement<\/a><\/strong>), \u00e0 l\u2019occasion du traditionnel week-end de la Fl\u00e8che Ard\u00e9choise. \u201cJ\u2019\u00e9tais dans le dur hier (samedi) et sur le chrono ce matin. J\u2019ai travaill\u00e9 pour l\u2019\u00e9quipe en d\u00e9but de course. On n\u2019avait personne dans le groupe d\u2019une quinzaine qui est sorti en cours de route alors il a fallu rouler. Mais en toute fin d\u2019\u00e9tape, j\u2019ai senti que les cannes revenaient\u201d, racontait-il \u00e0 chaud aupr\u00e8s de DirectVelo, juste avant de monter sur le podium protocolaire.<br \/>Au courage, le r\u00e9sident de Lanci\u00e9 (Rh\u00f4ne) dans le Beaujolais, entre M\u00e2con et Villefranche-sur-Sa\u00f4ne, est parvenu \u00e0 sortir avec Tony Billet et Louka Didier. \u201cJ\u2019\u00e9tais \u00e0 bloc tout le long sur la fin. Je me suis dit qu\u2019au pire, si \u00e7a rentrait, \u00e7a pouvait aider les gars et notamment Tom (Br\u00e9mont) pour le sprint. Mais on a tenu jusqu\u2019au bout. C\u2019est une sacr\u00e9e surprise !\u201d. Malgr\u00e9 son manque d\u2019exp\u00e9rience &#8211; il a d\u00e9but\u00e9 le cyclisme il y a trois ans -, Jules Martin a \u00e9t\u00e9 tr\u00e8s malin dans le final. \u201cLouka m\u2019a dit qu\u2019il jouait le g\u00e9n\u00e9ral et Tony a expliqu\u00e9 qu\u2019il \u00e9tait cuit et que \u00e7a lui allait de faire 3. Il n\u2019a pas pass\u00e9 beaucoup de relais. De mon c\u00f4t\u00e9, je n\u2019ai pas compt\u00e9 mes coups de p\u00e9dale, Louka non plus. C\u2019est sans doute ce qui nous a permis de tenir jusqu\u2019au bout\u201d. Les deux gar\u00e7ons se sont ainsi mis d\u2019accord pour se partager l\u2019\u00e9tape et le g\u00e9n\u00e9ral, puisque Louka Didier, tr\u00e8s bon 4e du chrono matinal, \u00e9tait de loin le mieux plac\u00e9 pour enlever l\u2019\u00e9preuve et renverser le Colombien Kevin Andres Estupinan, vainqueur quelques heures plus t\u00f4t dans les pentes de Sampzon lors de l&rsquo;effort chronom\u00e9tr\u00e9.\u00a0<br \/>Incr\u00e9dule apr\u00e8s avoir pass\u00e9 la ligne d\u2019arriv\u00e9e, Jules Martin a pu laisser exploser toute sa rage et partager son bonheur avec ses co\u00e9quipiers et son staff. \u201cJe ne m\u2019y attendais pas mais \u00e0 partir du moment o\u00f9 tu as un dossard accroch\u00e9 dans le dos, dans l\u2019absolu, tu peux gagner. Il faut y croire\u201d. Jules Martin s\u2019est mis au cyclisme \u201cen regardant le Tour de France \u00e0 la t\u00e9l\u00e9\u201d, alors qu\u2019aucun membre de sa famille n\u2019a jamais couru en club. Son premier grand souvenir ? \u201cUne 2e place sur un GP de Chauffailles en Minimes 2 \u00e0 la toute fin de ma premi\u00e8re saison\u201d. Depuis, il ne cesse de progresser et se montre \u00e0 l\u2019aise sur les parcours exigeants et vallonn\u00e9s. \u201cJ&rsquo;aime bien quand c&rsquo;est tr\u00e8s dur et tr\u00e8s s\u00e9lectif. Je me consid\u00e8re plut\u00f4t comme un puncheur-grimpeur. J&rsquo;ai quand m\u00eame plut\u00f4t une bonne pointe de vitesse, ce qui m\u2019a permis de gagner \u00e0 dix reprises l\u2019an dernier en Cadets 2, pr\u00e9cise-t-il. Je pr\u00e9f\u00e8re quand c\u2019est dur avant, je ne gagne pas de sprints massifs. Je ne suis pas encore tr\u00e8s \u00e0 l\u2019aise sur le v\u00e9lo, face \u00e0 des mecs qui ont plus d\u2019exp\u00e9rience que moi\u201d.\u00a0<\/strong><\/p>\n","protected":false},"excerpt":{"rendered":"Il \u00e9tait le plus jeune de la course mais cela ne l\u2019a pas emp\u00each\u00e9 de l\u2019emporter. N\u00e9 le&hellip;\n","protected":false},"author":2,"featured_media":64328,"comment_status":"","ping_status":"","sticky":false,"template":"","format":"standard","meta":{"footnotes":""},"categories":[1411],"tags":[834,828,836,829,837,827,83,826,824,823,1154,207,814,817,815,816,822,821,832,211,839,1011,27,820,818,819,835,831,830,833,838,60,212,208,825],"class_list":{"0":"post-64327","1":"post","2":"type-post","3":"status-publish","4":"format-standard","5":"has-post-thumbnail","7":"category-cyclisme","8":"tag-attaque","9":"tag-belgique","10":"tag-braquet","11":"tag-bretagne","12":"tag-chute","13":"tag-competition","14":"tag-coupe-de-france","15":"tag-coureur","16":"tag-course-cyclisme","17":"tag-course-cycliste","18":"tag-cycling","19":"tag-cyclisme","20":"tag-direct","21":"tag-direct-velo","22":"tag-directvelo","23":"tag-directvelo-com","24":"tag-epreuve","25":"tag-epreuve-cycliste","26":"tag-federation-francaise-de-cyclisme","27":"tag-ffc","28":"tag-flandres","29":"tag-fr","30":"tag-france","31":"tag-live","32":"tag-live-course","33":"tag-live-epreuve","34":"tag-peloton","35":"tag-radio-peloton","36":"tag-radio-tour","37":"tag-ravitaillement","38":"tag-relance","39":"tag-sports","40":"tag-uci","41":"tag-velo","42":"tag-velos"},"share_on_mastodon":{"url":"https:\/\/pubeurope.com\/@fr\/114426847118952074","error":""},"_links":{"self":[{"href":"https:\/\/www.europesays.com\/fr\/wp-json\/wp\/v2\/posts\/64327","targetHints":{"allow":["GET"]}}],"collection":[{"href":"https:\/\/www.europesays.com\/fr\/wp-json\/wp\/v2\/posts"}],"about":[{"href":"https:\/\/www.europesays.com\/fr\/wp-json\/wp\/v2\/types\/post"}],"author":[{"embeddable":true,"href":"https:\/\/www.europesays.com\/fr\/wp-json\/wp\/v2\/users\/2"}],"replies":[{"embeddable":true,"href":"https:\/\/www.europesays.com\/fr\/wp-json\/wp\/v2\/comments?post=64327"}],"version-history":[{"count":0,"href":"https:\/\/www.europesays.com\/fr\/wp-json\/wp\/v2\/posts\/64327\/revisions"}],"wp:featuredmedia":[{"embeddable":true,"href":"https:\/\/www.europesays.com\/fr\/wp-json\/wp\/v2\/media\/64328"}],"wp:attachment":[{"href":"https:\/\/www.europesays.com\/fr\/wp-json\/wp\/v2\/media?parent=64327"}],"wp:term":[{"taxonomy":"category","embeddable":true,"href":"https:\/\/www.europesays.com\/fr\/wp-json\/wp\/v2\/categories?post=64327"},{"taxonomy":"post_tag","embeddable":true,"href":"https:\/\/www.europesays.com\/fr\/wp-json\/wp\/v2\/tags?post=64327"}],"curies":[{"name":"wp","href":"https:\/\/api.w.org\/{rel}","templated":true}]}}