{"id":643317,"date":"2026-01-05T21:05:10","date_gmt":"2026-01-05T21:05:10","guid":{"rendered":"https:\/\/www.europesays.com\/fr\/643317\/"},"modified":"2026-01-05T21:05:10","modified_gmt":"2026-01-05T21:05:10","slug":"le-cinema-abc-de-toulouse-devient-une-scop","status":"publish","type":"post","link":"https:\/\/www.europesays.com\/fr\/643317\/","title":{"rendered":"Le Cin\u00e9ma ABC de Toulouse devient une Scop"},"content":{"rendered":"<p>L\u2019historique cin\u00e9ma ABC de Toulouse, situ\u00e9 en pleine centre-ville, dans le quartier de Saint-Sernin, se transforme en soci\u00e9t\u00e9 coop\u00e9rative avec le soutien de <a href=\"https:\/\/www.touleco.fr\/Les-Scop-veulent-imposer-leur-modele-face-a-un-monde-en-crises,45899\" class=\"spip_in\" target=\"_blank\" rel=\"noopener\">l\u2019Union r\u00e9gionale des Scop Occitanie Pyr\u00e9n\u00e9es<\/a> (Urscop). Jusqu\u2019ici port\u00e9 par une association, le cin\u00e9ma ind\u00e9pendant a pris le statut de Scop (soci\u00e9t\u00e9 coop\u00e9rative et participative) \u00e0 compter du 1er\u00a0janvier 2026. Six employ\u00e9s, sur les douze que compte l\u2019ABC, ont d\u00e9cid\u00e9 d\u2019investir dans la Scop.<\/p>\n<p>Le cin\u00e9ma ind\u00e9pendant, qui a accueilli 180.000 spectateurs en 2024, f\u00eatera ses 60 ans cette ann\u00e9e. Un week-end de festivit\u00e9s est notamment pr\u00e9vu les 12, 13, 14 et 15\u00a0f\u00e9vrier 2026.<\/p>\n","protected":false},"excerpt":{"rendered":"L\u2019historique cin\u00e9ma ABC de Toulouse, situ\u00e9 en pleine centre-ville, dans le quartier de Saint-Sernin, se transforme en soci\u00e9t\u00e9&hellip;\n","protected":false},"author":2,"featured_media":373637,"comment_status":"","ping_status":"","sticky":false,"template":"","format":"standard","meta":{"footnotes":""},"categories":[2816],"tags":[1111,11,650,1777,674,1011,27,12,2680,25,70691,2312,74995],"class_list":{"0":"post-643317","1":"post","2":"type-post","3":"status-publish","4":"format-standard","5":"has-post-thumbnail","7":"category-toulouse","8":"tag-actu","9":"tag-actualites","10":"tag-cinema","11":"tag-eu","12":"tag-europe","13":"tag-fr","14":"tag-france","15":"tag-news","16":"tag-occitanie","17":"tag-republique-francaise","18":"tag-scop","19":"tag-toulouse","20":"tag-urscop-occitanie"},"share_on_mastodon":{"url":"https:\/\/pubeurope.com\/@fr\/115844528859673286","error":""},"_links":{"self":[{"href":"https:\/\/www.europesays.com\/fr\/wp-json\/wp\/v2\/posts\/643317","targetHints":{"allow":["GET"]}}],"collection":[{"href":"https:\/\/www.europesays.com\/fr\/wp-json\/wp\/v2\/posts"}],"about":[{"href":"https:\/\/www.europesays.com\/fr\/wp-json\/wp\/v2\/types\/post"}],"author":[{"embeddable":true,"href":"https:\/\/www.europesays.com\/fr\/wp-json\/wp\/v2\/users\/2"}],"replies":[{"embeddable":true,"href":"https:\/\/www.europesays.com\/fr\/wp-json\/wp\/v2\/comments?post=643317"}],"version-history":[{"count":0,"href":"https:\/\/www.europesays.com\/fr\/wp-json\/wp\/v2\/posts\/643317\/revisions"}],"wp:featuredmedia":[{"embeddable":true,"href":"https:\/\/www.europesays.com\/fr\/wp-json\/wp\/v2\/media\/373637"}],"wp:attachment":[{"href":"https:\/\/www.europesays.com\/fr\/wp-json\/wp\/v2\/media?parent=643317"}],"wp:term":[{"taxonomy":"category","embeddable":true,"href":"https:\/\/www.europesays.com\/fr\/wp-json\/wp\/v2\/categories?post=643317"},{"taxonomy":"post_tag","embeddable":true,"href":"https:\/\/www.europesays.com\/fr\/wp-json\/wp\/v2\/tags?post=643317"}],"curies":[{"name":"wp","href":"https:\/\/api.w.org\/{rel}","templated":true}]}}