{"id":643320,"date":"2026-01-05T21:07:31","date_gmt":"2026-01-05T21:07:31","guid":{"rendered":"https:\/\/www.europesays.com\/fr\/643320\/"},"modified":"2026-01-05T21:07:31","modified_gmt":"2026-01-05T21:07:31","slug":"buzz-booster-2026-cherche-les-nouveaux-talents-du-rap-et-prepare-une-finale-a-lille-05-01-2026","status":"publish","type":"post","link":"https:\/\/www.europesays.com\/fr\/643320\/","title":{"rendered":"Buzz Booster 2026 cherche les nouveaux talents du rap et pr\u00e9pare une finale \u00e0 Lille &#8211; 05\/01\/2026"},"content":{"rendered":"<p>Cr\u00e9\u00e9 en 2010, le dispositif national Buzz Booster a lanc\u00e9 les candidatures de sa 17e \u00e9dition pour accompagner les talents \u00e9mergents du rap, avec une finale nationale pr\u00e9vue au Flow \u00e0 Lille en septembre. On vous explique comment participer.<\/p>\n<p>Pens\u00e9 comme une \u00ab\u00a0rampe de lancement\u00a0\u00bb, Buzz Booster accompagne chaque ann\u00e9e des dizaines d\u2019artistes partout en France, avec un objectif clair : les aider \u00e0 structurer leur projet et entrer dans un r\u00e9seau professionnel solide. C&rsquo;est le\u00a0premier dispositif national d\u00e9di\u00e9 \u00e0 la d\u00e9couverte et \u00e0 l\u2019accompagnement de la nouvelle sc\u00e8ne rap fran\u00e7aise, et il a ouvert les candidatures de son \u00e9dition 2026. Et cette ann\u00e9e encore, Lille occupe une place importante dans l\u2019aventure.<\/p>\n<p>Chaque \u00e9dition rassemble environ <b>1 500 candidatures<\/b>\u00a0pour au final accompagner <b>plus de 90 artistes<\/b> \u00e0 travers un parcours m\u00ealant concerts, coaching, r\u00e9sidences, rencontres professionnelles et mise en r\u00e9seau. <a target=\"_blank\" href=\"https:\/\/www.instagram.com\/nemirnems\/\" rel=\"noopener\">N\u00e9mir<\/a>, <a target=\"_blank\" href=\"https:\/\/www.instagram.com\/kikesaoff\/\" rel=\"noopener\">Kik<\/a> (ex-Kikesa), <a target=\"_blank\" href=\"https:\/\/www.instagram.com\/eesah_yasuke\/\" rel=\"noopener\">Eesah Yasuke<\/a> ou encore <a target=\"_blank\" href=\"https:\/\/www.instagram.com\/warendhide\/\" rel=\"noopener\">Warend<\/a> sont pass\u00e9s par l\u00e0.<\/p>\n<p>  Qui peut et comment candidater ?<\/p>\n<p>Les candidatures sont ouvertes aux <b>artistes rap \u00e9mergent\u00b7es<\/b>, en solo ou en groupe, quel que soit leur parcours. Si vous \u00eates partant\u00b7es, quelques conditions sont requises :<\/p>\n<ul>&#13;<\/p>\n<li>proposer un r\u00e9pertoire original d\u2019au moins <b>30 minutes<\/b>&#13;<\/li>\n<p>&#13;<\/p>\n<li>interpr\u00e9ter majoritairement en <b>fran\u00e7ais ou en cr\u00e9ole \u00e0 base lexicale fran\u00e7aise<\/b>&#13;<\/li>\n<p>&#13;<\/p>\n<li>et avoir l\u2019envie de professionnaliser son projet artistique<\/li>\n<p>&#13;<\/ul>\n<p>Les inscriptions ont commenc\u00e9\u00a0le 2 et se<b> cl\u00f4turent\u00a031 janvier<\/b> sur le site de <a target=\"_blank\" href=\"https:\/\/buzzbooster.fr\/participer\/\" rel=\"noopener\">Buzz Booster<\/a>, avant une phase de s\u00e9lections sur \u00e9coute d\u00e8s le 1er f\u00e9vrier.\u00a0<\/p>\n<p>Des s\u00e9lections jusqu\u2019\u00e0 Lille<\/p>\n<p>Apr\u00e8s les \u00e9coutes, les artistes s\u00e9lectionn\u00e9\u00b7es participeront \u00e0 des concerts de pr\u00e9-s\u00e9lection et de s\u00e9lection live dans chaque r\u00e9gion, entre f\u00e9vrier et mai. Dans les Hauts-de-France, \u00e7a se d\u00e9roulera au\u00a0<a target=\"_blank\" href=\"https:\/\/www.instagram.com\/flowlille\/\" rel=\"noopener\">Flow<\/a> \u00e0 Lille et <a target=\"_blank\" href=\"https:\/\/www.instagram.com\/secteur7official\/\" rel=\"noopener\">Secteur 7<\/a> \u00e0 Maubeuge.<\/p>\n<p>Chaque artiste pr\u00e9sentera un live de 20 minutes devant un jury compos\u00e9 de professionnel\u00b7les du secteur, dans un cadre pens\u00e9 pour \u00eatre au plus proche des conditions r\u00e9elles du m\u00e9tier.<\/p>\n<p>      <a data-fslightbox=\"lightbox-74786\" data-caption=\"@Sined Seven\" href=\"https:\/\/vozer.s3.eu-west-3.amazonaws.com\/production\/1767622126\/lz4odt77qb6q8ndytpybig24nb3n\/buzz_booster2025_sined_seven-155-grande.jpeg\" target=\"_blank\" rel=\"noopener\"><br \/>\n        <img decoding=\"async\" class=\"mw-100 lazy\" alt=\"@Sined Seven\" lazy=\"true\" src=\"https:\/\/www.europesays.com\/fr\/wp-content\/uploads\/2026\/01\/buzz_booster2025_sined_seven-155-grande.webp.webp\"\/><br \/>\n      <\/a><br \/>\n        @Sined Seven<\/p>\n<p>Moment cl\u00e9 de l\u2019\u00e9dition 2026 : la <b>finale nationale<\/b> se tiendra du 23 au 25 septembre, toujours au Flow. Pendant trois jours, les 13 laur\u00e9at\u00b7es r\u00e9gionaux\u00b7ales se retrouveront pour des showcases, des rencontres professionnelles et des entretiens avec un jury national.<\/p>\n<p>\u00c0 la cl\u00e9 pour le ou la laur\u00e9at\u00b7e<\/p>\n<p>L\u2019artiste d\u00e9sign\u00e9\u00b7e laur\u00e9at\u00b7e national\u00b7e b\u00e9n\u00e9ficiera d\u2019un accompagnement sur <b>15 mois<\/b>, comprenant :<\/p>\n<ul>&#13;<\/p>\n<li>une <b>bourse de 15 000 euros<\/b> d\u00e9di\u00e9e au d\u00e9veloppement de son projet<\/li>\n<p>&#13;<\/p>\n<li>une <b>tourn\u00e9e nationale<\/b> d\u2019au moins 12 dates<\/li>\n<p>&#13;<\/p>\n<li>un <b>s\u00e9minaire de cr\u00e9ation<\/b> au studio Wisseloord aux Pays-Bas<\/li>\n<p>&#13;<\/p>\n<li>un <b>suivi privil\u00e9gi\u00e9 par la <a target=\"_blank\" href=\"https:\/\/www.sacem.fr\" rel=\"noopener\">Sacem<\/a><\/b>&#13;<\/li>\n<p>&#13;<\/p>\n<li>et un <b>appui professionnel<\/b> coordonn\u00e9 par l\u2019ensemble du r\u00e9seau Buzz Booster<\/li>\n<p>&#13;<\/ul>\n<p>Franchement si vous \u00eates dans la musique et que vous voulez que vos projets soient plus entendus, on vous conseille d&rsquo;au moins tenter votre chance. \u00c7a ne co\u00fbte rien.<\/p>\n<p>    <script async src=\"\/\/www.instagram.com\/embed.js\"><\/script><\/p>\n","protected":false},"excerpt":{"rendered":"Cr\u00e9\u00e9 en 2010, le dispositif national Buzz Booster a lanc\u00e9 les candidatures de sa 17e \u00e9dition pour accompagner&hellip;\n","protected":false},"author":2,"featured_media":643321,"comment_status":"","ping_status":"","sticky":false,"template":"","format":"standard","meta":{"footnotes":""},"categories":[2815],"tags":[1111,11,1777,674,1011,27,811,1307,12,25],"class_list":{"0":"post-643320","1":"post","2":"type-post","3":"status-publish","4":"format-standard","5":"has-post-thumbnail","7":"category-lille","8":"tag-actu","9":"tag-actualites","10":"tag-eu","11":"tag-europe","12":"tag-fr","13":"tag-france","14":"tag-hauts-de-france","15":"tag-lille","16":"tag-news","17":"tag-republique-francaise"},"share_on_mastodon":{"url":"https:\/\/pubeurope.com\/@fr\/115844536359389497","error":""},"_links":{"self":[{"href":"https:\/\/www.europesays.com\/fr\/wp-json\/wp\/v2\/posts\/643320","targetHints":{"allow":["GET"]}}],"collection":[{"href":"https:\/\/www.europesays.com\/fr\/wp-json\/wp\/v2\/posts"}],"about":[{"href":"https:\/\/www.europesays.com\/fr\/wp-json\/wp\/v2\/types\/post"}],"author":[{"embeddable":true,"href":"https:\/\/www.europesays.com\/fr\/wp-json\/wp\/v2\/users\/2"}],"replies":[{"embeddable":true,"href":"https:\/\/www.europesays.com\/fr\/wp-json\/wp\/v2\/comments?post=643320"}],"version-history":[{"count":0,"href":"https:\/\/www.europesays.com\/fr\/wp-json\/wp\/v2\/posts\/643320\/revisions"}],"wp:featuredmedia":[{"embeddable":true,"href":"https:\/\/www.europesays.com\/fr\/wp-json\/wp\/v2\/media\/643321"}],"wp:attachment":[{"href":"https:\/\/www.europesays.com\/fr\/wp-json\/wp\/v2\/media?parent=643320"}],"wp:term":[{"taxonomy":"category","embeddable":true,"href":"https:\/\/www.europesays.com\/fr\/wp-json\/wp\/v2\/categories?post=643320"},{"taxonomy":"post_tag","embeddable":true,"href":"https:\/\/www.europesays.com\/fr\/wp-json\/wp\/v2\/tags?post=643320"}],"curies":[{"name":"wp","href":"https:\/\/api.w.org\/{rel}","templated":true}]}}