{"id":643324,"date":"2026-01-05T21:09:10","date_gmt":"2026-01-05T21:09:10","guid":{"rendered":"https:\/\/www.europesays.com\/fr\/643324\/"},"modified":"2026-01-05T21:09:10","modified_gmt":"2026-01-05T21:09:10","slug":"un-automobiliste-fait-un-mailaise-sur-la7-a-marseille-bouchon-important-a-lentree-de-la-ville","status":"publish","type":"post","link":"https:\/\/www.europesays.com\/fr\/643324\/","title":{"rendered":"Un automobiliste fait un mailaise sur l&rsquo;A7 \u00e0 Marseille, bouchon important \u00e0 l&rsquo;entr\u00e9e de la ville"},"content":{"rendered":"<p>Ce lundi vers 17h30 \u00e0 Marseille, un homme de 76 ans a fait un malaise \u00e0 bord de son v\u00e9hicule sur l&rsquo;autoroute A7, \u00e0 hauteur de la jonction avec la rocade L2, en direction du centre-ville. <strong>La victime a \u00e9t\u00e9 transport\u00e9e \u00e0 l&rsquo;h\u00f4pital <\/strong>par <a href=\"https:\/\/www.laprovence.com\/article\/france-monde\/2185892341003715\/un-corps-retrouve-dans-le-coffre-dune-voiture-incendiee-a-marseille\" target=\"_blank\" rel=\"noopener\">les marins-pompiers<\/a>. Au total : quatre engins et 14 secouristes ont \u00e9t\u00e9 d\u00e9plac\u00e9s sur zone.<\/p>\n<p>La voiture a provoqu\u00e9 la neutralisation de la voie rapide. Ce qui fait que la circulation a \u00e9t\u00e9 perturb\u00e9e sur plusieurs kilom\u00e8tres sur cette portion autorouti\u00e8re. On \u00e9tait en effet \u00e0 une heure de pointe. <strong>Depuis quelques minutes, la retenue s&rsquo;est r\u00e9sorb\u00e9e<\/strong>, laissant place \u00e0 un simple ralentissement. Les marins-pompiers n&rsquo;ont mis qu&rsquo;une vingtaine de minutes pour \u00e9vacuer le septuag\u00e9naire.<\/p>\n","protected":false},"excerpt":{"rendered":"Ce lundi vers 17h30 \u00e0 Marseille, un homme de 76 ans a fait un malaise \u00e0 bord de&hellip;\n","protected":false},"author":2,"featured_media":643325,"comment_status":"","ping_status":"","sticky":false,"template":"","format":"standard","meta":{"footnotes":""},"categories":[2814],"tags":[5734,1111,11,15738,4899,1777,674,21,1011,27,26158,33355,884,12,882,16,25,3356],"class_list":{"0":"post-643324","1":"post","2":"type-post","3":"status-publish","4":"format-standard","5":"has-post-thumbnail","7":"category-marseille","8":"tag-5734","9":"tag-actu","10":"tag-actualites","11":"tag-automobiliste","12":"tag-bouchon","13":"tag-eu","14":"tag-europe","15":"tag-fait","16":"tag-fr","17":"tag-france","18":"tag-la7","19":"tag-malaise","20":"tag-marseille","21":"tag-news","22":"tag-provence-alpes-cote-dazur","23":"tag-region","24":"tag-republique-francaise","25":"tag-sur"},"share_on_mastodon":{"url":"https:\/\/pubeurope.com\/@fr\/115844544207153938","error":""},"_links":{"self":[{"href":"https:\/\/www.europesays.com\/fr\/wp-json\/wp\/v2\/posts\/643324","targetHints":{"allow":["GET"]}}],"collection":[{"href":"https:\/\/www.europesays.com\/fr\/wp-json\/wp\/v2\/posts"}],"about":[{"href":"https:\/\/www.europesays.com\/fr\/wp-json\/wp\/v2\/types\/post"}],"author":[{"embeddable":true,"href":"https:\/\/www.europesays.com\/fr\/wp-json\/wp\/v2\/users\/2"}],"replies":[{"embeddable":true,"href":"https:\/\/www.europesays.com\/fr\/wp-json\/wp\/v2\/comments?post=643324"}],"version-history":[{"count":0,"href":"https:\/\/www.europesays.com\/fr\/wp-json\/wp\/v2\/posts\/643324\/revisions"}],"wp:featuredmedia":[{"embeddable":true,"href":"https:\/\/www.europesays.com\/fr\/wp-json\/wp\/v2\/media\/643325"}],"wp:attachment":[{"href":"https:\/\/www.europesays.com\/fr\/wp-json\/wp\/v2\/media?parent=643324"}],"wp:term":[{"taxonomy":"category","embeddable":true,"href":"https:\/\/www.europesays.com\/fr\/wp-json\/wp\/v2\/categories?post=643324"},{"taxonomy":"post_tag","embeddable":true,"href":"https:\/\/www.europesays.com\/fr\/wp-json\/wp\/v2\/tags?post=643324"}],"curies":[{"name":"wp","href":"https:\/\/api.w.org\/{rel}","templated":true}]}}