{"id":643329,"date":"2026-01-05T21:12:22","date_gmt":"2026-01-05T21:12:22","guid":{"rendered":"https:\/\/www.europesays.com\/fr\/643329\/"},"modified":"2026-01-05T21:12:22","modified_gmt":"2026-01-05T21:12:22","slug":"un-avion-transavia-paris-tunisie-deroute-durgence-a-lyon-de-la-fumee-dans-le-boeing","status":"publish","type":"post","link":"https:\/\/www.europesays.com\/fr\/643329\/","title":{"rendered":"Un avion Transavia Paris-Tunisie d\u00e9rout\u00e9 d&rsquo;urgence \u00e0 Lyon, de la fum\u00e9e dans le Boeing"},"content":{"rendered":"<p>                    Par<br \/>\n        <strong><br \/>\n            <a href=\"https:\/\/actu.fr\/auteur\/redaction-lyon\" title=\"Consulter tous les articles de R\u00e9daction Lyon\" target=\"_blank\" rel=\"noopener\">R\u00e9daction Lyon<\/a><br \/>\n                    <\/strong><\/p>\n<p>        Publi\u00e9 le<\/p>\n<p>            5 janv. 2026 \u00e0 18h30        <\/p>\n<p>Un <strong>vol Paris-Orly \u2013 Sfax-Thyna<\/strong> (Tunisie) de la compagnie fran\u00e7aise Transavia a \u00e9t\u00e9 d\u00e9rout\u00e9 d\u2019urgence vers l\u2019<a href=\"https:\/\/actu.fr\/tag\/aeroport-lyon-saint-exupery\" target=\"_blank\" rel=\"noopener\">a\u00e9roport de Lyon Saint-Exup\u00e9ry<\/a> ce lundi 5 janvier 2026 cette apr\u00e8s-midi, a appris actu Lyon, confirmant une information du <a href=\"https:\/\/c.leprogres.fr\/faits-divers-justice\/2026\/01\/05\/un-vol-transavia-entre-paris-et-la-tunisie-emet-un-signal-d-urgence-puis-atterrit-a-l-aeroport-de-lyon-saint-exupery?at_content=photo&amp;at_term=leprogres&amp;at_campaign=Facebook&amp;at_medium=Social&amp;at_source=nonli\" target=\"_blank\" rel=\"noopener\">Progr\u00e8s<\/a>.<\/p>\n<p class=\" wall-content\">Le Boeing 737 a \u00e9t\u00e9 d\u00e9rout\u00e9 d\u2019urgence alors qu\u2019il se trouvait dans le ciel au niveau de Saint-Etienne et a d\u00fb envoyer un signal d\u2019alerte en plein vol. Il a atterri d\u2019urgence sur le tarmac de l\u2019a\u00e9roport lyonnais. Il a \u00e9mis le code d\u2019urgence 7700.<\/p>\n<p class=\" wall-content\">\u00ab\u00a0Cette d\u00e9cision a \u00e9t\u00e9 prise conform\u00e9ment aux proc\u00e9dures du constructeur, aux consignes de la compagnie et en application du principe de pr\u00e9caution\u00a0\u00bb, confirme <a href=\"https:\/\/actu.fr\/tag\/transavia\" target=\"_blank\" rel=\"noopener\">Transavia<\/a>, filiale d\u2019Air France, ce lundi.<\/p>\n<p class=\" wall-content\">\n<p class=\" wall-content\">\n<p>Fum\u00e9e suspecte dans l\u2019avion<\/p>\n<p class=\" wall-content\">De la fum\u00e9e suspecte aurait \u00e9t\u00e9 signal\u00e9e dans l\u2019avion, une information confirm\u00e9e par les pompiers, ce qui a d\u00e9clench\u00e9 leur intervention sur la piste de l\u2019a\u00e9roport de Lyon. L\u2019incident a \u00e9t\u00e9 rapidement ma\u00eetris\u00e9 et n\u2019a pas fait de bless\u00e9.<\/p>\n<p class=\" wall-content\">Le vol aurait d\u00fb arriver \u00e0 17h25 ce lundi en Tunisie. Le vol a \u00e9t\u00e9 d\u00e9finitivement annul\u00e9 et report\u00e9 \u00e0 mardi. Les passagers vont devoir passer la nuit \u00e0 Lyon avant de repartir sur un nouveau vol demain.<\/p>\n<p class=\" wall-content\">Personnalisez votre actualit\u00e9 en ajoutant vos villes et m\u00e9dias en favori avec <a href=\"https:\/\/moncompte.actu.fr\" title=\"D\u00e9couvez Mon Actu\" rel=\"nofollow noopener\" data-trk=\"{&quot;cta&quot;:{&quot;action&quot;:&quot;https:\\\/\\\/moncompte.actu.fr&quot;,&quot;category&quot;:&quot;mon compte&quot;,&quot;from&quot;:&quot;article footer&quot;,&quot;name&quot;:&quot;Mon actu&quot;,&quot;type&quot;:&quot;cta&quot;}}\" target=\"_blank\">Mon Actu<\/a>.<\/p>\n","protected":false},"excerpt":{"rendered":"Par R\u00e9daction Lyon Publi\u00e9 le 5 janv. 2026 \u00e0 18h30 Un vol Paris-Orly \u2013 Sfax-Thyna (Tunisie) de la&hellip;\n","protected":false},"author":2,"featured_media":643330,"comment_status":"","ping_status":"","sticky":false,"template":"","format":"standard","meta":{"footnotes":""},"categories":[1889],"tags":[1111,11,12526,2430,1777,674,1011,27,2428,12,25,104,756],"class_list":{"0":"post-643329","1":"post","2":"type-post","3":"status-publish","4":"format-standard","5":"has-post-thumbnail","7":"category-lyon","8":"tag-actu","9":"tag-actualites","10":"tag-aeroport-lyon-saint-exupery","11":"tag-auvergne-rhone-alpes","12":"tag-eu","13":"tag-europe","14":"tag-fr","15":"tag-france","16":"tag-lyon","17":"tag-news","18":"tag-republique-francaise","19":"tag-societe","20":"tag-transavia"},"share_on_mastodon":{"url":"https:\/\/pubeurope.com\/@fr\/115844555911311070","error":""},"_links":{"self":[{"href":"https:\/\/www.europesays.com\/fr\/wp-json\/wp\/v2\/posts\/643329","targetHints":{"allow":["GET"]}}],"collection":[{"href":"https:\/\/www.europesays.com\/fr\/wp-json\/wp\/v2\/posts"}],"about":[{"href":"https:\/\/www.europesays.com\/fr\/wp-json\/wp\/v2\/types\/post"}],"author":[{"embeddable":true,"href":"https:\/\/www.europesays.com\/fr\/wp-json\/wp\/v2\/users\/2"}],"replies":[{"embeddable":true,"href":"https:\/\/www.europesays.com\/fr\/wp-json\/wp\/v2\/comments?post=643329"}],"version-history":[{"count":0,"href":"https:\/\/www.europesays.com\/fr\/wp-json\/wp\/v2\/posts\/643329\/revisions"}],"wp:featuredmedia":[{"embeddable":true,"href":"https:\/\/www.europesays.com\/fr\/wp-json\/wp\/v2\/media\/643330"}],"wp:attachment":[{"href":"https:\/\/www.europesays.com\/fr\/wp-json\/wp\/v2\/media?parent=643329"}],"wp:term":[{"taxonomy":"category","embeddable":true,"href":"https:\/\/www.europesays.com\/fr\/wp-json\/wp\/v2\/categories?post=643329"},{"taxonomy":"post_tag","embeddable":true,"href":"https:\/\/www.europesays.com\/fr\/wp-json\/wp\/v2\/tags?post=643329"}],"curies":[{"name":"wp","href":"https:\/\/api.w.org\/{rel}","templated":true}]}}