{"id":64333,"date":"2025-04-30T12:13:08","date_gmt":"2025-04-30T12:13:08","guid":{"rendered":"https:\/\/www.europesays.com\/fr\/64333\/"},"modified":"2025-04-30T12:13:08","modified_gmt":"2025-04-30T12:13:08","slug":"photographies-dechirees-murs-tagues-une-exposition-feministe-vandalisee-a-nimes","status":"publish","type":"post","link":"https:\/\/www.europesays.com\/fr\/64333\/","title":{"rendered":"Photographies d\u00e9chir\u00e9es, murs tagu\u00e9s&#8230; Une exposition f\u00e9ministe vandalis\u00e9e \u00e0 N\u00eemes"},"content":{"rendered":"<p>L\u2019exposition Benzine Cyprine, qui d\u00e9cline le th\u00e8me des gangs f\u00e9minins, a \u00e9t\u00e9 saccag\u00e9e dans la nuit du 25 au 26 avril, au Centre d\u2019art et de photographie NegPos.<\/p>\n<p class=\"fig-paragraph\">\u00ab\u00a0Je l\u2019interpr\u00e8te comme une attaque vis-\u00e0-vis de la femme telle que je la repr\u00e9sente.\u00a0\u00bb Sur les r\u00e9seaux sociaux, la photographe Kamille L\u00e9v\u00eaque J\u00e9go ne d\u00e9col\u00e8re pas. Son exposition Benzine Cyprine pr\u00e9sent\u00e9e Centre d\u2019art et de photographie NegPos<a href=\"http:\/\/www.lefigaro.fr\/sports\/tennis\/show-a-l-americaine-ambiance-de-corrida-intensite-on-a-vu-l-uts-dans-les-arenes-de-nimes-20250406\" target=\"_blank\" data-fig-type=\"NewsFlash\" rel=\"noopener\" data-gtm-custom-categorie=\"navigation\" data-gtm-custom-action=\"crossclick\" data-gtm-custom-label=\"Contextuel\" data-gtm-event=\"customEventSPE\" data-fig-domain=\"LEFIGARO\">\u00a0de N\u00eemes\u00a0<\/a>a \u00e9t\u00e9 vandalis\u00e9e dans la nuit du 25 au 26\u00a0avril. La nouvelle a \u00e9t\u00e9 relay\u00e9e par les m\u00e9dias locaux dont\u00a0<a href=\"https:\/\/www.midilibre.fr\/2025\/04\/28\/une-exposition-feministe-attaquee-et-detruite-a-nimes-cest-la-testosterone-masculine-qui-sest-mise-en-action-il-faut-se-lever-et-resister-12663738.php\" target=\"_blank\" rel=\"nofollow noopener\" data-gtm-custom-categorie=\"navigation\" data-gtm-custom-action=\"crossclick\" data-gtm-custom-label=\"Contextuel\" data-gtm-event=\"customEventSPE\">Midi Libre<\/a> .<\/p>\n<p class=\"fig-paragraph\">L\u2019exposition, qui devait se terminer le 13 juin, pr\u00e9sente des clich\u00e9s qui vont \u00e0 l\u2019encontre des \u00ab\u00a0figures mi\u00e8vres, complaisantes et hypersexu\u00e9es de la femme\u00a0\u00bb. Kamille L\u00e9v\u00eaque J\u00e9go s\u2019amuse \u00e0 d\u00e9tourner les codes des films de gangs, de bikers et de Quentin Tarantino, pour tourner en ridicule les st\u00e9r\u00e9otypes de \u00ab\u00a0femmes vuln\u00e9rables, infantiles et d\u00e9pr\u00e9ciables\u00a0\u00bb. Une photo met en sc\u00e8ne des femmes qui jettent un cocktail molotov sur un mur de briques. Sur une autre, un bagarre les oppose \u00e0 un groupe d\u2019hommes.<\/p>\n<p class=\"fig-paragraph\">Mais depuis ce week-end, \u00ab\u00a0l\u2019exposition est compl\u00e8tement d\u00e9truite\u00a0\u00bb, regrette Kamille L\u00e9v\u00eaque J\u00e9go sur les r\u00e9seaux sociaux. Les tirages, une trentaine, ont \u00e9t\u00e9 \u00abarrach\u00e9s des murs, pi\u00e9tin\u00e9s, graph\u00e9s et tagu\u00e9s de symboles phalliques\u00a0\u00bb. Les murs ont \u00e9galement \u00e9t\u00e9 saccag\u00e9s et certains cadres ab\u00eem\u00e9s. Certains tirages sont \u00e0 refaire, les murs sont \u00e0 repeindre et la sc\u00e9nographie doit \u00eatre r\u00e9organis\u00e9e. \u00ab\u00a0\u00c7a ne vole vraiment pas haut\u00a0\u00bb, d\u00e9plore la photographe. Les suspects auraient facilement pu s\u2019introduire dans les lieux moins s\u00e9curis\u00e9s depuis deux semaines, \u00e0 cause d\u2019un incendie ayant provoqu\u00e9 un court-circuit \u00e9lectrique, explique Patrice Loubon, pr\u00e9sident du Centre d\u2019Art \u00e0 Midi Libre. Ce n\u2019est par ailleurs pas la premi\u00e8re fois que des individus s\u2019introduisent dans la galerie. Le 17 avril, la fen\u00eatre avait \u00e9t\u00e9 enfonc\u00e9e et la porte de l\u2019atelier d\u00e9gond\u00e9.<\/p>\n<p class=\"fig-paragraph\">Deux plaintes ont \u00e9t\u00e9 d\u00e9pos\u00e9es\u00a0: une pour l\u2019incident du 17 avril et une autre pour le vandalisme de Benzine Cyprine. \u00ab\u00a0C\u2019est la testost\u00e9rone masculine qui s\u2019est mise en action et revendique l\u2019imposition du sexe m\u00e2le sur le f\u00e9minin, avec violence et m\u00e9diocrit\u00e9. C\u2019est horrible\u00a0\u00bb, d\u00e9plore Patrice Loubon. Il pr\u00e9cise qu\u2019ils n\u2019avaient jamais eu de menaces ou de quelconques probl\u00e8mes depuis le d\u00e9but de l\u2019exposition. \u00ab\u00a0On a eu beaucoup de visites. Les gens, pas forc\u00e9ment notre public habituel, ont ador\u00e9.\u00a0\u00bb Un tirage avait toutefois d\u00e9j\u00e0 \u00e9t\u00e9 vandalis\u00e9 lors de son exposition \u00e0 Toulouse, rappelle Kamille Lev\u00eaque Jego. \u00ab\u00a0Je pense que c\u2019\u00e9tait la r\u00e9action immature d\u2019un enfant ou d\u2019un jeune qui ne comprenait pas. Mais c\u2019est vrai que c\u2019\u00e9tait la seule photographie touch\u00e9e. Ce n\u2019est pas anodin.\u00a0\u00bb<\/p>\n<p>\u00ab\u00a0On va la refaire cette exposition\u00a0\u00bb<\/p>\n<p class=\"fig-paragraph\">L\u2019artiste se dit \u00ab\u00a0atterr\u00e9e par la b\u00eatise et la violence\u00a0\u00bb et ne compte pas en rester l\u00e0. \u00ab\u00a0On va la refaire cette exposition lorsque les questions d\u2019assurance seront r\u00e9gl\u00e9es\u00a0\u00bb, d\u00e9clare-t-elle sur les r\u00e9seaux sociaux. \u00ab\u00a0Cette attaque au lieu de m\u2019intimider finalement elle me conforte dans l\u2019importance du propos que j\u2019ai voulu mettre dans ce travail. Cela montre qu\u2019il y a une violence syst\u00e9matique quand il s\u2019agit de c\u00e9l\u00e9brer une vision de la femme qui n\u2019est pas soumise, qui ose s\u2019exprimer et qui ose se d\u00e9fendre. On ne va pas se laisser faire.\u00a0\u00bb<\/p>\n<p class=\"fig-paragraph\">La photographe et le pr\u00e9sident du Centre d\u2019art peuvent compter sur le soutien des \u00e9lus politiques de N\u00eemes. \u00ab\u00a0Les d\u00e9gradations qui ont lieu \u00e0 l\u2019encontre des \u0153uvres expos\u00e9es dans la galerie Negpos sont totalement condamnables. Elles t\u00e9moignent de l\u2019\u00e9troitesse d\u2019esprit du d\u00e9linquant qui a commis ce forfait, et, surtout de son imb\u00e9cilit\u00e9\u00bb, affirme dans un communiqu\u00e9 Daniel Jean-Valade, adjoint \u00e0 la Culture \u00e0 la ville de N\u00eemes.<\/p>\n<p class=\"fig-paragraph\">\u00ab\u00a0S\u2019en prendre \u00e0 des \u0153uvres d\u2019art r\u00e9v\u00e8le de la stupidit\u00e9 et d\u2019un esprit destructeur. Ce geste l\u2019est d\u2019autant plus que ces \u0153uvres racontaient la place de la Femme et les conditions de vie auxquelles elles se trouvent confront\u00e9es sur tous les continents. Les \u0153uvres d\u2019art sont l\u00e0 pour \u00eatre admir\u00e9es, pour \u00eatre interrog\u00e9es et pour susciter le d\u00e9bat, et c\u2019est en cela qu\u2019en s\u2019en prenant \u00e0 l\u2019art cet acte n\u2019a aucun sens. L\u2019art quel qu\u2019il soit, invite au libre arbitre mais jamais \u00e0 sa d\u00e9gradation\u00bb, r\u00e9agit de son c\u00f4t\u00e9 Franck Proust, pr\u00e9sident LR de N\u00eemes M\u00e9tropole dans une publication\u00a0<a href=\"https:\/\/www.facebook.com\/franckproust30\" target=\"_blank\" rel=\"nofollow noopener\" data-gtm-custom-categorie=\"navigation\" data-gtm-custom-action=\"crossclick\" data-gtm-custom-label=\"Contextuel\" data-gtm-event=\"customEventSPE\">Facebook.<\/a><\/p>\n","protected":false},"excerpt":{"rendered":"L\u2019exposition Benzine Cyprine, qui d\u00e9cline le th\u00e8me des gangs f\u00e9minins, a \u00e9t\u00e9 saccag\u00e9e dans la nuit du 25&hellip;\n","protected":false},"author":2,"featured_media":64334,"comment_status":"","ping_status":"","sticky":false,"template":"","format":"standard","meta":{"footnotes":""},"categories":[1358],"tags":[47,1350,1348,1384,1385,1345,650,251,1386,58,59,1349,16321,1346,1011,27,1351,873,2682,252,1347,1352],"class_list":{"0":"post-64333","1":"post","2":"type-post","3":"status-publish","4":"format-standard","5":"has-post-thumbnail","7":"category-arts-et-design","8":"tag-actualite","9":"tag-architecture","10":"tag-arts","11":"tag-arts-and-design","12":"tag-arts-et-design","13":"tag-cine","14":"tag-cinema","15":"tag-culture","16":"tag-design","17":"tag-divertissement","18":"tag-entertainment","19":"tag-expositions","20":"tag-feministe","21":"tag-films","22":"tag-fr","23":"tag-france","24":"tag-litterature","25":"tag-musique","26":"tag-nimes","27":"tag-television","28":"tag-theatre","29":"tag-urbanisme"},"share_on_mastodon":{"url":"https:\/\/pubeurope.com\/@fr\/114426858892618051","error":""},"_links":{"self":[{"href":"https:\/\/www.europesays.com\/fr\/wp-json\/wp\/v2\/posts\/64333","targetHints":{"allow":["GET"]}}],"collection":[{"href":"https:\/\/www.europesays.com\/fr\/wp-json\/wp\/v2\/posts"}],"about":[{"href":"https:\/\/www.europesays.com\/fr\/wp-json\/wp\/v2\/types\/post"}],"author":[{"embeddable":true,"href":"https:\/\/www.europesays.com\/fr\/wp-json\/wp\/v2\/users\/2"}],"replies":[{"embeddable":true,"href":"https:\/\/www.europesays.com\/fr\/wp-json\/wp\/v2\/comments?post=64333"}],"version-history":[{"count":0,"href":"https:\/\/www.europesays.com\/fr\/wp-json\/wp\/v2\/posts\/64333\/revisions"}],"wp:featuredmedia":[{"embeddable":true,"href":"https:\/\/www.europesays.com\/fr\/wp-json\/wp\/v2\/media\/64334"}],"wp:attachment":[{"href":"https:\/\/www.europesays.com\/fr\/wp-json\/wp\/v2\/media?parent=64333"}],"wp:term":[{"taxonomy":"category","embeddable":true,"href":"https:\/\/www.europesays.com\/fr\/wp-json\/wp\/v2\/categories?post=64333"},{"taxonomy":"post_tag","embeddable":true,"href":"https:\/\/www.europesays.com\/fr\/wp-json\/wp\/v2\/tags?post=64333"}],"curies":[{"name":"wp","href":"https:\/\/api.w.org\/{rel}","templated":true}]}}