{"id":643339,"date":"2026-01-05T21:18:13","date_gmt":"2026-01-05T21:18:13","guid":{"rendered":"https:\/\/www.europesays.com\/fr\/643339\/"},"modified":"2026-01-05T21:18:13","modified_gmt":"2026-01-05T21:18:13","slug":"videos-les-images-de-paris-sous-la-neige-peu-de-circulation-dans-la-capitale-et-pour-cause-plus-de-1-000-km-de-bouchons-tout-autour","status":"publish","type":"post","link":"https:\/\/www.europesays.com\/fr\/643339\/","title":{"rendered":"VID\u00c9OS. Les images de Paris sous la neige, peu de circulation dans la capitale et pour cause\u00a0: plus de 1\u00a0000\u00a0km de bouchons tout autour\u00a0!"},"content":{"rendered":"<p>\n                                                                La r\u00e9gion parisienne est en vigilance orange pour la neige et le verglas, qui ont sem\u00e9 la panique dans la circulation et les transports, ce lundi 5\u00a0janvier.\n                            <\/p>\n<p>La neige \u00e9tait attendue sur la capitale, et elle y a mis la zizanie\u00a0: \u00e0 Paris les transports de toutes sortes ne r\u00e9pondent presque plus. Toute la r\u00e9gion parisienne est plac\u00e9e en vigilance orange pour la neige et le verglas jusqu\u2019\u00e0 ce mardi 6\u00a0janvier \u00e0 10\u00a0heures.<\/p>\n<p>Ce lundi 5\u00a0janvier vers 17\u00a0heures, la couche de neige n\u2019\u00e9tait que de pr\u00e8s de 5\u00a0cm \u00e0 Paris, un peu plus dans certaines r\u00e9gions d\u2019\u00cele-de-France, mais cela a suffi pour mettre la panique dans tous les types de transports, <a href=\"https:\/\/www.leparisien.fr\/info-paris-ile-de-france-oise\/transports\/direct-neige-et-verglas-en-ile-de-france-une-sortie-de-la-rn118-fermee-a-la-circulation-pas-de-transports-scolaires-dans-les-yvelines-mardi-05-01-2026-TIKLBWVNJ5DK7KDAQG4Y2O7NCQ.php\" target=\"_self\" rel=\"noopener\">rel\u00e8ve Le Parisien<\/a>.<\/p>\n<\/p>\n<p>En \u00cele-de-France, les bouchons sur les routes et p\u00e9riph\u00e9riques ont atteint puis d\u00e9pass\u00e9 le millier de kilom\u00e8tres ce lundi peu avant 18\u00a0heures, 1\u00a0019 exactement, explosant le pr\u00e9c\u00e9dent record (739\u00a0km).<\/p>\n<\/p>\n<p>Dans la capitale, ceux qui voulaient s\u2019adonner aux joies de la glisse en ont eu tout leur content.<\/p>\n<\/p>\n<p>La circulation automobile intra muros \u00e9tait r\u00e9duite \u00e0 sa portion congrue. Tout comme les transports\u00a0: la circulation des bus de la RATP a \u00e9t\u00e9 interrompue et de fortes perturbations sont relev\u00e9es sur les lignes de RER. Des incidents sont \u00e9galement enregistr\u00e9s pour la circulation des rames de m\u00e9tro. Dans les a\u00e9roports parisiens (Orly et Roissy), les vols ont \u00e9t\u00e9 r\u00e9duits de 15\u00a0%.<\/p>\n<p>Ailleurs en \u00cele-de-France, la situation est identique. La circulation a des bus a \u00e9t\u00e9 interrompue \u00e0 Versailles dans les Yvelines et les transports scolaires interdits en Seine-et-Marne tout comme en Essonne pour la journ\u00e9e du mardi 6\u00a0janvier. Et ce ne sont pas les seuls exemples.<\/p>\n","protected":false},"excerpt":{"rendered":"La r\u00e9gion parisienne est en vigilance orange pour la neige et le verglas, qui ont sem\u00e9 la panique&hellip;\n","protected":false},"author":2,"featured_media":643340,"comment_status":"","ping_status":"","sticky":false,"template":"","format":"standard","meta":{"footnotes":""},"categories":[1888],"tags":[1111,11,69742,1777,674,1011,27,15882,12,626,69743,25],"class_list":{"0":"post-643339","1":"post","2":"type-post","3":"status-publish","4":"format-standard","5":"has-post-thumbnail","7":"category-paris","8":"tag-actu","9":"tag-actualites","10":"tag-bdv","11":"tag-eu","12":"tag-europe","13":"tag-fr","14":"tag-france","15":"tag-mu00e9tu00e9o","16":"tag-news","17":"tag-paris","18":"tag-parisidf","19":"tag-republique-francaise"},"share_on_mastodon":{"url":"https:\/\/pubeurope.com\/@fr\/115844579657183948","error":""},"_links":{"self":[{"href":"https:\/\/www.europesays.com\/fr\/wp-json\/wp\/v2\/posts\/643339","targetHints":{"allow":["GET"]}}],"collection":[{"href":"https:\/\/www.europesays.com\/fr\/wp-json\/wp\/v2\/posts"}],"about":[{"href":"https:\/\/www.europesays.com\/fr\/wp-json\/wp\/v2\/types\/post"}],"author":[{"embeddable":true,"href":"https:\/\/www.europesays.com\/fr\/wp-json\/wp\/v2\/users\/2"}],"replies":[{"embeddable":true,"href":"https:\/\/www.europesays.com\/fr\/wp-json\/wp\/v2\/comments?post=643339"}],"version-history":[{"count":0,"href":"https:\/\/www.europesays.com\/fr\/wp-json\/wp\/v2\/posts\/643339\/revisions"}],"wp:featuredmedia":[{"embeddable":true,"href":"https:\/\/www.europesays.com\/fr\/wp-json\/wp\/v2\/media\/643340"}],"wp:attachment":[{"href":"https:\/\/www.europesays.com\/fr\/wp-json\/wp\/v2\/media?parent=643339"}],"wp:term":[{"taxonomy":"category","embeddable":true,"href":"https:\/\/www.europesays.com\/fr\/wp-json\/wp\/v2\/categories?post=643339"},{"taxonomy":"post_tag","embeddable":true,"href":"https:\/\/www.europesays.com\/fr\/wp-json\/wp\/v2\/tags?post=643339"}],"curies":[{"name":"wp","href":"https:\/\/api.w.org\/{rel}","templated":true}]}}