{"id":643343,"date":"2026-01-05T21:20:15","date_gmt":"2026-01-05T21:20:15","guid":{"rendered":"https:\/\/www.europesays.com\/fr\/643343\/"},"modified":"2026-01-05T21:20:15","modified_gmt":"2026-01-05T21:20:15","slug":"emmanuel-macron-reunit-jeudi-les-chefs-de-partis-et-presidents-de-groupes-parlementaires-pour-parler-ukraine-et-garanties-de-securites-associees","status":"publish","type":"post","link":"https:\/\/www.europesays.com\/fr\/643343\/","title":{"rendered":"Emmanuel Macron r\u00e9unit jeudi les chefs de partis et pr\u00e9sidents de groupes parlementaires pour parler \u00ab\u00a0Ukraine et garanties de s\u00e9curit\u00e9s associ\u00e9es\u00a0\u00bb"},"content":{"rendered":"<p>Cette r\u00e9union intervient dans le prolongement de la r\u00e9union de la coalition des Volontaires demain \u00e0 Paris, \u00e0 l&rsquo;\u00c9lys\u00e9e.<\/p>\n<p>Le pr\u00e9sident de la R\u00e9publique Emmanuel Macron va r\u00e9unir jeudi 8 janvier \u00e0 17 heures \u00e0 l\u2019\u00c9lys\u00e9e les chefs de partis et pr\u00e9sidents de groupes repr\u00e9sent\u00e9s \u00e0 l\u2019Assembl\u00e9e nationale et au S\u00e9nat pour parler \u00ab\u00a0de l\u2019Ukraine et des garanties de s\u00e9curit\u00e9 associ\u00e9es\u00a0\u00bb, a appris BFMTV ce lundi 5 janvier.<\/p>\n<p>Sont \u00e9galement convi\u00e9s la pr\u00e9sidente de l\u2019Assembl\u00e9e nationale\u00a0Ya\u00ebl Braun-Pivet, le pr\u00e9sident du S\u00e9nat\u00a0G\u00e9rard Larcher et les pr\u00e9sidents de commissions parlementaires concern\u00e9es (D\u00e9fense, Affaires \u00e9trang\u00e8res et Affaires europ\u00e9ennes).<\/p>\n<p>Les \u00e9missaires de Donald Trump pr\u00e9sents \u00e0 Paris mardi<\/p>\n<p>Cette r\u00e9union intervient dans le prolongement de la r\u00e9union de la coalition des volontaires demain \u00e0 Paris, \u00e0 l&rsquo;\u00c9lys\u00e9e. Les \u00e9missaires de <a href=\"https:\/\/www.bfmtv.com\/international\/amerique-nord\/etats-unis\/guerre-en-ukraine-jared-kushner-et-steve-witkoff-presents-ce-mardi-a-paris-pour-une-reunion-des-allies-de-kiev_AN-202601050662.html\" title=\"Guerre en Ukraine: Jared Kushner et Steve Witkoff pr\u00e9sents ce mardi \u00e0 Paris pour une r\u00e9union des alli\u00e9s de Kiev\" class=\"internal_link\" target=\"_blank\" rel=\"noopener\">Donald Trump, Steve Witkoff et Jared Kushner, seront sur place<\/a> mardi pour l&rsquo;occasion.<\/p>\n<blockquote class=\"embed embed_quote\"><p>\u00ab\u00a0Ce sera la premi\u00e8re fois demain que les Am\u00e9ricains participeront en pr\u00e9sentiel \u00e0 la coalition des Volontaires\u00a0\u00bb, a d\u00e9taill\u00e9 la pr\u00e9sidence fran\u00e7aise.<\/p><\/blockquote>\n<p>Ce sommet de la \u00ab\u00a0coalition des volontaires\u00a0\u00bb, qui r\u00e9unira 35 pays, vise \u00e0 afficher la \u00ab\u00a0convergence\u00a0\u00bb entre les \u00c9tats-Unis, les Europ\u00e9ens et l&rsquo;Ukraine sur les garanties de s\u00e9curit\u00e9 et \u00e0 pr\u00e9ciser les contours d&rsquo;une \u00ab\u00a0force multinationale\u00a0\u00bb, en cas d&rsquo;accord de paix avec Moscou.<\/p>\n","protected":false},"excerpt":{"rendered":"Cette r\u00e9union intervient dans le prolongement de la r\u00e9union de la coalition des Volontaires demain \u00e0 Paris, \u00e0&hellip;\n","protected":false},"author":2,"featured_media":643344,"comment_status":"","ping_status":"","sticky":false,"template":"","format":"standard","meta":{"footnotes":""},"categories":[1590],"tags":[11,1777,674,12,220],"class_list":{"0":"post-643343","1":"post","2":"type-post","3":"status-publish","4":"format-standard","5":"has-post-thumbnail","7":"category-ukraine","8":"tag-actualites","9":"tag-eu","10":"tag-europe","11":"tag-news","12":"tag-ukraine"},"share_on_mastodon":{"url":"https:\/\/pubeurope.com\/@fr\/115844587546261660","error":""},"_links":{"self":[{"href":"https:\/\/www.europesays.com\/fr\/wp-json\/wp\/v2\/posts\/643343","targetHints":{"allow":["GET"]}}],"collection":[{"href":"https:\/\/www.europesays.com\/fr\/wp-json\/wp\/v2\/posts"}],"about":[{"href":"https:\/\/www.europesays.com\/fr\/wp-json\/wp\/v2\/types\/post"}],"author":[{"embeddable":true,"href":"https:\/\/www.europesays.com\/fr\/wp-json\/wp\/v2\/users\/2"}],"replies":[{"embeddable":true,"href":"https:\/\/www.europesays.com\/fr\/wp-json\/wp\/v2\/comments?post=643343"}],"version-history":[{"count":0,"href":"https:\/\/www.europesays.com\/fr\/wp-json\/wp\/v2\/posts\/643343\/revisions"}],"wp:featuredmedia":[{"embeddable":true,"href":"https:\/\/www.europesays.com\/fr\/wp-json\/wp\/v2\/media\/643344"}],"wp:attachment":[{"href":"https:\/\/www.europesays.com\/fr\/wp-json\/wp\/v2\/media?parent=643343"}],"wp:term":[{"taxonomy":"category","embeddable":true,"href":"https:\/\/www.europesays.com\/fr\/wp-json\/wp\/v2\/categories?post=643343"},{"taxonomy":"post_tag","embeddable":true,"href":"https:\/\/www.europesays.com\/fr\/wp-json\/wp\/v2\/tags?post=643343"}],"curies":[{"name":"wp","href":"https:\/\/api.w.org\/{rel}","templated":true}]}}